{"id":17332,"date":"2023-07-01T05:44:39","date_gmt":"2023-07-01T08:44:39","guid":{"rendered":"https:\/\/noticiasnoface.com.br\/?p=17332"},"modified":"2023-07-01T05:44:40","modified_gmt":"2023-07-01T08:44:40","slug":"menina-raptada-por-pedofilo-conta-como-aconteceu-veja-video","status":"publish","type":"post","link":"https:\/\/noticiasnoface.com.br\/index.php\/2023\/07\/01\/menina-raptada-por-pedofilo-conta-como-aconteceu-veja-video\/","title":{"rendered":"Menina raptada por ped\u00f3filo conta como aconteceu, VEJA V\u00cdDEO"},"content":{"rendered":"\n<figure class=\"wp-block-image size-large\"><img data-opt-id=1620191489  fetchpriority=\"high\" decoding=\"async\" width=\"1024\" height=\"684\" src=\"https:\/\/mlbfrsat7ahr.i.optimole.com\/w:1024\/h:684\/q:mauto\/ig:avif\/https:\/\/noticiasnoface.com.br\/wp-content\/uploads\/2023\/07\/photo-output.jpg\" class=\"wp-image-17330\" srcset=\"https:\/\/mlbfrsat7ahr.i.optimole.com\/w:1024\/h:684\/q:mauto\/ig:avif\/https:\/\/noticiasnoface.com.br\/wp-content\/uploads\/2023\/07\/photo-output.jpg 1024w, https:\/\/mlbfrsat7ahr.i.optimole.com\/w:300\/h:200\/q:mauto\/ig:avif\/https:\/\/noticiasnoface.com.br\/wp-content\/uploads\/2023\/07\/photo-output.jpg 300w, https:\/\/mlbfrsat7ahr.i.optimole.com\/w:768\/h:513\/q:mauto\/ig:avif\/https:\/\/noticiasnoface.com.br\/wp-content\/uploads\/2023\/07\/photo-output.jpg 768w, https:\/\/mlbfrsat7ahr.i.optimole.com\/w:1536\/h:1025\/q:mauto\/ig:avif\/https:\/\/noticiasnoface.com.br\/wp-content\/uploads\/2023\/07\/photo-output.jpg 1536w, https:\/\/mlbfrsat7ahr.i.optimole.com\/w:1618\/h:1080\/q:mauto\/ig:avif\/https:\/\/noticiasnoface.com.br\/wp-content\/uploads\/2023\/07\/photo-output.jpg 2048w\" sizes=\"(max-width: 1000px) 100vw, 1000px\" \/><figcaption class=\"wp-element-caption\">V\u00eddeo: menina de 12 anos conta como foi raptada e colocada em mala por ped\u00f3filo<br>V\u00eddeo mostra o momento em que a menina foi regatada no apartamento do principal suspeito do sequestro e abuso sexual<br><strong><a class=\"byline\" href=\"https:\/\/www.metropoles.com\/author\/jonatas-martins?amp\" target=\"_blank\" rel=\"noopener\">Jonatas Martins <\/a><\/strong><br><img data-opt-id=815576021  fetchpriority=\"high\" decoding=\"async\" src=\"https:\/\/uploads.metropoles.com\/wp-content\/uploads\/2023\/06\/29123613\/Garota-de-12-anos-e-resgatada-de-apartamento-de-suspeito-algemada-em-cama-1024x683.jpeg\" alt=\"\" srcset=\"https:\/\/uploads.metropoles.com\/wp-content\/uploads\/2023\/06\/29123613\/Garota-de-12-anos-e-resgatada-de-apartamento-de-suspeito-algemada-em-cama-1024x683.jpeg 1024w, https:\/\/uploads.metropoles.com\/wp-content\/uploads\/2023\/06\/29123613\/Garota-de-12-anos-e-resgatada-de-apartamento-de-suspeito-algemada-em-cama-300x200.jpeg 300w, https:\/\/uploads.metropoles.com\/wp-content\/uploads\/2023\/06\/29123613\/Garota-de-12-anos-e-resgatada-de-apartamento-de-suspeito-algemada-em-cama.jpeg 1200w, https:\/\/uploads.metropoles.com\/wp-content\/uploads\/2023\/06\/29123613\/Garota-de-12-anos-e-resgatada-de-apartamento-de-suspeito-algemada-em-cama-960x640.jpeg 960w, https:\/\/uploads.metropoles.com\/wp-content\/uploads\/2023\/06\/29123613\/Garota-de-12-anos-e-resgatada-de-apartamento-de-suspeito-algemada-em-cama-600x400.jpeg 600w, https:\/\/uploads.metropoles.com\/wp-content\/uploads\/2023\/06\/29123613\/Garota-de-12-anos-e-resgatada-de-apartamento-de-suspeito-algemada-em-cama-450x300.jpeg 450w, https:\/\/uploads.metropoles.com\/wp-content\/uploads\/2023\/06\/29123613\/Garota-de-12-anos-e-resgatada-de-apartamento-de-suspeito-algemada-em-cama-120x80.jpeg 120w, https:\/\/uploads.metropoles.com\/wp-content\/uploads\/2023\/06\/29123613\/Garota-de-12-anos-e-resgatada-de-apartamento-de-suspeito-algemada-em-cama-70x47.jpeg 70w, https:\/\/uploads.metropoles.com\/wp-content\/uploads\/2023\/06\/29123613\/Garota-de-12-anos-e-resgatada-de-apartamento-de-suspeito-algemada-em-cama-150x100.jpeg 150w\" class=\"extendsBeyondTextColumn\"><br>Um v\u00eddeo mostra o momento em que a <a href=\"https:\/\/www.metropoles.com\/distrito-federal\/menina-de-12-anos-e-sequestrada-estuprada-e-mantida-refem-em-apartamento-na-asa-norte?amp\" target=\"_blank\" rel=\"noreferrer noopener\">menina de 12 anos, v\u00edtima de sequestro e abusos sexuais,<\/a> foi regatada no apartamento do principal suspeito, <a href=\"https:\/\/www.metropoles.com\/distrito-federal\/homem-que-raptou-menina-de-12-anos-fez-postagem-contra-pedofilia?amp\" target=\"_blank\" rel=\"noreferrer noopener\">Daniel Moraes Bittar, 42 anos.<\/a> A garota vivia no Jardim Ing\u00e1, no Entorno do DF, e foi levada at\u00e9 a resid\u00eancia do criminoso, na Asa Norte, dentro de uma mala.<br><em>Aten\u00e7\u00e3o. Esta mat\u00e9ria indica informa\u00e7\u00f5es sobre situa\u00e7\u00f5es de viol\u00eancia f\u00edsica e sexual sofrida por menores de idade. O conte\u00fado pode ser sens\u00edvel para algumas pessoas e gerar gatilhos psicol\u00f3gicos. <\/em><br>O v\u00eddeo foi compartilhado com a autoriza\u00e7\u00e3o de familiares e mantendo o anonimato da v\u00edtima. Nele, a menina conta que a porta de tr\u00e1s do carro estava aberta. <a href=\"https:\/\/www.metropoles.com\/distrito-federal\/homem-que-raptou-menina-de-12-anos-fez-postagem-contra-pedofilia?amp\" target=\"_blank\" rel=\"noreferrer noopener\">\u201cEle (o suspeito) pegou e me colocou l\u00e1 dentro do carro, l\u00e1 atr\u00e1s<\/a>. A mo\u00e7a pegou um pano e colocou na minha boca. Eu tentei me mexer s\u00f3 que n\u00e3o consegui\u201d, conta.<br><strong>1<\/strong>\/7<br><br>A v\u00edtima tamb\u00e9m menciona que foi tocada nas partes \u00edntimas e que seu bra\u00e7o, com les\u00f5es roxas, estava doendo. Na grava\u00e7\u00e3o, a crian\u00e7a tamb\u00e9m nega ter bebido algum rem\u00e9dio.<br><strong>Veja o v\u00eddeo:<\/strong><br><br>Sequestro da menina<br><br>Por volta as 18h, um tio da v\u00edtima que trabalha na PMGO acionou o Servi\u00e7o de Intelig\u00eancia da corpora\u00e7\u00e3o e passou a refazer os caminhos da menina, desde que saiu da escola. Perto da casa da fam\u00edlia da crian\u00e7a, as equipes policiais encontraram c\u00e2meras de seguran\u00e7a que mostraram o ve\u00edculo descrito por testemunhas como o usado por Daniel.<br><br>Policiais do 20\u00ba Batalh\u00e3o da PMGO, em Valpara\u00edso (GO), comunicaram o caso \u00e0 Pol\u00edcia Militar do Distrito Federal (PMDF), que ajudou a identificar o endere\u00e7o dos criminosos, por meio da placa do ve\u00edculo.<br>No local descoberto, os militares das duas unidades da Federa\u00e7\u00e3o subiram ao apartamento do suspeito, que atendeu \u00e0 porta de cueca. Ap\u00f3s ser questionado sobre o carro e de quem seria uma mochila encontrada no ve\u00edculo dele, o suspeito confessou ter sequestrado a garota.<br><br>A menina de 12 anos foi encontrada algemada pelos p\u00e9s, deitada em uma cama, no apartamento de Daniel, que trabalhava como analista de tecnologia da informa\u00e7\u00e3o (TI) no Banco Regional de Bras\u00edlia (BRB) e escritor. A <a href=\"https:\/\/www.pm.go.gov.br\/\" target=\"_blank\" rel=\"noreferrer noopener\">PMGO<\/a> informou que a v\u00edtima foi encontrada consciente, mas abalada, bastante machucada, com sinais de viol\u00eancia sexual e que ela precisou ser levada ao hospital, para receber atendimento.<br>A crian\u00e7a revelou que o criminoso a molestou, tocou-lhe as partes \u00edntimas e a obrigou a acariciar os \u00f3rg\u00e3os genitais dele, enquanto era filmada. A grava\u00e7\u00e3o teria sido enviada para Gesiely de Sousa Vieira, 22, segundo a pol\u00edcia. Ela est\u00e1 presa por suspeita de ajudar no rapto da v\u00edtima.<br>Em nota, o BRB disse que \u201crepudia veementemente todas as pr\u00e1ticas criminosas, especialmente as de cunho sexual e contra menores\u201d: \u201cO Banco informa, ainda, que ao tomar conhecimento da pris\u00e3o do empregado, adotou todas as medidas administrativas e atuar\u00e1 sob o rigor da lei\u201d. Ao <strong>Metr\u00f3poles<\/strong>, o presidente BRB, Paulo Henrique Costa, disse que o servidor preso por sequestrar e estuprar crian\u00e7a de 12 anos ser\u00e1 demitido imediatamente.<\/figcaption><\/figure>\n\n\n\n<figure class=\"wp-block-video\"><video height=\"1278\" style=\"aspect-ratio: 720 \/ 1278;\" width=\"720\" controls src=\"https:\/\/noticiasnoface.com.br\/wp-content\/uploads\/2023\/07\/twidown.mp4\"><\/video><figcaption class=\"wp-element-caption\">Menina reptada por ped\u00f3filo conta como aconteceu <\/figcaption><\/figure>\n\n\n\n<p><\/p>\n","protected":false},"excerpt":{"rendered":"","protected":false},"author":1,"featured_media":0,"comment_status":"open","ping_status":"open","sticky":false,"template":"","format":"standard","meta":{"site-sidebar-layout":"default","site-content-layout":"","ast-site-content-layout":"default","site-content-style":"default","site-sidebar-style":"default","ast-global-header-display":"","ast-banner-title-visibility":"","ast-main-header-display":"","ast-hfb-above-header-display":"","ast-hfb-below-header-display":"","ast-hfb-mobile-header-display":"","site-post-title":"","ast-breadcrumbs-content":"","ast-featured-img":"","footer-sml-layout":"","ast-disable-related-posts":"","theme-transparent-header-meta":"","adv-header-id-meta":"","stick-header-meta":"","header-above-stick-meta":"","header-main-stick-meta":"","header-below-stick-meta":"","astra-migrate-meta-layouts":"default","ast-page-background-enabled":"default","ast-page-background-meta":{"desktop":{"background-color":"var(--ast-global-color-4)","background-image":"","background-repeat":"repeat","background-position":"center center","background-size":"auto","background-attachment":"scroll","background-type":"","background-media":"","overlay-type":"","overlay-color":"","overlay-opacity":"","overlay-gradient":""},"tablet":{"background-color":"","background-image":"","background-repeat":"repeat","background-position":"center center","background-size":"auto","background-attachment":"scroll","background-type":"","background-media":"","overlay-type":"","overlay-color":"","overlay-opacity":"","overlay-gradient":""},"mobile":{"background-color":"","background-image":"","background-repeat":"repeat","background-position":"center center","background-size":"auto","background-attachment":"scroll","background-type":"","background-media":"","overlay-type":"","overlay-color":"","overlay-opacity":"","overlay-gradient":""}},"ast-content-background-meta":{"desktop":{"background-color":"var(--ast-global-color-5)","background-image":"","background-repeat":"repeat","background-position":"center center","background-size":"auto","background-attachment":"scroll","background-type":"","background-media":"","overlay-type":"","overlay-color":"","overlay-opacity":"","overlay-gradient":""},"tablet":{"background-color":"var(--ast-global-color-5)","background-image":"","background-repeat":"repeat","background-position":"center center","background-size":"auto","background-attachment":"scroll","background-type":"","background-media":"","overlay-type":"","overlay-color":"","overlay-opacity":"","overlay-gradient":""},"mobile":{"background-color":"var(--ast-global-color-5)","background-image":"","background-repeat":"repeat","background-position":"center center","background-size":"auto","background-attachment":"scroll","background-type":"","background-media":"","overlay-type":"","overlay-color":"","overlay-opacity":"","overlay-gradient":""}},"footnotes":""},"categories":[517],"tags":[766,3126,22,3127],"class_list":["post-17332","post","type-post","status-publish","format-standard","hentry","category-aconteceu","tag-menina","tag-menina-raptada","tag-noticias-no-face","tag-pedofilo"],"_links":{"self":[{"href":"https:\/\/noticiasnoface.com.br\/index.php\/wp-json\/wp\/v2\/posts\/17332","targetHints":{"allow":["GET"]}}],"collection":[{"href":"https:\/\/noticiasnoface.com.br\/index.php\/wp-json\/wp\/v2\/posts"}],"about":[{"href":"https:\/\/noticiasnoface.com.br\/index.php\/wp-json\/wp\/v2\/types\/post"}],"author":[{"embeddable":true,"href":"https:\/\/noticiasnoface.com.br\/index.php\/wp-json\/wp\/v2\/users\/1"}],"replies":[{"embeddable":true,"href":"https:\/\/noticiasnoface.com.br\/index.php\/wp-json\/wp\/v2\/comments?post=17332"}],"version-history":[{"count":1,"href":"https:\/\/noticiasnoface.com.br\/index.php\/wp-json\/wp\/v2\/posts\/17332\/revisions"}],"predecessor-version":[{"id":17333,"href":"https:\/\/noticiasnoface.com.br\/index.php\/wp-json\/wp\/v2\/posts\/17332\/revisions\/17333"}],"wp:attachment":[{"href":"https:\/\/noticiasnoface.com.br\/index.php\/wp-json\/wp\/v2\/media?parent=17332"}],"wp:term":[{"taxonomy":"category","embeddable":true,"href":"https:\/\/noticiasnoface.com.br\/index.php\/wp-json\/wp\/v2\/categories?post=17332"},{"taxonomy":"post_tag","embeddable":true,"href":"https:\/\/noticiasnoface.com.br\/index.php\/wp-json\/wp\/v2\/tags?post=17332"}],"curies":[{"name":"wp","href":"https:\/\/api.w.org\/{rel}","templated":true}]}}