{"id":17335,"date":"2023-07-01T07:59:13","date_gmt":"2023-07-01T10:59:13","guid":{"rendered":"https:\/\/noticiasnoface.com.br\/?p=17335"},"modified":"2023-07-01T07:59:14","modified_gmt":"2023-07-01T10:59:14","slug":"michele-e-inexperiente-tarcisio-ja-e-politico-diz-bolsonaro","status":"publish","type":"post","link":"https:\/\/noticiasnoface.com.br\/index.php\/2023\/07\/01\/michele-e-inexperiente-tarcisio-ja-e-politico-diz-bolsonaro\/","title":{"rendered":"\u201cMichele \u00e9 inexperiente, Tarc\u00edsio j\u00e1 \u00e9 pol\u00edtico\u201d diz Bolsonaro"},"content":{"rendered":"\n<figure class=\"wp-block-image size-large\"><img data-opt-id=145424579  fetchpriority=\"high\" decoding=\"async\" width=\"1022\" height=\"1024\" src=\"https:\/\/mlbfrsat7ahr.i.optimole.com\/w:1022\/h:1024\/q:mauto\/ig:avif\/https:\/\/noticiasnoface.com.br\/wp-content\/uploads\/2023\/07\/photo-output-1.jpg\" class=\"wp-image-17334\" srcset=\"https:\/\/mlbfrsat7ahr.i.optimole.com\/w:1022\/h:1024\/q:mauto\/ig:avif\/https:\/\/noticiasnoface.com.br\/wp-content\/uploads\/2023\/07\/photo-output-1.jpg 1022w, https:\/\/mlbfrsat7ahr.i.optimole.com\/w:300\/h:300\/q:mauto\/ig:avif\/https:\/\/noticiasnoface.com.br\/wp-content\/uploads\/2023\/07\/photo-output-1.jpg 300w, https:\/\/mlbfrsat7ahr.i.optimole.com\/w:150\/h:150\/q:mauto\/ig:avif\/https:\/\/noticiasnoface.com.br\/wp-content\/uploads\/2023\/07\/photo-output-1.jpg 150w, https:\/\/mlbfrsat7ahr.i.optimole.com\/w:768\/h:770\/q:mauto\/ig:avif\/https:\/\/noticiasnoface.com.br\/wp-content\/uploads\/2023\/07\/photo-output-1.jpg 768w, https:\/\/mlbfrsat7ahr.i.optimole.com\/w:1077\/h:1080\/q:mauto\/ig:avif\/https:\/\/noticiasnoface.com.br\/wp-content\/uploads\/2023\/07\/photo-output-1.jpg 1532w, https:\/\/mlbfrsat7ahr.i.optimole.com\/w:600\/h:600\/q:mauto\/ig:avif\/https:\/\/noticiasnoface.com.br\/wp-content\/uploads\/2023\/07\/photo-output-1.jpg 600w, https:\/\/mlbfrsat7ahr.i.optimole.com\/w:1077\/h:1080\/q:mauto\/ig:avif\/https:\/\/noticiasnoface.com.br\/wp-content\/uploads\/2023\/07\/photo-output-1.jpg 2043w\" sizes=\"(max-width: 1000px) 100vw, 1000px\" \/><figcaption class=\"wp-element-caption\">Ineleg\u00edvel pelo TSE: Bolsonaro diz que Michelle \u00e9 inexperiente para a pol\u00edtica<br>Ap\u00f3s ficar <a href=\"https:\/\/istoe.com.br\/bolsonaro-inelegivel-tse-forma-maioria-para-suspender-direitos-politicos-do-ex-presidente-por-8-anos-2\/\" target=\"_blank\" rel=\"noopener\">ineleg\u00edvel por oito anos por decis\u00e3o do Tribunal Superior Eleitoral (TSE)<\/a>, o ex-presidente<strong> Jair Bolsonaro<\/strong> (PL) afirmou que a esposa, <strong>Michelle Bolsonaro<\/strong> (PL), ainda \u00e9 inexperiente para a pol\u00edtica.<br>\u201cEla (Michelle) n\u00e3o tem experi\u00eancia para enfrentar o dia a dia de uma pol\u00edtica bastante violenta com um sistema bastante ativo no Brasil, Tarc\u00edsio j\u00e1 est\u00e1 dentro, j\u00e1 \u00e9 pol\u00edtico\u201d, disse Bolsonaro na noite desta sexta-feira, 30, ao chegar em Bras\u00edlia.<br>Nas elei\u00e7\u00f5es de 2022, Michelle agiu como cabo eleitoral do ex-presidente, especialmente em com\u00edcios evang\u00e9licos. O desempenho dela chamou a aten\u00e7\u00e3o de lideran\u00e7as partid\u00e1rias do PL, que pensam nela como uma poss\u00edvel candidata \u00e0 Presid\u00eancia em 2026.<br>O ex-presidente desembarcou na capital federal, ap\u00f3s cumprir agenda em Belo Horizonte. Em Minas Gerais, Bolsonaro disse que a decis\u00e3o do TSE que o tornou ineleg\u00edvel por 5 votos a 2, foi uma \u201cpunhalada nas costas\u201d.<br>Em Bras\u00edlia, Bolsonaro fez ataques ao PT, \u00e0 esquerda, defendeu o voto impresso e seguiu o mesmo roteiro de falas nos \u00faltimos dias. \u201cOs Tr\u00eas Poderes tem amor pelo Lula\u201d, afirmou Bolsonaro.<br>O ex-presidente foi recebido por quatro apoiadores no aeroporto e fez imagens com eles. \u201cL\u00e1 vai o imbroch\u00e1vel\u201d, disse um deles, que fazia um v\u00eddeo no telefone. O carro de Bolsonaro falhou por algumas vezes na igni\u00e7\u00e3o antes de partir.<br>Agora, o ex-presidente espera \u201cn\u00e3o fazer nada no final de semana\u201d. Ele evitou especular nomes de sucessores e disse que ainda espera que \u201cJohnny Bravo\u201d \u2013 ele, no caso \u2013 seja candidato em 2026.<br><strong>Julgamento no TSE<\/strong><br>O Tribunal Superior Eleitoral formou um placar de 5 votos a 2 para enquadrar o ex-chefe do Executivo por abuso de poder pol\u00edtico e uso indevido dos meios de comunica\u00e7\u00e3o em raz\u00e3o da reuni\u00e3o em que atacou as urnas eletr\u00f4nicas diante de diplomatas no ano passado, no per\u00edodo pr\u00e9-eleitoral.<\/figcaption><\/figure>\n","protected":false},"excerpt":{"rendered":"","protected":false},"author":1,"featured_media":0,"comment_status":"open","ping_status":"open","sticky":false,"template":"","format":"standard","meta":{"site-sidebar-layout":"default","site-content-layout":"","ast-site-content-layout":"default","site-content-style":"default","site-sidebar-style":"default","ast-global-header-display":"","ast-banner-title-visibility":"","ast-main-header-display":"","ast-hfb-above-header-display":"","ast-hfb-below-header-display":"","ast-hfb-mobile-header-display":"","site-post-title":"","ast-breadcrumbs-content":"","ast-featured-img":"","footer-sml-layout":"","ast-disable-related-posts":"","theme-transparent-header-meta":"","adv-header-id-meta":"","stick-header-meta":"","header-above-stick-meta":"","header-main-stick-meta":"","header-below-stick-meta":"","astra-migrate-meta-layouts":"default","ast-page-background-enabled":"default","ast-page-background-meta":{"desktop":{"background-color":"var(--ast-global-color-4)","background-image":"","background-repeat":"repeat","background-position":"center center","background-size":"auto","background-attachment":"scroll","background-type":"","background-media":"","overlay-type":"","overlay-color":"","overlay-opacity":"","overlay-gradient":""},"tablet":{"background-color":"","background-image":"","background-repeat":"repeat","background-position":"center center","background-size":"auto","background-attachment":"scroll","background-type":"","background-media":"","overlay-type":"","overlay-color":"","overlay-opacity":"","overlay-gradient":""},"mobile":{"background-color":"","background-image":"","background-repeat":"repeat","background-position":"center center","background-size":"auto","background-attachment":"scroll","background-type":"","background-media":"","overlay-type":"","overlay-color":"","overlay-opacity":"","overlay-gradient":""}},"ast-content-background-meta":{"desktop":{"background-color":"var(--ast-global-color-5)","background-image":"","background-repeat":"repeat","background-position":"center center","background-size":"auto","background-attachment":"scroll","background-type":"","background-media":"","overlay-type":"","overlay-color":"","overlay-opacity":"","overlay-gradient":""},"tablet":{"background-color":"var(--ast-global-color-5)","background-image":"","background-repeat":"repeat","background-position":"center center","background-size":"auto","background-attachment":"scroll","background-type":"","background-media":"","overlay-type":"","overlay-color":"","overlay-opacity":"","overlay-gradient":""},"mobile":{"background-color":"var(--ast-global-color-5)","background-image":"","background-repeat":"repeat","background-position":"center center","background-size":"auto","background-attachment":"scroll","background-type":"","background-media":"","overlay-type":"","overlay-color":"","overlay-opacity":"","overlay-gradient":""}},"footnotes":""},"categories":[517],"tags":[3124,1112,1111,2236,50,3128],"class_list":["post-17335","post","type-post","status-publish","format-standard","hentry","category-aconteceu","tag-bolsonaro-inelegivel","tag-michele","tag-michelle-bolsonaro","tag-noticas-no-face","tag-noticias-do-face","tag-presidente-tarcisio"],"_links":{"self":[{"href":"https:\/\/noticiasnoface.com.br\/index.php\/wp-json\/wp\/v2\/posts\/17335","targetHints":{"allow":["GET"]}}],"collection":[{"href":"https:\/\/noticiasnoface.com.br\/index.php\/wp-json\/wp\/v2\/posts"}],"about":[{"href":"https:\/\/noticiasnoface.com.br\/index.php\/wp-json\/wp\/v2\/types\/post"}],"author":[{"embeddable":true,"href":"https:\/\/noticiasnoface.com.br\/index.php\/wp-json\/wp\/v2\/users\/1"}],"replies":[{"embeddable":true,"href":"https:\/\/noticiasnoface.com.br\/index.php\/wp-json\/wp\/v2\/comments?post=17335"}],"version-history":[{"count":1,"href":"https:\/\/noticiasnoface.com.br\/index.php\/wp-json\/wp\/v2\/posts\/17335\/revisions"}],"predecessor-version":[{"id":17336,"href":"https:\/\/noticiasnoface.com.br\/index.php\/wp-json\/wp\/v2\/posts\/17335\/revisions\/17336"}],"wp:attachment":[{"href":"https:\/\/noticiasnoface.com.br\/index.php\/wp-json\/wp\/v2\/media?parent=17335"}],"wp:term":[{"taxonomy":"category","embeddable":true,"href":"https:\/\/noticiasnoface.com.br\/index.php\/wp-json\/wp\/v2\/categories?post=17335"},{"taxonomy":"post_tag","embeddable":true,"href":"https:\/\/noticiasnoface.com.br\/index.php\/wp-json\/wp\/v2\/tags?post=17335"}],"curies":[{"name":"wp","href":"https:\/\/api.w.org\/{rel}","templated":true}]}}