{"id":17338,"date":"2023-07-01T10:58:13","date_gmt":"2023-07-01T13:58:13","guid":{"rendered":"https:\/\/noticiasnoface.com.br\/?p=17338"},"modified":"2023-07-01T10:58:14","modified_gmt":"2023-07-01T13:58:14","slug":"styvenson-e-o-maior-lider-do-partido-diz-novo-presidente-do-podemos","status":"publish","type":"post","link":"https:\/\/noticiasnoface.com.br\/index.php\/2023\/07\/01\/styvenson-e-o-maior-lider-do-partido-diz-novo-presidente-do-podemos\/","title":{"rendered":"\u201cSTYVENSON \u00e9 o maior l\u00edder do Partido\u201d diz novo Presidente do PODEMOS"},"content":{"rendered":"\n<figure class=\"wp-block-image size-large\"><img data-opt-id=827072086  fetchpriority=\"high\" decoding=\"async\" width=\"819\" height=\"1024\" src=\"https:\/\/mlbfrsat7ahr.i.optimole.com\/w:819\/h:1024\/q:mauto\/ig:avif\/https:\/\/noticiasnoface.com.br\/wp-content\/uploads\/2023\/07\/f82e034e-aafa-4b6e-9751-38b324e5720d.jpg\" class=\"wp-image-17337\" srcset=\"https:\/\/mlbfrsat7ahr.i.optimole.com\/w:819\/h:1024\/q:mauto\/ig:avif\/https:\/\/noticiasnoface.com.br\/wp-content\/uploads\/2023\/07\/f82e034e-aafa-4b6e-9751-38b324e5720d.jpg 819w, https:\/\/mlbfrsat7ahr.i.optimole.com\/w:240\/h:300\/q:mauto\/ig:avif\/https:\/\/noticiasnoface.com.br\/wp-content\/uploads\/2023\/07\/f82e034e-aafa-4b6e-9751-38b324e5720d.jpg 240w, https:\/\/mlbfrsat7ahr.i.optimole.com\/w:768\/h:960\/q:mauto\/ig:avif\/https:\/\/noticiasnoface.com.br\/wp-content\/uploads\/2023\/07\/f82e034e-aafa-4b6e-9751-38b324e5720d.jpg 768w, https:\/\/mlbfrsat7ahr.i.optimole.com\/w:864\/h:1080\/q:mauto\/ig:avif\/https:\/\/noticiasnoface.com.br\/wp-content\/uploads\/2023\/07\/f82e034e-aafa-4b6e-9751-38b324e5720d.jpg 1229w, https:\/\/mlbfrsat7ahr.i.optimole.com\/w:864\/h:1080\/q:mauto\/ig:avif\/https:\/\/noticiasnoface.com.br\/wp-content\/uploads\/2023\/07\/f82e034e-aafa-4b6e-9751-38b324e5720d.jpg 1280w\" sizes=\"(max-width: 819px) 100vw, 819px\" \/><figcaption class=\"wp-element-caption\"><em>Novo presidente do Podemos-RN cita que senador Styvenson \u00e9 o maior l\u00edder do partido<\/em><br>Ap\u00f3s assumir o diret\u00f3rio estadual do Podemos no Rio Grande do Norte, o Godeiro iniciou o trabalho de gest\u00e3o pol\u00edtica. Em declara\u00e7\u00e3o ao Blog, afirmou que o senador Styvenson Valentim (Podemos-RN) tem prefer\u00eancia para ser o presidente da legenda no estado.<br>O gestor disse que votou em Styvenson nas Elei\u00e7\u00f5es de 2018 e o considera como um dos maiores l\u00edderes pol\u00edticos do RN.<br>\u201cSe o Senador (Styvenson Valentim) aceitar ser presidente do Podemos, continuarei no partido para ajudar no projeto de 2024 e 2026&#8243;, declarou.<br>O Blog parabeniza Godeiro pela atitude em fazer uma pol\u00edtica somando e unindo for\u00e7as. Caso Styvenson e Godeiro fiquem juntos nesse projeto pol\u00edtico, com certeza o Podemos ser\u00e1 um dos partidos mais fortes do Rio Grande do Norte.<\/figcaption><\/figure>\n","protected":false},"excerpt":{"rendered":"","protected":false},"author":1,"featured_media":0,"comment_status":"open","ping_status":"open","sticky":false,"template":"","format":"standard","meta":{"site-sidebar-layout":"default","site-content-layout":"","ast-site-content-layout":"default","site-content-style":"default","site-sidebar-style":"default","ast-global-header-display":"","ast-banner-title-visibility":"","ast-main-header-display":"","ast-hfb-above-header-display":"","ast-hfb-below-header-display":"","ast-hfb-mobile-header-display":"","site-post-title":"","ast-breadcrumbs-content":"","ast-featured-img":"","footer-sml-layout":"","ast-disable-related-posts":"","theme-transparent-header-meta":"","adv-header-id-meta":"","stick-header-meta":"","header-above-stick-meta":"","header-main-stick-meta":"","header-below-stick-meta":"","astra-migrate-meta-layouts":"default","ast-page-background-enabled":"default","ast-page-background-meta":{"desktop":{"background-color":"var(--ast-global-color-4)","background-image":"","background-repeat":"repeat","background-position":"center center","background-size":"auto","background-attachment":"scroll","background-type":"","background-media":"","overlay-type":"","overlay-color":"","overlay-opacity":"","overlay-gradient":""},"tablet":{"background-color":"","background-image":"","background-repeat":"repeat","background-position":"center center","background-size":"auto","background-attachment":"scroll","background-type":"","background-media":"","overlay-type":"","overlay-color":"","overlay-opacity":"","overlay-gradient":""},"mobile":{"background-color":"","background-image":"","background-repeat":"repeat","background-position":"center center","background-size":"auto","background-attachment":"scroll","background-type":"","background-media":"","overlay-type":"","overlay-color":"","overlay-opacity":"","overlay-gradient":""}},"ast-content-background-meta":{"desktop":{"background-color":"var(--ast-global-color-5)","background-image":"","background-repeat":"repeat","background-position":"center center","background-size":"auto","background-attachment":"scroll","background-type":"","background-media":"","overlay-type":"","overlay-color":"","overlay-opacity":"","overlay-gradient":""},"tablet":{"background-color":"var(--ast-global-color-5)","background-image":"","background-repeat":"repeat","background-position":"center center","background-size":"auto","background-attachment":"scroll","background-type":"","background-media":"","overlay-type":"","overlay-color":"","overlay-opacity":"","overlay-gradient":""},"mobile":{"background-color":"var(--ast-global-color-5)","background-image":"","background-repeat":"repeat","background-position":"center center","background-size":"auto","background-attachment":"scroll","background-type":"","background-media":"","overlay-type":"","overlay-color":"","overlay-opacity":"","overlay-gradient":""}},"footnotes":""},"categories":[153],"tags":[],"class_list":["post-17338","post","type-post","status-publish","format-standard","hentry","category-politica"],"_links":{"self":[{"href":"https:\/\/noticiasnoface.com.br\/index.php\/wp-json\/wp\/v2\/posts\/17338","targetHints":{"allow":["GET"]}}],"collection":[{"href":"https:\/\/noticiasnoface.com.br\/index.php\/wp-json\/wp\/v2\/posts"}],"about":[{"href":"https:\/\/noticiasnoface.com.br\/index.php\/wp-json\/wp\/v2\/types\/post"}],"author":[{"embeddable":true,"href":"https:\/\/noticiasnoface.com.br\/index.php\/wp-json\/wp\/v2\/users\/1"}],"replies":[{"embeddable":true,"href":"https:\/\/noticiasnoface.com.br\/index.php\/wp-json\/wp\/v2\/comments?post=17338"}],"version-history":[{"count":1,"href":"https:\/\/noticiasnoface.com.br\/index.php\/wp-json\/wp\/v2\/posts\/17338\/revisions"}],"predecessor-version":[{"id":17339,"href":"https:\/\/noticiasnoface.com.br\/index.php\/wp-json\/wp\/v2\/posts\/17338\/revisions\/17339"}],"wp:attachment":[{"href":"https:\/\/noticiasnoface.com.br\/index.php\/wp-json\/wp\/v2\/media?parent=17338"}],"wp:term":[{"taxonomy":"category","embeddable":true,"href":"https:\/\/noticiasnoface.com.br\/index.php\/wp-json\/wp\/v2\/categories?post=17338"},{"taxonomy":"post_tag","embeddable":true,"href":"https:\/\/noticiasnoface.com.br\/index.php\/wp-json\/wp\/v2\/tags?post=17338"}],"curies":[{"name":"wp","href":"https:\/\/api.w.org\/{rel}","templated":true}]}}