{"id":17350,"date":"2023-07-01T22:13:16","date_gmt":"2023-07-02T01:13:16","guid":{"rendered":"https:\/\/noticiasnoface.com.br\/?p=17350"},"modified":"2023-07-01T22:13:17","modified_gmt":"2023-07-02T01:13:17","slug":"piloto-de-18-anos-morre-em-acidente-na-belgica","status":"publish","type":"post","link":"https:\/\/noticiasnoface.com.br\/index.php\/2023\/07\/01\/piloto-de-18-anos-morre-em-acidente-na-belgica\/","title":{"rendered":"Piloto de 18 anos morre em acidente na B\u00e9lgica"},"content":{"rendered":"\n<figure class=\"wp-block-image size-large\"><img data-opt-id=1875372152  fetchpriority=\"high\" decoding=\"async\" width=\"1024\" height=\"567\" src=\"https:\/\/mlbfrsat7ahr.i.optimole.com\/w:1024\/h:567\/q:mauto\/ig:avif\/https:\/\/noticiasnoface.com.br\/wp-content\/uploads\/2023\/07\/photo-output-2.jpg\" class=\"wp-image-17349\" srcset=\"https:\/\/mlbfrsat7ahr.i.optimole.com\/w:1024\/h:567\/q:mauto\/ig:avif\/https:\/\/noticiasnoface.com.br\/wp-content\/uploads\/2023\/07\/photo-output-2.jpg 1024w, https:\/\/mlbfrsat7ahr.i.optimole.com\/w:300\/h:166\/q:mauto\/ig:avif\/https:\/\/noticiasnoface.com.br\/wp-content\/uploads\/2023\/07\/photo-output-2.jpg 300w, https:\/\/mlbfrsat7ahr.i.optimole.com\/w:768\/h:425\/q:mauto\/ig:avif\/https:\/\/noticiasnoface.com.br\/wp-content\/uploads\/2023\/07\/photo-output-2.jpg 768w, https:\/\/mlbfrsat7ahr.i.optimole.com\/w:1536\/h:851\/q:mauto\/ig:avif\/https:\/\/noticiasnoface.com.br\/wp-content\/uploads\/2023\/07\/photo-output-2.jpg 1536w, https:\/\/mlbfrsat7ahr.i.optimole.com\/w:1920\/h:1063\/q:mauto\/ig:avif\/https:\/\/noticiasnoface.com.br\/wp-content\/uploads\/2023\/07\/photo-output-2.jpg 2048w\" sizes=\"(max-width: 1000px) 100vw, 1000px\" \/><figcaption class=\"wp-element-caption\">Piloto holand\u00eas de 18 anos morre ap\u00f3s acidente em corrida na B\u00e9lgica<br>O acidente aconteceu no circuito de Spa-Francorchamps. Dilano foi campe\u00e3o da F\u00f3rmula 4 em 2021 e competia pela equipe MP Motorsport<br>Carro do piloto foi atingido por outro carro durante prova em Spa-Francorchamps <br>O piloto holand\u00eas Dilano van \u2018t Hoff morreu neste s\u00e1bado (1\u00ba) ap\u00f3s um acidente durante a prova da F\u00f3rmula Regional Europeia (FRECA), na B\u00e9lgica. Ele tinha 18 anos.<br>O acidente aconteceu no circuito de Spa-Francorchamps. Dilano foi campe\u00e3o da F\u00f3rmula 4 em 2021 e competia pela equipe MP Motorsport. O acidente envolveu v\u00e1rios carros da prova.<br><br>Ap\u00f3s colis\u00e3o, o carro do holand\u00eas ficou atravessado na pista e foi atingido por outro piloto que n\u00e3o conseguiu desviar. A prova foi disputada sob forte chuva. A corrida da FRECA fazia parte do programa de apoio para outra competi\u00e7\u00e3o: 24 horas do circuito de Spa.<br>Em 2019, o franc\u00eas Anthoine Hubert morreu em condi\u00e7\u00f5es semelhantes. Tamb\u00e9m sob chuva, que prejudicava a visibilidade, o piloto bateu o carro e foi atingido por outro competidor.<br>A F\u00f3rmula 1 usou as redes sociais para prestar homenagem ao jovem holand\u00eas. Na publica\u00e7\u00e3o, Stefano Domenicali, CEO da categoria, lamentou a morte e afirmou que o piloto morreu perseguindo o sonho de chegar \u00e0 principal categoria de automobilismo mundial.<\/figcaption><\/figure>\n","protected":false},"excerpt":{"rendered":"","protected":false},"author":1,"featured_media":0,"comment_status":"open","ping_status":"open","sticky":false,"template":"","format":"standard","meta":{"site-sidebar-layout":"default","site-content-layout":"","ast-site-content-layout":"default","site-content-style":"default","site-sidebar-style":"default","ast-global-header-display":"","ast-banner-title-visibility":"","ast-main-header-display":"","ast-hfb-above-header-display":"","ast-hfb-below-header-display":"","ast-hfb-mobile-header-display":"","site-post-title":"","ast-breadcrumbs-content":"","ast-featured-img":"","footer-sml-layout":"","ast-disable-related-posts":"","theme-transparent-header-meta":"","adv-header-id-meta":"","stick-header-meta":"","header-above-stick-meta":"","header-main-stick-meta":"","header-below-stick-meta":"","astra-migrate-meta-layouts":"default","ast-page-background-enabled":"default","ast-page-background-meta":{"desktop":{"background-color":"var(--ast-global-color-4)","background-image":"","background-repeat":"repeat","background-position":"center center","background-size":"auto","background-attachment":"scroll","background-type":"","background-media":"","overlay-type":"","overlay-color":"","overlay-opacity":"","overlay-gradient":""},"tablet":{"background-color":"","background-image":"","background-repeat":"repeat","background-position":"center center","background-size":"auto","background-attachment":"scroll","background-type":"","background-media":"","overlay-type":"","overlay-color":"","overlay-opacity":"","overlay-gradient":""},"mobile":{"background-color":"","background-image":"","background-repeat":"repeat","background-position":"center center","background-size":"auto","background-attachment":"scroll","background-type":"","background-media":"","overlay-type":"","overlay-color":"","overlay-opacity":"","overlay-gradient":""}},"ast-content-background-meta":{"desktop":{"background-color":"var(--ast-global-color-5)","background-image":"","background-repeat":"repeat","background-position":"center center","background-size":"auto","background-attachment":"scroll","background-type":"","background-media":"","overlay-type":"","overlay-color":"","overlay-opacity":"","overlay-gradient":""},"tablet":{"background-color":"var(--ast-global-color-5)","background-image":"","background-repeat":"repeat","background-position":"center center","background-size":"auto","background-attachment":"scroll","background-type":"","background-media":"","overlay-type":"","overlay-color":"","overlay-opacity":"","overlay-gradient":""},"mobile":{"background-color":"var(--ast-global-color-5)","background-image":"","background-repeat":"repeat","background-position":"center center","background-size":"auto","background-attachment":"scroll","background-type":"","background-media":"","overlay-type":"","overlay-color":"","overlay-opacity":"","overlay-gradient":""}},"footnotes":""},"categories":[517],"tags":[831,3130,3129],"class_list":["post-17350","post","type-post","status-publish","format-standard","hentry","category-aconteceu","tag-acidente","tag-circuito-corrida","tag-piloto-morre"],"_links":{"self":[{"href":"https:\/\/noticiasnoface.com.br\/index.php\/wp-json\/wp\/v2\/posts\/17350","targetHints":{"allow":["GET"]}}],"collection":[{"href":"https:\/\/noticiasnoface.com.br\/index.php\/wp-json\/wp\/v2\/posts"}],"about":[{"href":"https:\/\/noticiasnoface.com.br\/index.php\/wp-json\/wp\/v2\/types\/post"}],"author":[{"embeddable":true,"href":"https:\/\/noticiasnoface.com.br\/index.php\/wp-json\/wp\/v2\/users\/1"}],"replies":[{"embeddable":true,"href":"https:\/\/noticiasnoface.com.br\/index.php\/wp-json\/wp\/v2\/comments?post=17350"}],"version-history":[{"count":1,"href":"https:\/\/noticiasnoface.com.br\/index.php\/wp-json\/wp\/v2\/posts\/17350\/revisions"}],"predecessor-version":[{"id":17351,"href":"https:\/\/noticiasnoface.com.br\/index.php\/wp-json\/wp\/v2\/posts\/17350\/revisions\/17351"}],"wp:attachment":[{"href":"https:\/\/noticiasnoface.com.br\/index.php\/wp-json\/wp\/v2\/media?parent=17350"}],"wp:term":[{"taxonomy":"category","embeddable":true,"href":"https:\/\/noticiasnoface.com.br\/index.php\/wp-json\/wp\/v2\/categories?post=17350"},{"taxonomy":"post_tag","embeddable":true,"href":"https:\/\/noticiasnoface.com.br\/index.php\/wp-json\/wp\/v2\/tags?post=17350"}],"curies":[{"name":"wp","href":"https:\/\/api.w.org\/{rel}","templated":true}]}}