{"id":17356,"date":"2023-07-02T09:50:45","date_gmt":"2023-07-02T12:50:45","guid":{"rendered":"https:\/\/noticiasnoface.com.br\/?p=17356"},"modified":"2023-07-02T09:50:47","modified_gmt":"2023-07-02T12:50:47","slug":"assessor-de-prefeito-leva-choque-e-morre","status":"publish","type":"post","link":"https:\/\/noticiasnoface.com.br\/index.php\/2023\/07\/02\/assessor-de-prefeito-leva-choque-e-morre\/","title":{"rendered":"Assessor de prefeito leva choque e morre"},"content":{"rendered":"\n<figure class=\"wp-block-image size-large\"><img data-opt-id=1604210211  fetchpriority=\"high\" decoding=\"async\" width=\"1024\" height=\"577\" src=\"https:\/\/mlbfrsat7ahr.i.optimole.com\/w:1024\/h:577\/q:mauto\/ig:avif\/https:\/\/noticiasnoface.com.br\/wp-content\/uploads\/2023\/07\/photo-output-4.jpg\" class=\"wp-image-17355\" srcset=\"https:\/\/mlbfrsat7ahr.i.optimole.com\/w:1024\/h:577\/q:mauto\/ig:avif\/https:\/\/noticiasnoface.com.br\/wp-content\/uploads\/2023\/07\/photo-output-4.jpg 1024w, https:\/\/mlbfrsat7ahr.i.optimole.com\/w:300\/h:169\/q:mauto\/ig:avif\/https:\/\/noticiasnoface.com.br\/wp-content\/uploads\/2023\/07\/photo-output-4.jpg 300w, https:\/\/mlbfrsat7ahr.i.optimole.com\/w:768\/h:432\/q:mauto\/ig:avif\/https:\/\/noticiasnoface.com.br\/wp-content\/uploads\/2023\/07\/photo-output-4.jpg 768w, https:\/\/mlbfrsat7ahr.i.optimole.com\/w:1536\/h:865\/q:mauto\/ig:avif\/https:\/\/noticiasnoface.com.br\/wp-content\/uploads\/2023\/07\/photo-output-4.jpg 1536w, https:\/\/mlbfrsat7ahr.i.optimole.com\/w:800\/h:450\/q:mauto\/ig:avif\/https:\/\/noticiasnoface.com.br\/wp-content\/uploads\/2023\/07\/photo-output-4.jpg 800w, https:\/\/mlbfrsat7ahr.i.optimole.com\/w:1918\/h:1080\/q:mauto\/ig:avif\/https:\/\/noticiasnoface.com.br\/wp-content\/uploads\/2023\/07\/photo-output-4.jpg 2048w\" sizes=\"(max-width: 1000px) 100vw, 1000px\" \/><figcaption class=\"wp-element-caption\">Assessor especial de prefeitura morre ap\u00f3s levar choque e cair de andaime<br>Um assessor especial da secretaria de Infraestrutura do munic\u00edpio de <a href=\"https:\/\/www.bnews.com.br\/tags\/morpara\" target=\"_blank\" rel=\"noopener\">Morpar\u00e1<\/a>, na regi\u00e3o do oeste baiano, morreu na sexta-feira (30) ap\u00f3s receber uma descarga el\u00e9trica ao tocar em fios de alta tens\u00e3o. No momento do acidente, L\u00edcio dos Santos Lima, de 46 anos, realizava um servi\u00e7o em um portal de entrada dos festejos de S\u00e3o Pedro, na pra\u00e7a municipal. Ap\u00f3s receber o choque, o funcion\u00e1rio da prefeitura caiu de um andaime.<br>A v\u00edtima foi socorrida por uma equipe de param\u00e9dicos do Servi\u00e7o de Atendimento M\u00f3vel de Urg\u00eancia (Samu) e levado para um hospital, onde n\u00e3o resistiu. A festa foi mantida pela gest\u00e3o municipal que, por meio de nota publicada nas redes sociais, informou que a decis\u00e3o foi tomada &#8220;ap\u00f3s discuss\u00f5es internas com a equipe de governo&#8221; e com a fam\u00edlia do assessor especial da prefeitura.<br>&#8220;Tendo em vista toda a mobiliza\u00e7\u00e3o j\u00e1 realizada para o evento, bem como considerando a estrutura implantada pelos trabalhadores locais e regionais, como tamb\u00e9m o deslocamento de in\u00fameras pessoas de outros munic\u00edpios e estado para a cidade de Morpar\u00e1, informados que a programa ser\u00e1 mantida com as devidas e merecidas homenagens ao nosso eterno amigo L\u00edcio&#8221;, diz trecho do comunicado.<\/figcaption><\/figure>\n","protected":false},"excerpt":{"rendered":"","protected":false},"author":1,"featured_media":0,"comment_status":"open","ping_status":"open","sticky":false,"template":"","format":"standard","meta":{"site-sidebar-layout":"default","site-content-layout":"","ast-site-content-layout":"default","site-content-style":"default","site-sidebar-style":"default","ast-global-header-display":"","ast-banner-title-visibility":"","ast-main-header-display":"","ast-hfb-above-header-display":"","ast-hfb-below-header-display":"","ast-hfb-mobile-header-display":"","site-post-title":"","ast-breadcrumbs-content":"","ast-featured-img":"","footer-sml-layout":"","ast-disable-related-posts":"","theme-transparent-header-meta":"","adv-header-id-meta":"","stick-header-meta":"","header-above-stick-meta":"","header-main-stick-meta":"","header-below-stick-meta":"","astra-migrate-meta-layouts":"default","ast-page-background-enabled":"default","ast-page-background-meta":{"desktop":{"background-color":"var(--ast-global-color-4)","background-image":"","background-repeat":"repeat","background-position":"center center","background-size":"auto","background-attachment":"scroll","background-type":"","background-media":"","overlay-type":"","overlay-color":"","overlay-opacity":"","overlay-gradient":""},"tablet":{"background-color":"","background-image":"","background-repeat":"repeat","background-position":"center center","background-size":"auto","background-attachment":"scroll","background-type":"","background-media":"","overlay-type":"","overlay-color":"","overlay-opacity":"","overlay-gradient":""},"mobile":{"background-color":"","background-image":"","background-repeat":"repeat","background-position":"center center","background-size":"auto","background-attachment":"scroll","background-type":"","background-media":"","overlay-type":"","overlay-color":"","overlay-opacity":"","overlay-gradient":""}},"ast-content-background-meta":{"desktop":{"background-color":"var(--ast-global-color-5)","background-image":"","background-repeat":"repeat","background-position":"center center","background-size":"auto","background-attachment":"scroll","background-type":"","background-media":"","overlay-type":"","overlay-color":"","overlay-opacity":"","overlay-gradient":""},"tablet":{"background-color":"var(--ast-global-color-5)","background-image":"","background-repeat":"repeat","background-position":"center center","background-size":"auto","background-attachment":"scroll","background-type":"","background-media":"","overlay-type":"","overlay-color":"","overlay-opacity":"","overlay-gradient":""},"mobile":{"background-color":"var(--ast-global-color-5)","background-image":"","background-repeat":"repeat","background-position":"center center","background-size":"auto","background-attachment":"scroll","background-type":"","background-media":"","overlay-type":"","overlay-color":"","overlay-opacity":"","overlay-gradient":""}},"footnotes":""},"categories":[517],"tags":[3132,2931,1522,2236,50],"class_list":["post-17356","post","type-post","status-publish","format-standard","hentry","category-aconteceu","tag-assessor-de-prefeito","tag-choque","tag-morre","tag-noticas-no-face","tag-noticias-do-face"],"_links":{"self":[{"href":"https:\/\/noticiasnoface.com.br\/index.php\/wp-json\/wp\/v2\/posts\/17356","targetHints":{"allow":["GET"]}}],"collection":[{"href":"https:\/\/noticiasnoface.com.br\/index.php\/wp-json\/wp\/v2\/posts"}],"about":[{"href":"https:\/\/noticiasnoface.com.br\/index.php\/wp-json\/wp\/v2\/types\/post"}],"author":[{"embeddable":true,"href":"https:\/\/noticiasnoface.com.br\/index.php\/wp-json\/wp\/v2\/users\/1"}],"replies":[{"embeddable":true,"href":"https:\/\/noticiasnoface.com.br\/index.php\/wp-json\/wp\/v2\/comments?post=17356"}],"version-history":[{"count":1,"href":"https:\/\/noticiasnoface.com.br\/index.php\/wp-json\/wp\/v2\/posts\/17356\/revisions"}],"predecessor-version":[{"id":17357,"href":"https:\/\/noticiasnoface.com.br\/index.php\/wp-json\/wp\/v2\/posts\/17356\/revisions\/17357"}],"wp:attachment":[{"href":"https:\/\/noticiasnoface.com.br\/index.php\/wp-json\/wp\/v2\/media?parent=17356"}],"wp:term":[{"taxonomy":"category","embeddable":true,"href":"https:\/\/noticiasnoface.com.br\/index.php\/wp-json\/wp\/v2\/categories?post=17356"},{"taxonomy":"post_tag","embeddable":true,"href":"https:\/\/noticiasnoface.com.br\/index.php\/wp-json\/wp\/v2\/tags?post=17356"}],"curies":[{"name":"wp","href":"https:\/\/api.w.org\/{rel}","templated":true}]}}