{"id":17362,"date":"2023-07-03T07:11:38","date_gmt":"2023-07-03T10:11:38","guid":{"rendered":"https:\/\/noticiasnoface.com.br\/?p=17362"},"modified":"2023-07-03T07:11:40","modified_gmt":"2023-07-03T10:11:40","slug":"governadora-aciona-justica-e-greve-da-saude-e-suspensa","status":"publish","type":"post","link":"https:\/\/noticiasnoface.com.br\/index.php\/2023\/07\/03\/governadora-aciona-justica-e-greve-da-saude-e-suspensa\/","title":{"rendered":"Governadora aciona justi\u00e7a e greve da sa\u00fade \u00e9 suspensa"},"content":{"rendered":"\n<figure class=\"wp-block-image size-large\"><img data-opt-id=1606880979  fetchpriority=\"high\" decoding=\"async\" width=\"953\" height=\"1024\" src=\"https:\/\/mlbfrsat7ahr.i.optimole.com\/w:953\/h:1024\/q:mauto\/ig:avif\/https:\/\/noticiasnoface.com.br\/wp-content\/uploads\/2023\/07\/photo-output-5.jpg\" class=\"wp-image-17361\" srcset=\"https:\/\/mlbfrsat7ahr.i.optimole.com\/w:953\/h:1024\/q:mauto\/ig:avif\/https:\/\/noticiasnoface.com.br\/wp-content\/uploads\/2023\/07\/photo-output-5.jpg 953w, https:\/\/mlbfrsat7ahr.i.optimole.com\/w:279\/h:300\/q:mauto\/ig:avif\/https:\/\/noticiasnoface.com.br\/wp-content\/uploads\/2023\/07\/photo-output-5.jpg 279w, https:\/\/mlbfrsat7ahr.i.optimole.com\/w:768\/h:825\/q:mauto\/ig:avif\/https:\/\/noticiasnoface.com.br\/wp-content\/uploads\/2023\/07\/photo-output-5.jpg 768w, https:\/\/mlbfrsat7ahr.i.optimole.com\/w:1005\/h:1080\/q:mauto\/ig:avif\/https:\/\/noticiasnoface.com.br\/wp-content\/uploads\/2023\/07\/photo-output-5.jpg 1430w, https:\/\/mlbfrsat7ahr.i.optimole.com\/w:1005\/h:1080\/q:mauto\/ig:avif\/https:\/\/noticiasnoface.com.br\/wp-content\/uploads\/2023\/07\/photo-output-5.jpg 1906w\" sizes=\"(max-width: 953px) 100vw, 953px\" \/><figcaption class=\"wp-element-caption\">O governo (PT) entrou com um mandado de seguran\u00e7a na Justi\u00e7a na noite deste domingo (02) contra o Sindicato dos Enfermeiros Registrados (Sindsa\u00fade RN) e o Sindicato dos Enfermeiros Registrados (Sindern) suspendendo a greve dos enfermeiros em todo o RN marcada para domingo, julho 3 a princ\u00edpio.<br>O relator do Plant\u00e3o, desembargador Glauber Rego, acatou a decis\u00e3o favor\u00e1vel ao governo. Em sua defesa, o desembargador enfatizou que a greve pode colocar em risco a sa\u00fade e a vida da popula\u00e7\u00e3o do estado que depende dos servi\u00e7os p\u00fablicos de sa\u00fade.<br>A ju\u00edza determinou que, caso os sindicatos n\u00e3o cumpram a decis\u00e3o, poder\u00e3o ser multados em R$ 10.000,00 (dez mil reais) por dia, com limite a princ\u00edpio de R$ 200.000,00 (duzentos mil reais). .<br>As enfermeiras entraram com um pedido de categoria inferior estadual, que atualmente est\u00e1 trancado no Supremo Tribunal Federal (STF).<\/figcaption><\/figure>\n","protected":false},"excerpt":{"rendered":"","protected":false},"author":1,"featured_media":0,"comment_status":"open","ping_status":"open","sticky":false,"template":"","format":"standard","meta":{"site-sidebar-layout":"default","site-content-layout":"","ast-site-content-layout":"default","site-content-style":"default","site-sidebar-style":"default","ast-global-header-display":"","ast-banner-title-visibility":"","ast-main-header-display":"","ast-hfb-above-header-display":"","ast-hfb-below-header-display":"","ast-hfb-mobile-header-display":"","site-post-title":"","ast-breadcrumbs-content":"","ast-featured-img":"","footer-sml-layout":"","ast-disable-related-posts":"","theme-transparent-header-meta":"","adv-header-id-meta":"","stick-header-meta":"","header-above-stick-meta":"","header-main-stick-meta":"","header-below-stick-meta":"","astra-migrate-meta-layouts":"default","ast-page-background-enabled":"default","ast-page-background-meta":{"desktop":{"background-color":"var(--ast-global-color-4)","background-image":"","background-repeat":"repeat","background-position":"center center","background-size":"auto","background-attachment":"scroll","background-type":"","background-media":"","overlay-type":"","overlay-color":"","overlay-opacity":"","overlay-gradient":""},"tablet":{"background-color":"","background-image":"","background-repeat":"repeat","background-position":"center center","background-size":"auto","background-attachment":"scroll","background-type":"","background-media":"","overlay-type":"","overlay-color":"","overlay-opacity":"","overlay-gradient":""},"mobile":{"background-color":"","background-image":"","background-repeat":"repeat","background-position":"center center","background-size":"auto","background-attachment":"scroll","background-type":"","background-media":"","overlay-type":"","overlay-color":"","overlay-opacity":"","overlay-gradient":""}},"ast-content-background-meta":{"desktop":{"background-color":"var(--ast-global-color-5)","background-image":"","background-repeat":"repeat","background-position":"center center","background-size":"auto","background-attachment":"scroll","background-type":"","background-media":"","overlay-type":"","overlay-color":"","overlay-opacity":"","overlay-gradient":""},"tablet":{"background-color":"var(--ast-global-color-5)","background-image":"","background-repeat":"repeat","background-position":"center center","background-size":"auto","background-attachment":"scroll","background-type":"","background-media":"","overlay-type":"","overlay-color":"","overlay-opacity":"","overlay-gradient":""},"mobile":{"background-color":"var(--ast-global-color-5)","background-image":"","background-repeat":"repeat","background-position":"center center","background-size":"auto","background-attachment":"scroll","background-type":"","background-media":"","overlay-type":"","overlay-color":"","overlay-opacity":"","overlay-gradient":""}},"footnotes":""},"categories":[517],"tags":[],"class_list":["post-17362","post","type-post","status-publish","format-standard","hentry","category-aconteceu"],"_links":{"self":[{"href":"https:\/\/noticiasnoface.com.br\/index.php\/wp-json\/wp\/v2\/posts\/17362","targetHints":{"allow":["GET"]}}],"collection":[{"href":"https:\/\/noticiasnoface.com.br\/index.php\/wp-json\/wp\/v2\/posts"}],"about":[{"href":"https:\/\/noticiasnoface.com.br\/index.php\/wp-json\/wp\/v2\/types\/post"}],"author":[{"embeddable":true,"href":"https:\/\/noticiasnoface.com.br\/index.php\/wp-json\/wp\/v2\/users\/1"}],"replies":[{"embeddable":true,"href":"https:\/\/noticiasnoface.com.br\/index.php\/wp-json\/wp\/v2\/comments?post=17362"}],"version-history":[{"count":1,"href":"https:\/\/noticiasnoface.com.br\/index.php\/wp-json\/wp\/v2\/posts\/17362\/revisions"}],"predecessor-version":[{"id":17363,"href":"https:\/\/noticiasnoface.com.br\/index.php\/wp-json\/wp\/v2\/posts\/17362\/revisions\/17363"}],"wp:attachment":[{"href":"https:\/\/noticiasnoface.com.br\/index.php\/wp-json\/wp\/v2\/media?parent=17362"}],"wp:term":[{"taxonomy":"category","embeddable":true,"href":"https:\/\/noticiasnoface.com.br\/index.php\/wp-json\/wp\/v2\/categories?post=17362"},{"taxonomy":"post_tag","embeddable":true,"href":"https:\/\/noticiasnoface.com.br\/index.php\/wp-json\/wp\/v2\/tags?post=17362"}],"curies":[{"name":"wp","href":"https:\/\/api.w.org\/{rel}","templated":true}]}}