{"id":17368,"date":"2023-07-04T00:24:15","date_gmt":"2023-07-04T03:24:15","guid":{"rendered":"https:\/\/noticiasnoface.com.br\/?p=17368"},"modified":"2023-07-04T00:24:16","modified_gmt":"2023-07-04T03:24:16","slug":"homem-tenta-abrir-porta-de-aviao-e-e-imobilizado-por-passageiros","status":"publish","type":"post","link":"https:\/\/noticiasnoface.com.br\/index.php\/2023\/07\/04\/homem-tenta-abrir-porta-de-aviao-e-e-imobilizado-por-passageiros\/","title":{"rendered":"Homem tenta abrir porta de avi\u00e3o e \u00e9 imobilizado por passageiros"},"content":{"rendered":"\n<figure class=\"wp-block-image size-large\"><img data-opt-id=964675222  fetchpriority=\"high\" decoding=\"async\" width=\"300\" height=\"164\" src=\"https:\/\/mlbfrsat7ahr.i.optimole.com\/w:300\/h:164\/q:mauto\/ig:avif\/https:\/\/noticiasnoface.com.br\/wp-content\/uploads\/2023\/07\/img_7314.jpg\" class=\"wp-image-17367\" srcset=\"https:\/\/mlbfrsat7ahr.i.optimole.com\/w:300\/h:164\/q:mauto\/ig:avif\/https:\/\/noticiasnoface.com.br\/wp-content\/uploads\/2023\/07\/img_7314.jpg 300w, https:\/\/mlbfrsat7ahr.i.optimole.com\/w:442\/h:241\/q:mauto\/ig:avif\/https:\/\/noticiasnoface.com.br\/wp-content\/uploads\/2023\/07\/img_7314.jpg 442w\" sizes=\"(max-width: 300px) 100vw, 300px\" \/><figcaption class=\"wp-element-caption\">Homem tenta abrir porta de avi\u00e3o e \u00e9 imobilizado por passageiros<br>Ainda n\u00e3o se sabe o que levou o suspeito a cometer tal ato; ele foi escoltado pela pol\u00edcia e ser\u00e1 investigado<br>Um passageiro brit\u00e2nico a bordo de um voo da Ryanair que saiu da Cro\u00e1cia rumo ao Reino Unido tentou abrir a porta do avi\u00e3o antes da decolagem, por motivos ainda desconhecidos. Em um v\u00eddeo que viralizou nas redes sociais, o homem \u00e9 visto ao gritar com a tripula\u00e7\u00e3o, antes de ser imobilizado por outros dois passageiros.<br>Nas imagens, o homem levanta as m\u00e3os e tenta alcan\u00e7ar a porta do avi\u00e3o enquanto outros passageiros gritam e uma mulher chora, assustada. &#8220;O que ele est\u00e1 fazendo?&#8221;, questiona ela. Momentos depois, dois homens agarram o sujeito e o derrubam no ch\u00e3o. <br>O viajante \u00e9 ent\u00e3o escoltado para fora do voo pela pol\u00edcia croata. Posteriormente, policiais s\u00e3o filmados ao arrastar o indiv\u00edduo pelo asfalto enquanto ele luta para se manter em p\u00e9.<br>Uma mulher que publicou um v\u00eddeo do incidente afirmou que muitos dos passageiros estavam voltando para casa depois de uma festa chamada de Hideout Festival.<br>Uma pessoa afirmou nos coment\u00e1rios que o homem estava b\u00eabado, mas essa alega\u00e7\u00e3o ainda n\u00e3o foi confirmada pela pol\u00edcia. De acordo com o ve\u00edculo de not\u00edcias local BNN, a pol\u00edcia de Zadar prendeu o brit\u00e2nico e iniciou uma investiga\u00e7\u00e3o.<br>O site de not\u00edcias informou que o homem era um boxeador profissional, mas sua identidade ainda n\u00e3o foi confirmada. Esta \u00e9 a segunda vez, no per\u00edodo de um m\u00eas, que incidentes do tipo acontecem em avi\u00f5es da Ryanair.<br>Em um comunicado, a companhia a\u00e9rea se desculpou. &#8220;Gostar\u00edamos de pedir desculpas a todos os clientes afetados por qualquer inconveniente causado. Como uma companhia a\u00e9rea voltada para a fam\u00edlia, temos uma toler\u00e2ncia zero para comportamento de passageiros perturbadores; e a sa\u00fade, o conforto e o bem-estar de todos ser\u00e3o sempre nossa prioridade n\u00famero um.&#8221;<br>*Sob supervis\u00e3o de Sofia Pilagallo<br>Americanos e canadenses voltam a viver &#8216;cen\u00e1rio de pandemia&#8217; por causa de inc\u00eandios florestais<br>1 \/A fuma\u00e7a dos inc\u00eandios florestais no Canad\u00e1 est\u00e1 impactando a qualidade do ar em Ont\u00e1rio e em v\u00e1rias regi\u00f5es dos Estados Unidos nesta semana. \u00d3rg\u00e3os de monitoramento emitiram alertas e advertiram milh\u00f5es de pessoas que est\u00e3o enfrentando condi\u00e7\u00f5es extremas e de emerg\u00eancia. O governo dos pa\u00edses afetados recomenda \u00e0 popula\u00e7\u00e3o que use m\u00e1scara, fique em casa e evite atividades ao ar livre por enquanto, medidas que se assemelham \u00e0s adotadas durante a pandemia de Covid-19<\/figcaption><\/figure>\n\n\n\n<p><\/p>\n","protected":false},"excerpt":{"rendered":"","protected":false},"author":1,"featured_media":0,"comment_status":"open","ping_status":"open","sticky":false,"template":"","format":"standard","meta":{"site-sidebar-layout":"default","site-content-layout":"","ast-site-content-layout":"default","site-content-style":"default","site-sidebar-style":"default","ast-global-header-display":"","ast-banner-title-visibility":"","ast-main-header-display":"","ast-hfb-above-header-display":"","ast-hfb-below-header-display":"","ast-hfb-mobile-header-display":"","site-post-title":"","ast-breadcrumbs-content":"","ast-featured-img":"","footer-sml-layout":"","ast-disable-related-posts":"","theme-transparent-header-meta":"","adv-header-id-meta":"","stick-header-meta":"","header-above-stick-meta":"","header-main-stick-meta":"","header-below-stick-meta":"","astra-migrate-meta-layouts":"default","ast-page-background-enabled":"default","ast-page-background-meta":{"desktop":{"background-color":"var(--ast-global-color-4)","background-image":"","background-repeat":"repeat","background-position":"center center","background-size":"auto","background-attachment":"scroll","background-type":"","background-media":"","overlay-type":"","overlay-color":"","overlay-opacity":"","overlay-gradient":""},"tablet":{"background-color":"","background-image":"","background-repeat":"repeat","background-position":"center center","background-size":"auto","background-attachment":"scroll","background-type":"","background-media":"","overlay-type":"","overlay-color":"","overlay-opacity":"","overlay-gradient":""},"mobile":{"background-color":"","background-image":"","background-repeat":"repeat","background-position":"center center","background-size":"auto","background-attachment":"scroll","background-type":"","background-media":"","overlay-type":"","overlay-color":"","overlay-opacity":"","overlay-gradient":""}},"ast-content-background-meta":{"desktop":{"background-color":"var(--ast-global-color-5)","background-image":"","background-repeat":"repeat","background-position":"center center","background-size":"auto","background-attachment":"scroll","background-type":"","background-media":"","overlay-type":"","overlay-color":"","overlay-opacity":"","overlay-gradient":""},"tablet":{"background-color":"var(--ast-global-color-5)","background-image":"","background-repeat":"repeat","background-position":"center center","background-size":"auto","background-attachment":"scroll","background-type":"","background-media":"","overlay-type":"","overlay-color":"","overlay-opacity":"","overlay-gradient":""},"mobile":{"background-color":"var(--ast-global-color-5)","background-image":"","background-repeat":"repeat","background-position":"center center","background-size":"auto","background-attachment":"scroll","background-type":"","background-media":"","overlay-type":"","overlay-color":"","overlay-opacity":"","overlay-gradient":""}},"footnotes":""},"categories":[517],"tags":[607,2229,22,3134],"class_list":["post-17368","post","type-post","status-publish","format-standard","hentry","category-aconteceu","tag-homem","tag-noticas-do-face","tag-noticias-no-face","tag-porta-do-aviao"],"_links":{"self":[{"href":"https:\/\/noticiasnoface.com.br\/index.php\/wp-json\/wp\/v2\/posts\/17368","targetHints":{"allow":["GET"]}}],"collection":[{"href":"https:\/\/noticiasnoface.com.br\/index.php\/wp-json\/wp\/v2\/posts"}],"about":[{"href":"https:\/\/noticiasnoface.com.br\/index.php\/wp-json\/wp\/v2\/types\/post"}],"author":[{"embeddable":true,"href":"https:\/\/noticiasnoface.com.br\/index.php\/wp-json\/wp\/v2\/users\/1"}],"replies":[{"embeddable":true,"href":"https:\/\/noticiasnoface.com.br\/index.php\/wp-json\/wp\/v2\/comments?post=17368"}],"version-history":[{"count":1,"href":"https:\/\/noticiasnoface.com.br\/index.php\/wp-json\/wp\/v2\/posts\/17368\/revisions"}],"predecessor-version":[{"id":17369,"href":"https:\/\/noticiasnoface.com.br\/index.php\/wp-json\/wp\/v2\/posts\/17368\/revisions\/17369"}],"wp:attachment":[{"href":"https:\/\/noticiasnoface.com.br\/index.php\/wp-json\/wp\/v2\/media?parent=17368"}],"wp:term":[{"taxonomy":"category","embeddable":true,"href":"https:\/\/noticiasnoface.com.br\/index.php\/wp-json\/wp\/v2\/categories?post=17368"},{"taxonomy":"post_tag","embeddable":true,"href":"https:\/\/noticiasnoface.com.br\/index.php\/wp-json\/wp\/v2\/tags?post=17368"}],"curies":[{"name":"wp","href":"https:\/\/api.w.org\/{rel}","templated":true}]}}