{"id":17389,"date":"2023-07-06T10:39:21","date_gmt":"2023-07-06T13:39:21","guid":{"rendered":"https:\/\/noticiasnoface.com.br\/?p=17389"},"modified":"2023-07-06T10:39:23","modified_gmt":"2023-07-06T13:39:23","slug":"comecou-o-pagamento-do-13o-do-inss-veja-calendario-e-quem-recebe","status":"publish","type":"post","link":"https:\/\/noticiasnoface.com.br\/index.php\/2023\/07\/06\/comecou-o-pagamento-do-13o-do-inss-veja-calendario-e-quem-recebe\/","title":{"rendered":"Come\u00e7ou o pagamento do 13\u00ba do INSS; veja calend\u00e1rio e quem recebe"},"content":{"rendered":"\n<figure class=\"wp-block-image size-large\"><img data-opt-id=1401644701  fetchpriority=\"high\" decoding=\"async\" width=\"1024\" height=\"677\" src=\"https:\/\/mlbfrsat7ahr.i.optimole.com\/w:1024\/h:677\/q:mauto\/ig:avif\/https:\/\/noticiasnoface.com.br\/wp-content\/uploads\/2023\/07\/photo-output-10.jpg\" class=\"wp-image-17387\" srcset=\"https:\/\/mlbfrsat7ahr.i.optimole.com\/w:1024\/h:677\/q:mauto\/ig:avif\/https:\/\/noticiasnoface.com.br\/wp-content\/uploads\/2023\/07\/photo-output-10.jpg 1024w, https:\/\/mlbfrsat7ahr.i.optimole.com\/w:300\/h:198\/q:mauto\/ig:avif\/https:\/\/noticiasnoface.com.br\/wp-content\/uploads\/2023\/07\/photo-output-10.jpg 300w, https:\/\/mlbfrsat7ahr.i.optimole.com\/w:768\/h:507\/q:mauto\/ig:avif\/https:\/\/noticiasnoface.com.br\/wp-content\/uploads\/2023\/07\/photo-output-10.jpg 768w, https:\/\/mlbfrsat7ahr.i.optimole.com\/w:1536\/h:1015\/q:mauto\/ig:avif\/https:\/\/noticiasnoface.com.br\/wp-content\/uploads\/2023\/07\/photo-output-10.jpg 1536w, https:\/\/mlbfrsat7ahr.i.optimole.com\/w:1634\/h:1080\/q:mauto\/ig:avif\/https:\/\/noticiasnoface.com.br\/wp-content\/uploads\/2023\/07\/photo-output-10.jpg 2048w\" sizes=\"(max-width: 1000px) 100vw, 1000px\" \/><figcaption class=\"wp-element-caption\"><strong>Benefici\u00e1rios do INSS (Instituto Nacional do Seguro Social), como aposentados e pensionistas, come\u00e7ar\u00e3o a receber, a partir deste m\u00eas, a parcela do 13\u00ba sal\u00e1rio, segundo informou o o governo federal. o presidente Luiz In\u00e1cio Lula da Silva (PT) assinou o Decreto 11.517, que antecipou o 13\u00ba dos benefici\u00e1rios da Previd\u00eancia Social. De acordo com o governo, o investimento total \u00e9 de R$ 62,6 bilh\u00f5es e alcan\u00e7ar\u00e1 ao menos 30 milh\u00f5es de pessoas.<br>As parcelas come\u00e7ar\u00e3o a ser liberadas a partir de 25 de maio e de 25 de junho, para quem recebe at\u00e9 um sal\u00e1rio m\u00ednimo. J\u00e1 aos demais, o fluxo come\u00e7ar\u00e1 a partir de 1\u00ba de junho, seguindo o calend\u00e1rio de acordo com o n\u00famero final do benef\u00edcio.<br><a href=\"https:\/\/blogger.googleusercontent.com\/img\/b\/R29vZ2xl\/AVvXsEgrOjaHPYR4-KZK4H_zYbaUgbd9qUp-TBH7wERXqQ6SKH2Lr7lS15pWJtBJG9yBz3LqiNZPs3cWEuhIK-Ma4TaLHRDXIYtitiMI6Tlx9QNXFXJCAAdBUlmeZTEUVnFUEY2czZF-9d6OxMZzBQ5WdstJ5MxCIbpCgSsGv93gY8aWc7bxAXfn5rabVbaf\/s765\/Sem%20t%C3%ADtulo.png\" target=\"_blank\" rel=\"noopener\"><\/a><\/strong><\/figcaption><\/figure>\n\n\n\n<figure class=\"wp-block-image size-large\"><img data-opt-id=162858814  fetchpriority=\"high\" decoding=\"async\" width=\"1024\" height=\"791\" src=\"https:\/\/mlbfrsat7ahr.i.optimole.com\/w:1024\/h:791\/q:mauto\/ig:avif\/https:\/\/noticiasnoface.com.br\/wp-content\/uploads\/2023\/07\/photo-output-1-2.jpg\" class=\"wp-image-17388\" srcset=\"https:\/\/mlbfrsat7ahr.i.optimole.com\/w:1024\/h:791\/q:mauto\/ig:avif\/https:\/\/noticiasnoface.com.br\/wp-content\/uploads\/2023\/07\/photo-output-1-2.jpg 1024w, https:\/\/mlbfrsat7ahr.i.optimole.com\/w:300\/h:232\/q:mauto\/ig:avif\/https:\/\/noticiasnoface.com.br\/wp-content\/uploads\/2023\/07\/photo-output-1-2.jpg 300w, https:\/\/mlbfrsat7ahr.i.optimole.com\/w:768\/h:593\/q:mauto\/ig:avif\/https:\/\/noticiasnoface.com.br\/wp-content\/uploads\/2023\/07\/photo-output-1-2.jpg 768w, https:\/\/mlbfrsat7ahr.i.optimole.com\/w:1398\/h:1080\/q:mauto\/ig:avif\/https:\/\/noticiasnoface.com.br\/wp-content\/uploads\/2023\/07\/photo-output-1-2.jpg 1536w, https:\/\/mlbfrsat7ahr.i.optimole.com\/w:1399\/h:1080\/q:mauto\/ig:avif\/https:\/\/noticiasnoface.com.br\/wp-content\/uploads\/2023\/07\/photo-output-1-2.jpg 2048w\" sizes=\"(max-width: 1000px) 100vw, 1000px\" \/><figcaption class=\"wp-element-caption\">Veja qual dia voc\u00ea recebe <\/figcaption><\/figure>\n","protected":false},"excerpt":{"rendered":"","protected":false},"author":1,"featured_media":0,"comment_status":"open","ping_status":"open","sticky":false,"template":"","format":"standard","meta":{"site-sidebar-layout":"default","site-content-layout":"","ast-site-content-layout":"default","site-content-style":"default","site-sidebar-style":"default","ast-global-header-display":"","ast-banner-title-visibility":"","ast-main-header-display":"","ast-hfb-above-header-display":"","ast-hfb-below-header-display":"","ast-hfb-mobile-header-display":"","site-post-title":"","ast-breadcrumbs-content":"","ast-featured-img":"","footer-sml-layout":"","ast-disable-related-posts":"","theme-transparent-header-meta":"","adv-header-id-meta":"","stick-header-meta":"","header-above-stick-meta":"","header-main-stick-meta":"","header-below-stick-meta":"","astra-migrate-meta-layouts":"default","ast-page-background-enabled":"default","ast-page-background-meta":{"desktop":{"background-color":"var(--ast-global-color-4)","background-image":"","background-repeat":"repeat","background-position":"center center","background-size":"auto","background-attachment":"scroll","background-type":"","background-media":"","overlay-type":"","overlay-color":"","overlay-opacity":"","overlay-gradient":""},"tablet":{"background-color":"","background-image":"","background-repeat":"repeat","background-position":"center center","background-size":"auto","background-attachment":"scroll","background-type":"","background-media":"","overlay-type":"","overlay-color":"","overlay-opacity":"","overlay-gradient":""},"mobile":{"background-color":"","background-image":"","background-repeat":"repeat","background-position":"center center","background-size":"auto","background-attachment":"scroll","background-type":"","background-media":"","overlay-type":"","overlay-color":"","overlay-opacity":"","overlay-gradient":""}},"ast-content-background-meta":{"desktop":{"background-color":"var(--ast-global-color-5)","background-image":"","background-repeat":"repeat","background-position":"center center","background-size":"auto","background-attachment":"scroll","background-type":"","background-media":"","overlay-type":"","overlay-color":"","overlay-opacity":"","overlay-gradient":""},"tablet":{"background-color":"var(--ast-global-color-5)","background-image":"","background-repeat":"repeat","background-position":"center center","background-size":"auto","background-attachment":"scroll","background-type":"","background-media":"","overlay-type":"","overlay-color":"","overlay-opacity":"","overlay-gradient":""},"mobile":{"background-color":"var(--ast-global-color-5)","background-image":"","background-repeat":"repeat","background-position":"center center","background-size":"auto","background-attachment":"scroll","background-type":"","background-media":"","overlay-type":"","overlay-color":"","overlay-opacity":"","overlay-gradient":""}},"footnotes":""},"categories":[517],"tags":[2310,3138,2188,2229,3098,1306],"class_list":["post-17389","post","type-post","status-publish","format-standard","hentry","category-aconteceu","tag-13-salario","tag-calendario","tag-inss","tag-noticas-do-face","tag-noticia-no-face","tag-pagamento"],"_links":{"self":[{"href":"https:\/\/noticiasnoface.com.br\/index.php\/wp-json\/wp\/v2\/posts\/17389","targetHints":{"allow":["GET"]}}],"collection":[{"href":"https:\/\/noticiasnoface.com.br\/index.php\/wp-json\/wp\/v2\/posts"}],"about":[{"href":"https:\/\/noticiasnoface.com.br\/index.php\/wp-json\/wp\/v2\/types\/post"}],"author":[{"embeddable":true,"href":"https:\/\/noticiasnoface.com.br\/index.php\/wp-json\/wp\/v2\/users\/1"}],"replies":[{"embeddable":true,"href":"https:\/\/noticiasnoface.com.br\/index.php\/wp-json\/wp\/v2\/comments?post=17389"}],"version-history":[{"count":1,"href":"https:\/\/noticiasnoface.com.br\/index.php\/wp-json\/wp\/v2\/posts\/17389\/revisions"}],"predecessor-version":[{"id":17390,"href":"https:\/\/noticiasnoface.com.br\/index.php\/wp-json\/wp\/v2\/posts\/17389\/revisions\/17390"}],"wp:attachment":[{"href":"https:\/\/noticiasnoface.com.br\/index.php\/wp-json\/wp\/v2\/media?parent=17389"}],"wp:term":[{"taxonomy":"category","embeddable":true,"href":"https:\/\/noticiasnoface.com.br\/index.php\/wp-json\/wp\/v2\/categories?post=17389"},{"taxonomy":"post_tag","embeddable":true,"href":"https:\/\/noticiasnoface.com.br\/index.php\/wp-json\/wp\/v2\/tags?post=17389"}],"curies":[{"name":"wp","href":"https:\/\/api.w.org\/{rel}","templated":true}]}}