{"id":17404,"date":"2023-07-06T16:45:51","date_gmt":"2023-07-06T19:45:51","guid":{"rendered":"https:\/\/noticiasnoface.com.br\/?p=17404"},"modified":"2023-07-06T16:46:30","modified_gmt":"2023-07-06T19:46:30","slug":"briguem-satanazes-9","status":"publish","type":"post","link":"https:\/\/noticiasnoface.com.br\/index.php\/2023\/07\/06\/briguem-satanazes-9\/","title":{"rendered":"PT x PT, Briguem satanazes!"},"content":{"rendered":"\n<figure class=\"wp-block-image size-large\"><img data-opt-id=901279953  fetchpriority=\"high\" decoding=\"async\" width=\"1024\" height=\"769\" src=\"https:\/\/mlbfrsat7ahr.i.optimole.com\/w:1024\/h:769\/q:mauto\/ig:avif\/https:\/\/noticiasnoface.com.br\/wp-content\/uploads\/2023\/07\/photo-output-13.jpg\" alt=\"\" class=\"wp-image-17403\" srcset=\"https:\/\/mlbfrsat7ahr.i.optimole.com\/w:1024\/h:769\/q:mauto\/ig:avif\/https:\/\/noticiasnoface.com.br\/wp-content\/uploads\/2023\/07\/photo-output-13.jpg 1024w, https:\/\/mlbfrsat7ahr.i.optimole.com\/w:300\/h:225\/q:mauto\/ig:avif\/https:\/\/noticiasnoface.com.br\/wp-content\/uploads\/2023\/07\/photo-output-13.jpg 300w, https:\/\/mlbfrsat7ahr.i.optimole.com\/w:768\/h:577\/q:mauto\/ig:avif\/https:\/\/noticiasnoface.com.br\/wp-content\/uploads\/2023\/07\/photo-output-13.jpg 768w, https:\/\/mlbfrsat7ahr.i.optimole.com\/w:1437\/h:1080\/q:mauto\/ig:avif\/https:\/\/noticiasnoface.com.br\/wp-content\/uploads\/2023\/07\/photo-output-13.jpg 1536w, https:\/\/mlbfrsat7ahr.i.optimole.com\/w:1438\/h:1080\/q:mauto\/ig:avif\/https:\/\/noticiasnoface.com.br\/wp-content\/uploads\/2023\/07\/photo-output-13.jpg 2048w\" sizes=\"(max-width: 1000px) 100vw, 1000px\" \/><figcaption class=\"wp-element-caption\">Os trabalhadores da sa\u00fade decidiram, na manh\u00e3 desta quinta-feira (6), que a categoria vai entrar em greve. A decis\u00e3o ocorre ap\u00f3s os profissionais debaterem a negocia\u00e7\u00e3o da data base de 2023 em assembleia, a convoca\u00e7\u00e3o dos cadastros de reserva, o Piso da Enfermagem e as demais pautas que, de acordo com eles, o Governo do Estado se comprometeu a atender na Mesa SUS de junho, e n\u00e3o fez. A greve dever\u00e1 iniciar no dia 19 de julho.<br \/>A Assembleia Geral ocorreu \u00e0s 9h, no audit\u00f3rio do Sindicato dos Policiais Civis (Sinpol). De acordo com Ros\u00e1lia Fernandes, coordenadora do Sindicato dos Trabalhadores em Sa\u00fade do Rio Grande do Norte (Sindsa\u00fade RN), as motiva\u00e7\u00f5es para o retorno da greve se deram a uma \u201cquebra no que foi negociado\u201d entre a categoria e o governo do estado.<br \/>A principal reivindica\u00e7\u00e3o da categoria \u00e9 a negocia\u00e7\u00e3o da data base 2023, que fez parte do acordo de suspens\u00e3o da \u00faltima greve. Entre as reivindica\u00e7\u00f5es tamb\u00e9m aparecem a implementa\u00e7\u00e3o do piso da enfermagem, reenquadramento de servidores com mais de 30 anos, necessidade de aumento da jornada de trabalho de 30h para 40h, convoca\u00e7\u00e3o de profissionais do cadastro de reservas para atendimento de demanda e melhoria nas condi\u00e7\u00f5es de trabalho.<br \/>Segundo o Sindsa\u00fade, o governo se comprometeu a atender essas demandas na Mesa SUS de junho, mas n\u00e3o o fez. \u201cAs reuni\u00f5es tem sido no sentido de ser, como chamamos no sindicato, \u201cmesas de enrola\u00e7\u00e3o\u201d. Na negocia\u00e7\u00e3o da (suspens\u00e3o) da greve ficou decidido que agora, no m\u00eas de junho, a Mesa SUS iria debater a pauta econ\u00f4mica, e simplesmente os representantes diretos n\u00e3o apareceram. Pedro Lopes, secret\u00e1rio estadual de administra\u00e7\u00e3o, n\u00e3o foi, e o ponto da campanha salarial foi retirado da pauta\u201d, disse Ros\u00e1lia Fernandes.<br \/>Para a coordenadora, o governo s\u00f3 toma medidas para se reunir com a categoria para poder afirmar que o fez, mas nenhuma a\u00e7\u00e3o efetiva \u00e9 tomada de fato. \u201cO primeiro desrespeito vem quando tiram o ponto principal do acordo da greve. A pauta econ\u00f4mica foi dada como ponto de informe, e o representante principal do governo, que \u00e9 o secret\u00e1rio de administra\u00e7\u00e3o, n\u00e3o estava. Assim como n\u00e3o foram para nenhuma dessas reuni\u00f5es o chefe de gabinete civil, o secret\u00e1rio de planejamento. Ent\u00e3o existe essa aus\u00eancia. Esse di\u00e1logo \u00e9 um di\u00e1logo que de fato, eles dizem que fazem, mas n\u00e3o \u00e9 encaminhado (para resolu\u00e7\u00e3o), pois os representantes principais n\u00e3o est\u00e3o presentes\u201d, relatou.<br \/>Veja detalhadamente as pautas reivindicadas pelos trabalhadores:<br \/>\u2013 Negocia\u00e7\u00e3o data base 2023<br \/>\u2013 Comiss\u00e3o do Piso Salarial de Enfermagem<br \/>\u2013 Convoca\u00e7\u00e3o do cadastro de reserva<br \/>\u2013 Progress\u00e3o funcional<br \/>\u2013 Gratifica\u00e7\u00e3o de incentivo \u00e0 qualifica\u00e7\u00e3o<br \/>\u2013 Agendamento de reuni\u00e3o extraordin\u00e1ria que foi adiada<br \/>\u2013 Amplia\u00e7\u00e3o de carga hor\u00e1ria<br \/>Leia a nota completa divulgada pelo Sindsa\u00fade:<br \/>Em Assembleia Geral da categoria, os trabalhadores e trabalhadoras da sa\u00fade do estado do Rio Grande do Norte deflagraram, por unanimidade, uma greve geral a partir do dia 19 de julho. A categoria reivindica a negocia\u00e7\u00e3o da data base 2023 que faz parte do acordo de suspens\u00e3o da \u00faltima greve. <br \/>O governo F\u00e1tima Bezerra (PT)  se comprometeu que na Mesa SUS de junho seria feito o debate sobre as reivindica\u00e7\u00f5es financeiras da categoria, o que inclui a reposi\u00e7\u00e3o salarial, o piso da radiologia e mudan\u00e7a de n\u00edvel para as pessoas que t\u00eam mais de 30 anos. Por\u00e9m, na reuni\u00e3o, esse assunto foi retirado de pauta, sendo apresentado apenas como um informe de que o governo vai discutir qualquer reposi\u00e7\u00e3o salarial depois da aprova\u00e7\u00e3o de um TAG no TCE, o que possivelmente ocorra em agosto. <br \/>Diante do fato, o Sindicato demonstrou sua indigna\u00e7\u00e3o com a falta de compromisso do governo e esta Assembleia da categoria decidiu os rumos da luta. Nas pr\u00f3ximas semanas ser\u00e3o realizadas reuni\u00f5es nos locais de trabalho para discutir as atividades e, cabe relembrar, que a reuni\u00e3o para tratar da situa\u00e7\u00e3o dos auditores, veterin\u00e1rios, servidores da vigil\u00e2ncia sanit\u00e1ria, o protocolo dos pacientes privados de liberdade no Hospital Walfredo Gurgel, al\u00e9m de outros pontos foi remarcada para o dia 13 de julho e, caso haja novidades, a base ser\u00e1 convocada. <br \/>A paci\u00eancia dos (as) servidores (as) do estado j\u00e1 acabou h\u00e1 um tempo e a gest\u00e3o foi alertada sobre esse desgaste. Agora n\u00e3o tem mais volta, o caminho \u00e9 a luta!<br \/><strong>Tribuna do Norte <\/strong><\/figcaption><\/figure>\n","protected":false},"excerpt":{"rendered":"","protected":false},"author":1,"featured_media":0,"comment_status":"open","ping_status":"open","sticky":false,"template":"","format":"standard","meta":{"site-sidebar-layout":"default","site-content-layout":"","ast-site-content-layout":"default","site-content-style":"default","site-sidebar-style":"default","ast-global-header-display":"","ast-banner-title-visibility":"","ast-main-header-display":"","ast-hfb-above-header-display":"","ast-hfb-below-header-display":"","ast-hfb-mobile-header-display":"","site-post-title":"","ast-breadcrumbs-content":"","ast-featured-img":"","footer-sml-layout":"","ast-disable-related-posts":"","theme-transparent-header-meta":"","adv-header-id-meta":"","stick-header-meta":"","header-above-stick-meta":"","header-main-stick-meta":"","header-below-stick-meta":"","astra-migrate-meta-layouts":"default","ast-page-background-enabled":"default","ast-page-background-meta":{"desktop":{"background-color":"var(--ast-global-color-4)","background-image":"","background-repeat":"repeat","background-position":"center center","background-size":"auto","background-attachment":"scroll","background-type":"","background-media":"","overlay-type":"","overlay-color":"","overlay-opacity":"","overlay-gradient":""},"tablet":{"background-color":"","background-image":"","background-repeat":"repeat","background-position":"center center","background-size":"auto","background-attachment":"scroll","background-type":"","background-media":"","overlay-type":"","overlay-color":"","overlay-opacity":"","overlay-gradient":""},"mobile":{"background-color":"","background-image":"","background-repeat":"repeat","background-position":"center center","background-size":"auto","background-attachment":"scroll","background-type":"","background-media":"","overlay-type":"","overlay-color":"","overlay-opacity":"","overlay-gradient":""}},"ast-content-background-meta":{"desktop":{"background-color":"var(--ast-global-color-5)","background-image":"","background-repeat":"repeat","background-position":"center center","background-size":"auto","background-attachment":"scroll","background-type":"","background-media":"","overlay-type":"","overlay-color":"","overlay-opacity":"","overlay-gradient":""},"tablet":{"background-color":"var(--ast-global-color-5)","background-image":"","background-repeat":"repeat","background-position":"center center","background-size":"auto","background-attachment":"scroll","background-type":"","background-media":"","overlay-type":"","overlay-color":"","overlay-opacity":"","overlay-gradient":""},"mobile":{"background-color":"var(--ast-global-color-5)","background-image":"","background-repeat":"repeat","background-position":"center center","background-size":"auto","background-attachment":"scroll","background-type":"","background-media":"","overlay-type":"","overlay-color":"","overlay-opacity":"","overlay-gradient":""}},"footnotes":""},"categories":[517],"tags":[3025,145,36,2229,3098,90,72],"class_list":["post-17404","post","type-post","status-publish","format-standard","hentry","category-aconteceu","tag-briguem-satanazes","tag-governadora-do-rn","tag-greve","tag-noticas-do-face","tag-noticia-no-face","tag-partido-dos-trabalhadores","tag-pt"],"_links":{"self":[{"href":"https:\/\/noticiasnoface.com.br\/index.php\/wp-json\/wp\/v2\/posts\/17404","targetHints":{"allow":["GET"]}}],"collection":[{"href":"https:\/\/noticiasnoface.com.br\/index.php\/wp-json\/wp\/v2\/posts"}],"about":[{"href":"https:\/\/noticiasnoface.com.br\/index.php\/wp-json\/wp\/v2\/types\/post"}],"author":[{"embeddable":true,"href":"https:\/\/noticiasnoface.com.br\/index.php\/wp-json\/wp\/v2\/users\/1"}],"replies":[{"embeddable":true,"href":"https:\/\/noticiasnoface.com.br\/index.php\/wp-json\/wp\/v2\/comments?post=17404"}],"version-history":[{"count":3,"href":"https:\/\/noticiasnoface.com.br\/index.php\/wp-json\/wp\/v2\/posts\/17404\/revisions"}],"predecessor-version":[{"id":17407,"href":"https:\/\/noticiasnoface.com.br\/index.php\/wp-json\/wp\/v2\/posts\/17404\/revisions\/17407"}],"wp:attachment":[{"href":"https:\/\/noticiasnoface.com.br\/index.php\/wp-json\/wp\/v2\/media?parent=17404"}],"wp:term":[{"taxonomy":"category","embeddable":true,"href":"https:\/\/noticiasnoface.com.br\/index.php\/wp-json\/wp\/v2\/categories?post=17404"},{"taxonomy":"post_tag","embeddable":true,"href":"https:\/\/noticiasnoface.com.br\/index.php\/wp-json\/wp\/v2\/tags?post=17404"}],"curies":[{"name":"wp","href":"https:\/\/api.w.org\/{rel}","templated":true}]}}