{"id":17412,"date":"2023-07-06T20:46:45","date_gmt":"2023-07-06T23:46:45","guid":{"rendered":"https:\/\/noticiasnoface.com.br\/?p=17412"},"modified":"2023-07-06T20:46:46","modified_gmt":"2023-07-06T23:46:46","slug":"solicitacao-de-wolney-franca-cria-estagios-de-pos-graduacao-em-parnamirim","status":"publish","type":"post","link":"https:\/\/noticiasnoface.com.br\/index.php\/2023\/07\/06\/solicitacao-de-wolney-franca-cria-estagios-de-pos-graduacao-em-parnamirim\/","title":{"rendered":"<em>SOLICITA\u00c7\u00c3O DE WOLNEY FRAN\u00c7A CRIA EST\u00c1GIOS DE P\u00d3S-GRADUA\u00c7\u00c3O EM PARNAMIRIM<\/em>"},"content":{"rendered":"\n<figure class=\"wp-block-image size-large\"><img data-opt-id=1170764846  fetchpriority=\"high\" decoding=\"async\" width=\"1024\" height=\"804\" src=\"https:\/\/mlbfrsat7ahr.i.optimole.com\/w:1024\/h:804\/q:mauto\/ig:avif\/https:\/\/noticiasnoface.com.br\/wp-content\/uploads\/2023\/07\/img_7491.jpg\" class=\"wp-image-17411\" srcset=\"https:\/\/mlbfrsat7ahr.i.optimole.com\/w:1024\/h:804\/q:mauto\/ig:avif\/https:\/\/noticiasnoface.com.br\/wp-content\/uploads\/2023\/07\/img_7491.jpg 1024w, https:\/\/mlbfrsat7ahr.i.optimole.com\/w:300\/h:236\/q:mauto\/ig:avif\/https:\/\/noticiasnoface.com.br\/wp-content\/uploads\/2023\/07\/img_7491.jpg 300w, https:\/\/mlbfrsat7ahr.i.optimole.com\/w:768\/h:603\/q:mauto\/ig:avif\/https:\/\/noticiasnoface.com.br\/wp-content\/uploads\/2023\/07\/img_7491.jpg 768w, https:\/\/mlbfrsat7ahr.i.optimole.com\/w:1151\/h:904\/q:mauto\/ig:avif\/https:\/\/noticiasnoface.com.br\/wp-content\/uploads\/2023\/07\/img_7491.jpg 1151w\" sizes=\"(max-width: 1000px) 100vw, 1000px\" \/><figcaption class=\"wp-element-caption\"><em>SOLICITA\u00c7\u00c3O DE WOLNEY FRAN\u00c7A CRIA EST\u00c1GIOS DE P\u00d3S-GRADUA\u00c7\u00c3O EM PARNAMIRIM<\/em><br>Atrav\u00e9s de solicita\u00e7\u00e3o do mandato do Presidente da C\u00e2mara Municipal de Parnamirim, o vereador Wolney Fran\u00e7a, a Prefeitura de Parnamirim passar\u00e1 a ofertar bolsas de est\u00e1gio para p\u00f3s-graduandos. O Decreto n\u00ba 7.144, que cria e regulamenta a iniciativa, foi publicado no Di\u00e1rio Oficial do Munic\u00edpio na \u00faltima quarta-feira (05).<br>A solicita\u00e7\u00e3o do parlamentar foi feita em outubro de 2021, visando garantir experi\u00eancia profissional para estes estudantes: \u201cIsso amplia a oportunidade dos estudantes na conclus\u00e3o de suas forma\u00e7\u00f5es, e ao mesmo tempo a prefeitura ganha com uma m\u00e3o-de-obra mais qualificada\u201d, comemora Wolney.<br>De acordo com o decreto, as bolsas de est\u00e1gio de P\u00f3s-gradua\u00e7\u00e3o incluem especializa\u00e7\u00e3o (lato sensu), mestrado e doutorado (stricto sensu), com vencimentos de R$ 980 at\u00e9 R$ 2.881,20. A jornada de atividade do estagi\u00e1rio ser\u00e1 20 (vinte) ou 30 (trinta) horas semanais, a ser determinada de acordo com a necessidade do \u00d3rg\u00e3o.<\/figcaption><\/figure>\n","protected":false},"excerpt":{"rendered":"","protected":false},"author":1,"featured_media":0,"comment_status":"open","ping_status":"open","sticky":false,"template":"","format":"standard","meta":{"site-sidebar-layout":"default","site-content-layout":"","ast-site-content-layout":"default","site-content-style":"default","site-sidebar-style":"default","ast-global-header-display":"","ast-banner-title-visibility":"","ast-main-header-display":"","ast-hfb-above-header-display":"","ast-hfb-below-header-display":"","ast-hfb-mobile-header-display":"","site-post-title":"","ast-breadcrumbs-content":"","ast-featured-img":"","footer-sml-layout":"","ast-disable-related-posts":"","theme-transparent-header-meta":"","adv-header-id-meta":"","stick-header-meta":"","header-above-stick-meta":"","header-main-stick-meta":"","header-below-stick-meta":"","astra-migrate-meta-layouts":"default","ast-page-background-enabled":"default","ast-page-background-meta":{"desktop":{"background-color":"var(--ast-global-color-4)","background-image":"","background-repeat":"repeat","background-position":"center center","background-size":"auto","background-attachment":"scroll","background-type":"","background-media":"","overlay-type":"","overlay-color":"","overlay-opacity":"","overlay-gradient":""},"tablet":{"background-color":"","background-image":"","background-repeat":"repeat","background-position":"center center","background-size":"auto","background-attachment":"scroll","background-type":"","background-media":"","overlay-type":"","overlay-color":"","overlay-opacity":"","overlay-gradient":""},"mobile":{"background-color":"","background-image":"","background-repeat":"repeat","background-position":"center center","background-size":"auto","background-attachment":"scroll","background-type":"","background-media":"","overlay-type":"","overlay-color":"","overlay-opacity":"","overlay-gradient":""}},"ast-content-background-meta":{"desktop":{"background-color":"var(--ast-global-color-5)","background-image":"","background-repeat":"repeat","background-position":"center center","background-size":"auto","background-attachment":"scroll","background-type":"","background-media":"","overlay-type":"","overlay-color":"","overlay-opacity":"","overlay-gradient":""},"tablet":{"background-color":"var(--ast-global-color-5)","background-image":"","background-repeat":"repeat","background-position":"center center","background-size":"auto","background-attachment":"scroll","background-type":"","background-media":"","overlay-type":"","overlay-color":"","overlay-opacity":"","overlay-gradient":""},"mobile":{"background-color":"var(--ast-global-color-5)","background-image":"","background-repeat":"repeat","background-position":"center center","background-size":"auto","background-attachment":"scroll","background-type":"","background-media":"","overlay-type":"","overlay-color":"","overlay-opacity":"","overlay-gradient":""}},"footnotes":""},"categories":[517],"tags":[],"class_list":["post-17412","post","type-post","status-publish","format-standard","hentry","category-aconteceu"],"_links":{"self":[{"href":"https:\/\/noticiasnoface.com.br\/index.php\/wp-json\/wp\/v2\/posts\/17412","targetHints":{"allow":["GET"]}}],"collection":[{"href":"https:\/\/noticiasnoface.com.br\/index.php\/wp-json\/wp\/v2\/posts"}],"about":[{"href":"https:\/\/noticiasnoface.com.br\/index.php\/wp-json\/wp\/v2\/types\/post"}],"author":[{"embeddable":true,"href":"https:\/\/noticiasnoface.com.br\/index.php\/wp-json\/wp\/v2\/users\/1"}],"replies":[{"embeddable":true,"href":"https:\/\/noticiasnoface.com.br\/index.php\/wp-json\/wp\/v2\/comments?post=17412"}],"version-history":[{"count":1,"href":"https:\/\/noticiasnoface.com.br\/index.php\/wp-json\/wp\/v2\/posts\/17412\/revisions"}],"predecessor-version":[{"id":17413,"href":"https:\/\/noticiasnoface.com.br\/index.php\/wp-json\/wp\/v2\/posts\/17412\/revisions\/17413"}],"wp:attachment":[{"href":"https:\/\/noticiasnoface.com.br\/index.php\/wp-json\/wp\/v2\/media?parent=17412"}],"wp:term":[{"taxonomy":"category","embeddable":true,"href":"https:\/\/noticiasnoface.com.br\/index.php\/wp-json\/wp\/v2\/categories?post=17412"},{"taxonomy":"post_tag","embeddable":true,"href":"https:\/\/noticiasnoface.com.br\/index.php\/wp-json\/wp\/v2\/tags?post=17412"}],"curies":[{"name":"wp","href":"https:\/\/api.w.org\/{rel}","templated":true}]}}