{"id":17434,"date":"2023-07-08T10:15:47","date_gmt":"2023-07-08T13:15:47","guid":{"rendered":"https:\/\/noticiasnoface.com.br\/?p=17434"},"modified":"2023-07-08T10:15:48","modified_gmt":"2023-07-08T13:15:48","slug":"bolsonaro-e-tarcisio-se-acertam-esta-tudo-100-diz-bolsonaro","status":"publish","type":"post","link":"https:\/\/noticiasnoface.com.br\/index.php\/2023\/07\/08\/bolsonaro-e-tarcisio-se-acertam-esta-tudo-100-diz-bolsonaro\/","title":{"rendered":"Bolsonaro e Tarc\u00edsio se acertam. \u201cEst\u00e1 tudo 100%\u201d diz Bolsonaro"},"content":{"rendered":"\n<figure class=\"wp-block-image size-large\"><img data-opt-id=1895784273  fetchpriority=\"high\" decoding=\"async\" width=\"1024\" height=\"641\" src=\"https:\/\/mlbfrsat7ahr.i.optimole.com\/w:1024\/h:641\/q:mauto\/ig:avif\/https:\/\/noticiasnoface.com.br\/wp-content\/uploads\/2023\/07\/photo-output-19.jpg\" class=\"wp-image-17433\" srcset=\"https:\/\/mlbfrsat7ahr.i.optimole.com\/w:1024\/h:641\/q:mauto\/ig:avif\/https:\/\/noticiasnoface.com.br\/wp-content\/uploads\/2023\/07\/photo-output-19.jpg 1024w, https:\/\/mlbfrsat7ahr.i.optimole.com\/w:300\/h:188\/q:mauto\/ig:avif\/https:\/\/noticiasnoface.com.br\/wp-content\/uploads\/2023\/07\/photo-output-19.jpg 300w, https:\/\/mlbfrsat7ahr.i.optimole.com\/w:768\/h:480\/q:mauto\/ig:avif\/https:\/\/noticiasnoface.com.br\/wp-content\/uploads\/2023\/07\/photo-output-19.jpg 768w, https:\/\/mlbfrsat7ahr.i.optimole.com\/w:1536\/h:961\/q:mauto\/ig:avif\/https:\/\/noticiasnoface.com.br\/wp-content\/uploads\/2023\/07\/photo-output-19.jpg 1536w, https:\/\/mlbfrsat7ahr.i.optimole.com\/w:1726\/h:1080\/q:mauto\/ig:avif\/https:\/\/noticiasnoface.com.br\/wp-content\/uploads\/2023\/07\/photo-output-19.jpg 2048w\" sizes=\"(max-width: 1000px) 100vw, 1000px\" \/><figcaption class=\"wp-element-caption\">&#8216;Tudo 100%&#8217;, diz Bolsonaro ap\u00f3s encontro com Tarc\u00edsio de Freitas<br>Eles se reuniram na sexta-feira, 7, e apararam as arestas. Governador de S\u00e3o Paulo havia entrado em rota de colis\u00e3o com ex-presidente ap\u00f3s defender a reforma tribu\u00e1ria<br>Tarc\u00edsio e Bolsonaro haviam se desentendido por causa da vota\u00e7\u00e3o da reforma tribut\u00e1riaAlan Santos\/PR<br>Ap\u00f3s entrarem em atrito por conta da reforma tribut\u00e1ria, o ex-presidente Jair Bolsonaro (PL) e o governador do estado de S\u00e3o Paulo, Tarc\u00edsio Freitas (Republicanos), se encontraram na sexta-feira, 7, e apararam as arestas. <br>\u201cVoltamos o que eramos antes. Tudo 100%, conversa positiva\u201d, disse Bolsonaro \u00e0 CNN .<br>Publicidade<br>Na quinta-feira, 6, dia da vota\u00e7\u00e3o da reforma em primeiro turno, Tarc\u00edsio defendeu a reforma durante reuni\u00e3o do PL. O governador chegou a ser interrompido por Jair Bolsonaro e vaiado durante o encontro da c\u00fapula.<br>A reforma acabou aprovada por 382 votos a 118 no primeiro turno e 375 a 113 no segundo.<br>Embora o PL tenha votado majoritariamente contra a mat\u00e9ria, 20 parlamentares do partido disseram sim \u00e0 proposta no primeiro turno da vota\u00e7\u00e3o, e 18 no segundo.<br>A postura de Tarc\u00edsio chegou a ser elogiada pelo ministro da Fazenda, Fernando Haddad. Outros deputados da base governista, como Andr\u00e9 Janones (Avante-MG), tamb\u00e9m agradeceram Tarc\u00edsio pela contribui\u00e7\u00e3o \u00e0 aprova\u00e7\u00e3o da reforma.<br>Ap\u00f3s aprova\u00e7\u00e3o na C\u00e2mara dos Deputados, o texto da reforma segue para o Senado Federal. A tramita\u00e7\u00e3o deve se iniciar somente ap\u00f3s o recesso parlamentar.<\/figcaption><\/figure>\n","protected":false},"excerpt":{"rendered":"","protected":false},"author":1,"featured_media":0,"comment_status":"open","ping_status":"open","sticky":false,"template":"","format":"standard","meta":{"site-sidebar-layout":"default","site-content-layout":"","ast-site-content-layout":"default","site-content-style":"default","site-sidebar-style":"default","ast-global-header-display":"","ast-banner-title-visibility":"","ast-main-header-display":"","ast-hfb-above-header-display":"","ast-hfb-below-header-display":"","ast-hfb-mobile-header-display":"","site-post-title":"","ast-breadcrumbs-content":"","ast-featured-img":"","footer-sml-layout":"","ast-disable-related-posts":"","theme-transparent-header-meta":"","adv-header-id-meta":"","stick-header-meta":"","header-above-stick-meta":"","header-main-stick-meta":"","header-below-stick-meta":"","astra-migrate-meta-layouts":"default","ast-page-background-enabled":"default","ast-page-background-meta":{"desktop":{"background-color":"var(--ast-global-color-4)","background-image":"","background-repeat":"repeat","background-position":"center center","background-size":"auto","background-attachment":"scroll","background-type":"","background-media":"","overlay-type":"","overlay-color":"","overlay-opacity":"","overlay-gradient":""},"tablet":{"background-color":"","background-image":"","background-repeat":"repeat","background-position":"center center","background-size":"auto","background-attachment":"scroll","background-type":"","background-media":"","overlay-type":"","overlay-color":"","overlay-opacity":"","overlay-gradient":""},"mobile":{"background-color":"","background-image":"","background-repeat":"repeat","background-position":"center center","background-size":"auto","background-attachment":"scroll","background-type":"","background-media":"","overlay-type":"","overlay-color":"","overlay-opacity":"","overlay-gradient":""}},"ast-content-background-meta":{"desktop":{"background-color":"var(--ast-global-color-5)","background-image":"","background-repeat":"repeat","background-position":"center center","background-size":"auto","background-attachment":"scroll","background-type":"","background-media":"","overlay-type":"","overlay-color":"","overlay-opacity":"","overlay-gradient":""},"tablet":{"background-color":"var(--ast-global-color-5)","background-image":"","background-repeat":"repeat","background-position":"center center","background-size":"auto","background-attachment":"scroll","background-type":"","background-media":"","overlay-type":"","overlay-color":"","overlay-opacity":"","overlay-gradient":""},"mobile":{"background-color":"var(--ast-global-color-5)","background-image":"","background-repeat":"repeat","background-position":"center center","background-size":"auto","background-attachment":"scroll","background-type":"","background-media":"","overlay-type":"","overlay-color":"","overlay-opacity":"","overlay-gradient":""}},"footnotes":""},"categories":[517],"tags":[8,2229,2236,1608,751],"class_list":["post-17434","post","type-post","status-publish","format-standard","hentry","category-aconteceu","tag-bolsonaro","tag-noticas-do-face","tag-noticas-no-face","tag-paz","tag-tarcisio-freitas"],"_links":{"self":[{"href":"https:\/\/noticiasnoface.com.br\/index.php\/wp-json\/wp\/v2\/posts\/17434","targetHints":{"allow":["GET"]}}],"collection":[{"href":"https:\/\/noticiasnoface.com.br\/index.php\/wp-json\/wp\/v2\/posts"}],"about":[{"href":"https:\/\/noticiasnoface.com.br\/index.php\/wp-json\/wp\/v2\/types\/post"}],"author":[{"embeddable":true,"href":"https:\/\/noticiasnoface.com.br\/index.php\/wp-json\/wp\/v2\/users\/1"}],"replies":[{"embeddable":true,"href":"https:\/\/noticiasnoface.com.br\/index.php\/wp-json\/wp\/v2\/comments?post=17434"}],"version-history":[{"count":1,"href":"https:\/\/noticiasnoface.com.br\/index.php\/wp-json\/wp\/v2\/posts\/17434\/revisions"}],"predecessor-version":[{"id":17435,"href":"https:\/\/noticiasnoface.com.br\/index.php\/wp-json\/wp\/v2\/posts\/17434\/revisions\/17435"}],"wp:attachment":[{"href":"https:\/\/noticiasnoface.com.br\/index.php\/wp-json\/wp\/v2\/media?parent=17434"}],"wp:term":[{"taxonomy":"category","embeddable":true,"href":"https:\/\/noticiasnoface.com.br\/index.php\/wp-json\/wp\/v2\/categories?post=17434"},{"taxonomy":"post_tag","embeddable":true,"href":"https:\/\/noticiasnoface.com.br\/index.php\/wp-json\/wp\/v2\/tags?post=17434"}],"curies":[{"name":"wp","href":"https:\/\/api.w.org\/{rel}","templated":true}]}}