{"id":17447,"date":"2023-07-09T19:45:02","date_gmt":"2023-07-09T22:45:02","guid":{"rendered":"https:\/\/noticiasnoface.com.br\/?p=17447"},"modified":"2023-07-09T19:45:03","modified_gmt":"2023-07-09T22:45:03","slug":"hipocrisia-mark-zuckerberg-investe-em-ongs-anti-policia-e-gasta-43-milhoes-de-dolares-em-seguranca-pessoal","status":"publish","type":"post","link":"https:\/\/noticiasnoface.com.br\/index.php\/2023\/07\/09\/hipocrisia-mark-zuckerberg-investe-em-ongs-anti-policia-e-gasta-43-milhoes-de-dolares-em-seguranca-pessoal\/","title":{"rendered":"Hipocrisia: Mark Zuckerberg investe em ONGs anti-pol\u00edcia e gasta 43 milh\u00f5es de d\u00f3lares em seguran\u00e7a pessoal"},"content":{"rendered":"\n<figure class=\"wp-block-image size-large\"><img data-opt-id=1557629694  fetchpriority=\"high\" decoding=\"async\" width=\"1024\" height=\"765\" src=\"https:\/\/mlbfrsat7ahr.i.optimole.com\/w:1024\/h:765\/q:mauto\/ig:avif\/https:\/\/noticiasnoface.com.br\/wp-content\/uploads\/2023\/07\/photo-output-22.jpg\" class=\"wp-image-17446\" srcset=\"https:\/\/mlbfrsat7ahr.i.optimole.com\/w:1024\/h:765\/q:mauto\/ig:avif\/https:\/\/noticiasnoface.com.br\/wp-content\/uploads\/2023\/07\/photo-output-22.jpg 1024w, https:\/\/mlbfrsat7ahr.i.optimole.com\/w:300\/h:224\/q:mauto\/ig:avif\/https:\/\/noticiasnoface.com.br\/wp-content\/uploads\/2023\/07\/photo-output-22.jpg 300w, https:\/\/mlbfrsat7ahr.i.optimole.com\/w:768\/h:573\/q:mauto\/ig:avif\/https:\/\/noticiasnoface.com.br\/wp-content\/uploads\/2023\/07\/photo-output-22.jpg 768w, https:\/\/mlbfrsat7ahr.i.optimole.com\/w:1446\/h:1080\/q:mauto\/ig:avif\/https:\/\/noticiasnoface.com.br\/wp-content\/uploads\/2023\/07\/photo-output-22.jpg 1536w, https:\/\/mlbfrsat7ahr.i.optimole.com\/w:1446\/h:1080\/q:mauto\/ig:avif\/https:\/\/noticiasnoface.com.br\/wp-content\/uploads\/2023\/07\/photo-output-22.jpg 2048w\" sizes=\"(max-width: 1000px) 100vw, 1000px\" \/><figcaption class=\"wp-element-caption\">A Meta, controladora do Facebook, Instagram e WhatsApp, j\u00e1 investiu mais de 40 milh\u00f5es de d\u00f3lares na seguran\u00e7a pessoal de seu fundador, Mark Zuckerberg, nos \u00faltimos tr\u00eas anos, de acordo com divulga\u00e7\u00f5es corporativas. <br>Enquanto isso, Zuckerberg doou milh\u00f5es de d\u00f3lares para grupos extremistas que visam desfinanciar ou at\u00e9 mesmo abolir a pol\u00edcia em diversas cidades dos Estados Unidos, revelou o jornalista investigativo Lee Fang.<br>A Chan Zuckerberg Initiative (CZI), uma organiza\u00e7\u00e3o de caridade pessoal de Zuckerberg e sua esposa, Priscilla Chan, doou $3 milh\u00f5es de d\u00f3lares para a PolicyLink, a organiza\u00e7\u00e3o que criou o DefundPolice.org, que apoia ativistas para promover o &#8220;desfinanciamento da pol\u00edcia&#8221;.<br>Em seu site, o grupo anti-pol\u00edcia se orgulha de dizer que financia esfor\u00e7os para &#8220;diminuir o papel do policiamento nas comunidades e fortalecer vis\u00f5es alternativas para a seguran\u00e7a p\u00fablica&#8221;, embora n\u00e3o liste quais podem ser essas alternativas.<br>A CZI tamb\u00e9m doou mais de $2,5 milh\u00f5es para a Solidaire, que busca acabar com a pol\u00edcia. Em junho de 2022, a Solidaire relatou em uma vis\u00e3o geral de seu programa Defund The Police for Funders que liderou, orgulhosamente, o &#8220;Anti-Police Terror Project&#8221;, que afirma ter desempenhado um papel significativo na remo\u00e7\u00e3o do or\u00e7amento do Departamento de Pol\u00edcia de Oakland de $18 milh\u00f5es de d\u00f3lares.<br>A Black Lives Matter (BLM), uma organiza\u00e7\u00e3o marxista, \u00e9 uma das organiza\u00e7\u00f5es apoiadas pelo Solidaire. &#8220;Investir dinheiro no sistema de policiamento s\u00f3 amea\u00e7a as pr\u00f3prias vidas que eles supostamente protegeriam&#8221;, disse o BLM.<br>A CZI tamb\u00e9m fornece fundos anuais para um grupo comunit\u00e1rio que est\u00e1 ligado ao Departamento de Pol\u00edcia de Redwood City, a ag\u00eancia local de aplica\u00e7\u00e3o da lei que supervisiona a sede da Meta em Melo Park, na Calif\u00f3rnia, e os escrit\u00f3rios da CZI em Redwood City, segundo Fang.<br>A Meta, contudo, aumentou os seus gastos com a seguran\u00e7a de Zuckerberg para $14 milh\u00f5es em 2023, ante $10 milh\u00f5es nos \u00faltimos anos, de acordo com um documento da empresa divulgado em fevereiro.<br>Em 2021, a Meta havia destinado $27 milh\u00f5es para um &#8220;programa de seguran\u00e7a geral&#8221;, que assegurou a seguran\u00e7a de Zuckerberg, Chan e suas tr\u00eas filhas. VIA GABRIEL FERRIGNO<\/figcaption><\/figure>\n","protected":false},"excerpt":{"rendered":"","protected":false},"author":1,"featured_media":0,"comment_status":"open","ping_status":"open","sticky":false,"template":"","format":"standard","meta":{"site-sidebar-layout":"default","site-content-layout":"","ast-site-content-layout":"default","site-content-style":"default","site-sidebar-style":"default","ast-global-header-display":"","ast-banner-title-visibility":"","ast-main-header-display":"","ast-hfb-above-header-display":"","ast-hfb-below-header-display":"","ast-hfb-mobile-header-display":"","site-post-title":"","ast-breadcrumbs-content":"","ast-featured-img":"","footer-sml-layout":"","ast-disable-related-posts":"","theme-transparent-header-meta":"","adv-header-id-meta":"","stick-header-meta":"","header-above-stick-meta":"","header-main-stick-meta":"","header-below-stick-meta":"","astra-migrate-meta-layouts":"default","ast-page-background-enabled":"default","ast-page-background-meta":{"desktop":{"background-color":"var(--ast-global-color-4)","background-image":"","background-repeat":"repeat","background-position":"center center","background-size":"auto","background-attachment":"scroll","background-type":"","background-media":"","overlay-type":"","overlay-color":"","overlay-opacity":"","overlay-gradient":""},"tablet":{"background-color":"","background-image":"","background-repeat":"repeat","background-position":"center center","background-size":"auto","background-attachment":"scroll","background-type":"","background-media":"","overlay-type":"","overlay-color":"","overlay-opacity":"","overlay-gradient":""},"mobile":{"background-color":"","background-image":"","background-repeat":"repeat","background-position":"center center","background-size":"auto","background-attachment":"scroll","background-type":"","background-media":"","overlay-type":"","overlay-color":"","overlay-opacity":"","overlay-gradient":""}},"ast-content-background-meta":{"desktop":{"background-color":"var(--ast-global-color-5)","background-image":"","background-repeat":"repeat","background-position":"center center","background-size":"auto","background-attachment":"scroll","background-type":"","background-media":"","overlay-type":"","overlay-color":"","overlay-opacity":"","overlay-gradient":""},"tablet":{"background-color":"var(--ast-global-color-5)","background-image":"","background-repeat":"repeat","background-position":"center center","background-size":"auto","background-attachment":"scroll","background-type":"","background-media":"","overlay-type":"","overlay-color":"","overlay-opacity":"","overlay-gradient":""},"mobile":{"background-color":"var(--ast-global-color-5)","background-image":"","background-repeat":"repeat","background-position":"center center","background-size":"auto","background-attachment":"scroll","background-type":"","background-media":"","overlay-type":"","overlay-color":"","overlay-opacity":"","overlay-gradient":""}},"footnotes":""},"categories":[517],"tags":[3148,434,3098,50,505],"class_list":["post-17447","post","type-post","status-publish","format-standard","hentry","category-aconteceu","tag-anti-policia","tag-mark-zuckerberg","tag-noticia-no-face","tag-noticias-do-face","tag-seguranca"],"_links":{"self":[{"href":"https:\/\/noticiasnoface.com.br\/index.php\/wp-json\/wp\/v2\/posts\/17447","targetHints":{"allow":["GET"]}}],"collection":[{"href":"https:\/\/noticiasnoface.com.br\/index.php\/wp-json\/wp\/v2\/posts"}],"about":[{"href":"https:\/\/noticiasnoface.com.br\/index.php\/wp-json\/wp\/v2\/types\/post"}],"author":[{"embeddable":true,"href":"https:\/\/noticiasnoface.com.br\/index.php\/wp-json\/wp\/v2\/users\/1"}],"replies":[{"embeddable":true,"href":"https:\/\/noticiasnoface.com.br\/index.php\/wp-json\/wp\/v2\/comments?post=17447"}],"version-history":[{"count":1,"href":"https:\/\/noticiasnoface.com.br\/index.php\/wp-json\/wp\/v2\/posts\/17447\/revisions"}],"predecessor-version":[{"id":17448,"href":"https:\/\/noticiasnoface.com.br\/index.php\/wp-json\/wp\/v2\/posts\/17447\/revisions\/17448"}],"wp:attachment":[{"href":"https:\/\/noticiasnoface.com.br\/index.php\/wp-json\/wp\/v2\/media?parent=17447"}],"wp:term":[{"taxonomy":"category","embeddable":true,"href":"https:\/\/noticiasnoface.com.br\/index.php\/wp-json\/wp\/v2\/categories?post=17447"},{"taxonomy":"post_tag","embeddable":true,"href":"https:\/\/noticiasnoface.com.br\/index.php\/wp-json\/wp\/v2\/tags?post=17447"}],"curies":[{"name":"wp","href":"https:\/\/api.w.org\/{rel}","templated":true}]}}