{"id":17461,"date":"2023-07-10T14:51:14","date_gmt":"2023-07-10T17:51:14","guid":{"rendered":"https:\/\/noticiasnoface.com.br\/?p=17461"},"modified":"2023-07-10T14:51:16","modified_gmt":"2023-07-10T17:51:16","slug":"general-girao-se-pronuncia-apos-abertura-de-inquerito-pelo-stf","status":"publish","type":"post","link":"https:\/\/noticiasnoface.com.br\/index.php\/2023\/07\/10\/general-girao-se-pronuncia-apos-abertura-de-inquerito-pelo-stf\/","title":{"rendered":"General Gir\u00e3o se pronuncia ap\u00f3s abertura de inqu\u00e9rito pelo STF"},"content":{"rendered":"\n<figure class=\"wp-block-image size-large\"><img data-opt-id=65718989  fetchpriority=\"high\" decoding=\"async\" width=\"1024\" height=\"1024\" src=\"https:\/\/mlbfrsat7ahr.i.optimole.com\/w:1024\/h:1024\/q:mauto\/ig:avif\/https:\/\/noticiasnoface.com.br\/wp-content\/uploads\/2023\/07\/photo-output-26.jpg\" class=\"wp-image-17460\" srcset=\"https:\/\/mlbfrsat7ahr.i.optimole.com\/w:1024\/h:1024\/q:mauto\/ig:avif\/https:\/\/noticiasnoface.com.br\/wp-content\/uploads\/2023\/07\/photo-output-26.jpg 1024w, https:\/\/mlbfrsat7ahr.i.optimole.com\/w:300\/h:300\/q:mauto\/ig:avif\/https:\/\/noticiasnoface.com.br\/wp-content\/uploads\/2023\/07\/photo-output-26.jpg 300w, https:\/\/mlbfrsat7ahr.i.optimole.com\/w:150\/h:150\/q:mauto\/ig:avif\/https:\/\/noticiasnoface.com.br\/wp-content\/uploads\/2023\/07\/photo-output-26.jpg 150w, https:\/\/mlbfrsat7ahr.i.optimole.com\/w:768\/h:768\/q:mauto\/ig:avif\/https:\/\/noticiasnoface.com.br\/wp-content\/uploads\/2023\/07\/photo-output-26.jpg 768w, https:\/\/mlbfrsat7ahr.i.optimole.com\/w:1080\/h:1080\/q:mauto\/ig:avif\/https:\/\/noticiasnoface.com.br\/wp-content\/uploads\/2023\/07\/photo-output-26.jpg 1536w, https:\/\/mlbfrsat7ahr.i.optimole.com\/w:600\/h:600\/q:mauto\/ig:avif\/https:\/\/noticiasnoface.com.br\/wp-content\/uploads\/2023\/07\/photo-output-26.jpg 600w, https:\/\/mlbfrsat7ahr.i.optimole.com\/w:1080\/h:1080\/q:mauto\/ig:avif\/https:\/\/noticiasnoface.com.br\/wp-content\/uploads\/2023\/07\/photo-output-26.jpg 2048w\" sizes=\"(max-width: 1000px) 100vw, 1000px\" \/><figcaption class=\"wp-element-caption\"><em>Gir\u00e3o se pronuncia ap\u00f3s abertura de inqu\u00e9rito no STF: \u201cQue a verdade, a justi\u00e7a e a liberdade prevale\u00e7am\u201d<\/em><br>O ministro Alexandre de Moraes, do Supremo Tribunal Federal (STF), determinou, na \u00faltima quinta-feira (6), a abertura de inqu\u00e9rito para investigar se o deputado General Gir\u00e3o (PL-RN) incitou os atos de vandalismos de 8 de janeiro. A abertura do inqu\u00e9rito atende a pedidos da Procuradoria-Geral da Rep\u00fablica (PGR) e da Pol\u00edcia Federal. A investiga\u00e7\u00e3o ter\u00e1 prazo inicial de 60 dias.<br>A Pol\u00edcia Federal aponta que postagens nas redes sociais do General Gir\u00e3o tiveram a inten\u00e7\u00e3o de incitar os atos ocorridos no dia 8 de janeiro. Em nota, o Deputado Federal pelo Rio Grande do Norte discorda que a postagem contenha algum est\u00edmulo \u00e0 depreda\u00e7\u00e3o, vandalismo ou golpe, e que ele respeita rigorosamente a Constitui\u00e7\u00e3o Federal.<br><em>Nota do General Gir\u00e3o<\/em><br><em>Eis que \u00e9 da minha \u00edndole militar cultivar o amor \u00e0 P\u00e1tria e respeito pelo meu Pa\u00eds e, consequentemente, pelos Poderes que o constitui. Nesse contexto, especialmente, quanto aos Poderes, vale destacar que, com muito orgulho, sou um dos integrantes do Congresso Nacional e representante leg\u00edtimo de dezenas de milhares de eleitores do Rio Grande do Norte. N\u00e3o obstante aos fatos, a verdade evidenciada \u00e9 que tenho sido atuante como parlamentar e acumulo not\u00f3rias melhorias oferecidas para a popula\u00e7\u00e3o do meu Estado, atrav\u00e9s do mandato que, segundo a aprova\u00e7\u00e3o dos potiguares, fui eleito e reeleito.<\/em><br><em>Sendo assim, diuturnamente, tenho demonstrado o empenho e dedica\u00e7\u00e3o sem quaisquer prop\u00f3sitos de incita\u00e7\u00e3o a atos antidemocr\u00e1ticos. Muito menos, ter estimulado a viol\u00eancia contra qualquer Institui\u00e7\u00e3o, da qual sou membro ou estabelecida pela nossa Constitui\u00e7\u00e3o.<\/em><br><em>Quanto aos demais esclarecimentos, me reservo no direito de extern\u00e1-los no \u00e2mbito do Poder Judici\u00e1rio, onde demonstrarei e provarei mais uma vez minha inoc\u00eancia. Eu respeito e sempre respeitarei, rigorosamente, a Constitui\u00e7\u00e3o Federal.<\/em><br><em>Que a verdade, a justi\u00e7a e a liberdade prevale\u00e7am.<\/em><br><em>General Gir\u00e3o<\/em><br><em>Deputado Federal \u2013 PL RN<\/em><\/figcaption><\/figure>\n","protected":false},"excerpt":{"rendered":"","protected":false},"author":1,"featured_media":0,"comment_status":"open","ping_status":"open","sticky":false,"template":"","format":"standard","meta":{"site-sidebar-layout":"default","site-content-layout":"","ast-site-content-layout":"default","site-content-style":"default","site-sidebar-style":"default","ast-global-header-display":"","ast-banner-title-visibility":"","ast-main-header-display":"","ast-hfb-above-header-display":"","ast-hfb-below-header-display":"","ast-hfb-mobile-header-display":"","site-post-title":"","ast-breadcrumbs-content":"","ast-featured-img":"","footer-sml-layout":"","ast-disable-related-posts":"","theme-transparent-header-meta":"","adv-header-id-meta":"","stick-header-meta":"","header-above-stick-meta":"","header-main-stick-meta":"","header-below-stick-meta":"","astra-migrate-meta-layouts":"default","ast-page-background-enabled":"default","ast-page-background-meta":{"desktop":{"background-color":"var(--ast-global-color-4)","background-image":"","background-repeat":"repeat","background-position":"center center","background-size":"auto","background-attachment":"scroll","background-type":"","background-media":"","overlay-type":"","overlay-color":"","overlay-opacity":"","overlay-gradient":""},"tablet":{"background-color":"","background-image":"","background-repeat":"repeat","background-position":"center center","background-size":"auto","background-attachment":"scroll","background-type":"","background-media":"","overlay-type":"","overlay-color":"","overlay-opacity":"","overlay-gradient":""},"mobile":{"background-color":"","background-image":"","background-repeat":"repeat","background-position":"center center","background-size":"auto","background-attachment":"scroll","background-type":"","background-media":"","overlay-type":"","overlay-color":"","overlay-opacity":"","overlay-gradient":""}},"ast-content-background-meta":{"desktop":{"background-color":"var(--ast-global-color-5)","background-image":"","background-repeat":"repeat","background-position":"center center","background-size":"auto","background-attachment":"scroll","background-type":"","background-media":"","overlay-type":"","overlay-color":"","overlay-opacity":"","overlay-gradient":""},"tablet":{"background-color":"var(--ast-global-color-5)","background-image":"","background-repeat":"repeat","background-position":"center center","background-size":"auto","background-attachment":"scroll","background-type":"","background-media":"","overlay-type":"","overlay-color":"","overlay-opacity":"","overlay-gradient":""},"mobile":{"background-color":"var(--ast-global-color-5)","background-image":"","background-repeat":"repeat","background-position":"center center","background-size":"auto","background-attachment":"scroll","background-type":"","background-media":"","overlay-type":"","overlay-color":"","overlay-opacity":"","overlay-gradient":""}},"footnotes":""},"categories":[517],"tags":[1584,3152,2513,2229,6],"class_list":["post-17461","post","type-post","status-publish","format-standard","hentry","category-aconteceu","tag-general-girao","tag-general-girao-se-pronuncia","tag-inquerito","tag-noticas-do-face","tag-stf"],"_links":{"self":[{"href":"https:\/\/noticiasnoface.com.br\/index.php\/wp-json\/wp\/v2\/posts\/17461","targetHints":{"allow":["GET"]}}],"collection":[{"href":"https:\/\/noticiasnoface.com.br\/index.php\/wp-json\/wp\/v2\/posts"}],"about":[{"href":"https:\/\/noticiasnoface.com.br\/index.php\/wp-json\/wp\/v2\/types\/post"}],"author":[{"embeddable":true,"href":"https:\/\/noticiasnoface.com.br\/index.php\/wp-json\/wp\/v2\/users\/1"}],"replies":[{"embeddable":true,"href":"https:\/\/noticiasnoface.com.br\/index.php\/wp-json\/wp\/v2\/comments?post=17461"}],"version-history":[{"count":1,"href":"https:\/\/noticiasnoface.com.br\/index.php\/wp-json\/wp\/v2\/posts\/17461\/revisions"}],"predecessor-version":[{"id":17462,"href":"https:\/\/noticiasnoface.com.br\/index.php\/wp-json\/wp\/v2\/posts\/17461\/revisions\/17462"}],"wp:attachment":[{"href":"https:\/\/noticiasnoface.com.br\/index.php\/wp-json\/wp\/v2\/media?parent=17461"}],"wp:term":[{"taxonomy":"category","embeddable":true,"href":"https:\/\/noticiasnoface.com.br\/index.php\/wp-json\/wp\/v2\/categories?post=17461"},{"taxonomy":"post_tag","embeddable":true,"href":"https:\/\/noticiasnoface.com.br\/index.php\/wp-json\/wp\/v2\/tags?post=17461"}],"curies":[{"name":"wp","href":"https:\/\/api.w.org\/{rel}","templated":true}]}}