{"id":17465,"date":"2023-07-10T22:25:25","date_gmt":"2023-07-11T01:25:25","guid":{"rendered":"https:\/\/noticiasnoface.com.br\/?p=17465"},"modified":"2023-07-10T22:25:25","modified_gmt":"2023-07-11T01:25:25","slug":"frente-parlamentar-de-cultura-visita-obras-do-teatro-sandoval-wanderley-2","status":"publish","type":"post","link":"https:\/\/noticiasnoface.com.br\/index.php\/2023\/07\/10\/frente-parlamentar-de-cultura-visita-obras-do-teatro-sandoval-wanderley-2\/","title":{"rendered":"Frente Parlamentar de Cultura visita obras do Teatro Sandoval Wanderley"},"content":{"rendered":"\n<figure class=\"wp-block-image\"><img data-opt-id=1136689414  fetchpriority=\"high\" decoding=\"async\" src=\"https:\/\/www.cmnat.rn.gov.br\/_ups\/noticias\/2023\/07\/07\/299033a8ddf622152e83d3e8f88218c8.jpeg\" alt=\"\"\/><figcaption class=\"wp-element-caption\">Nesta quinta-feira (06), a Frente Parlamentar de Cultura da C\u00e2mara Municipal de Natal visitou a obra do Teatro Municipal Sandoval Wanderley, localizado no bairro do Alecrim, que passa por completa reforma em sua estrutura. A fiscaliza\u00e7\u00e3o no local foi conduzida pela presidente da Frente Parlamentar, vereadora Brisa Bracchi (PT), que reuniu a equipe t\u00e9cnica da Prefeitura em busca de informa\u00e7\u00f5es sobre a obra.<br>De acordo com a vereadora Brisa Bracchi, o Legislativo natalense faz o acompanhamento da reforma do equipamento desde o in\u00edcio dos trabalhos. &#8220;Quando a gente esteve aqui pela primeira vez, a obra ainda nem tinha come\u00e7ado. Retornamos, agora, com o processo em andamento, para ver na pr\u00e1tica o que est\u00e1 no projeto do novo &#8220;Teatro do Povo&#8221;, como \u00e9 conhecido o Sandoval Wanderley&#8221;, justificou.<br>&#8220;Esse teatro tem um papel hist\u00f3rico, social e pol\u00edtico muito importante para a capital potiguar. N\u00e3o \u00e9 \u00e0 toa que existe uma grande preocupa\u00e7\u00e3o em restaurar este espa\u00e7o, fechado a mais de dez anos. Portanto, precisamos garantir que os servi\u00e7os aconte\u00e7am dentro do melhor tr\u00e2mite poss\u00edvel, a fim de que possa ser finalizada e que o teatro seja devolvido para a popula\u00e7\u00e3o&#8221;, acrescentou. <br>Por sua vez, o diretor do Teatro Sandoval Wanderley, Lenilton Teixeira, informou que a parte da reforma que trata da alvenaria j\u00e1 foi conclu\u00edda (banheiros, camarins, divis\u00f3rias etc.). &#8220;Ou seja, o que tinha que ser levantado est\u00e1 executado. De resto, temos o acabamento, arruma\u00e7\u00e3o e calhas de luz para fazer. \u00c9 importante dizer que as chuvas, rotineiras neste per\u00edodo do ano, atrapalharam um pouco o andamento dos trabalhos. Mas, a despeito disso, a obra est\u00e1 num est\u00e1gio avan\u00e7ado. Por este motivo, acredito que tudo poder\u00e1 estar pronto em novembro&#8221;, avaliou.<br>A arquiteta D\u00e9bora Mendes, autora do projeto de reforma do teatro, pontuou que o espa\u00e7o ter\u00e1, no pavimento t\u00e9rreo, uma sala multiuso para reuni\u00f5es e ensaios, al\u00e9m de um caf\u00e9. &#8220;O segundo pavimento, que \u00e9 a sala de espet\u00e1culo, vai seguir da forma como era. O pr\u00e9dio seguir\u00e1 todas as normas de acessibilidade, alinhado com a legisla\u00e7\u00e3o que temos hoje. A boa not\u00edcia \u00e9 que a Prefeitura conseguiu a doa\u00e7\u00e3o de um terreno da Escola Estadual Jo\u00e3o Tib\u00farcio, que funciona na lateral do teatro, ajudando a ampliar a \u00e1rea do Sandoval&#8221;, disse ele, que completou: &#8220;Trata-se de um projeto elaborado de forma coletiva. Entrevistei muita gente, especialmente artistas da cidade que j\u00e1 tinham usado o teatro na \u00e9poca que ele funcionava. O meu desejo, e acredito que seja o desejo de todos os natalenses, \u00e9 que o teatro volte a funcionar num bairro popular como o Alecrim, para que mais pessoas tenham acesso a cultura&#8221;.<br><strong><em>Texto: Junior Martins<br>Fotos: Elp\u00eddio J\u00fanior<\/em><\/strong><\/figcaption><\/figure>\n","protected":false},"excerpt":{"rendered":"","protected":false},"author":1,"featured_media":0,"comment_status":"open","ping_status":"open","sticky":false,"template":"","format":"standard","meta":{"site-sidebar-layout":"default","site-content-layout":"","ast-site-content-layout":"default","site-content-style":"default","site-sidebar-style":"default","ast-global-header-display":"","ast-banner-title-visibility":"","ast-main-header-display":"","ast-hfb-above-header-display":"","ast-hfb-below-header-display":"","ast-hfb-mobile-header-display":"","site-post-title":"","ast-breadcrumbs-content":"","ast-featured-img":"","footer-sml-layout":"","ast-disable-related-posts":"","theme-transparent-header-meta":"","adv-header-id-meta":"","stick-header-meta":"","header-above-stick-meta":"","header-main-stick-meta":"","header-below-stick-meta":"","astra-migrate-meta-layouts":"default","ast-page-background-enabled":"default","ast-page-background-meta":{"desktop":{"background-color":"var(--ast-global-color-4)","background-image":"","background-repeat":"repeat","background-position":"center center","background-size":"auto","background-attachment":"scroll","background-type":"","background-media":"","overlay-type":"","overlay-color":"","overlay-opacity":"","overlay-gradient":""},"tablet":{"background-color":"","background-image":"","background-repeat":"repeat","background-position":"center center","background-size":"auto","background-attachment":"scroll","background-type":"","background-media":"","overlay-type":"","overlay-color":"","overlay-opacity":"","overlay-gradient":""},"mobile":{"background-color":"","background-image":"","background-repeat":"repeat","background-position":"center center","background-size":"auto","background-attachment":"scroll","background-type":"","background-media":"","overlay-type":"","overlay-color":"","overlay-opacity":"","overlay-gradient":""}},"ast-content-background-meta":{"desktop":{"background-color":"var(--ast-global-color-5)","background-image":"","background-repeat":"repeat","background-position":"center center","background-size":"auto","background-attachment":"scroll","background-type":"","background-media":"","overlay-type":"","overlay-color":"","overlay-opacity":"","overlay-gradient":""},"tablet":{"background-color":"var(--ast-global-color-5)","background-image":"","background-repeat":"repeat","background-position":"center center","background-size":"auto","background-attachment":"scroll","background-type":"","background-media":"","overlay-type":"","overlay-color":"","overlay-opacity":"","overlay-gradient":""},"mobile":{"background-color":"var(--ast-global-color-5)","background-image":"","background-repeat":"repeat","background-position":"center center","background-size":"auto","background-attachment":"scroll","background-type":"","background-media":"","overlay-type":"","overlay-color":"","overlay-opacity":"","overlay-gradient":""}},"footnotes":""},"categories":[517],"tags":[],"class_list":["post-17465","post","type-post","status-publish","format-standard","hentry","category-aconteceu"],"_links":{"self":[{"href":"https:\/\/noticiasnoface.com.br\/index.php\/wp-json\/wp\/v2\/posts\/17465","targetHints":{"allow":["GET"]}}],"collection":[{"href":"https:\/\/noticiasnoface.com.br\/index.php\/wp-json\/wp\/v2\/posts"}],"about":[{"href":"https:\/\/noticiasnoface.com.br\/index.php\/wp-json\/wp\/v2\/types\/post"}],"author":[{"embeddable":true,"href":"https:\/\/noticiasnoface.com.br\/index.php\/wp-json\/wp\/v2\/users\/1"}],"replies":[{"embeddable":true,"href":"https:\/\/noticiasnoface.com.br\/index.php\/wp-json\/wp\/v2\/comments?post=17465"}],"version-history":[{"count":1,"href":"https:\/\/noticiasnoface.com.br\/index.php\/wp-json\/wp\/v2\/posts\/17465\/revisions"}],"predecessor-version":[{"id":17466,"href":"https:\/\/noticiasnoface.com.br\/index.php\/wp-json\/wp\/v2\/posts\/17465\/revisions\/17466"}],"wp:attachment":[{"href":"https:\/\/noticiasnoface.com.br\/index.php\/wp-json\/wp\/v2\/media?parent=17465"}],"wp:term":[{"taxonomy":"category","embeddable":true,"href":"https:\/\/noticiasnoface.com.br\/index.php\/wp-json\/wp\/v2\/categories?post=17465"},{"taxonomy":"post_tag","embeddable":true,"href":"https:\/\/noticiasnoface.com.br\/index.php\/wp-json\/wp\/v2\/tags?post=17465"}],"curies":[{"name":"wp","href":"https:\/\/api.w.org\/{rel}","templated":true}]}}