{"id":17468,"date":"2023-07-10T22:29:24","date_gmt":"2023-07-11T01:29:24","guid":{"rendered":"https:\/\/noticiasnoface.com.br\/?p=17468"},"modified":"2023-07-10T22:29:24","modified_gmt":"2023-07-11T01:29:24","slug":"ze-humberto-assume-mandato-na-camara-de-natal","status":"publish","type":"post","link":"https:\/\/noticiasnoface.com.br\/index.php\/2023\/07\/10\/ze-humberto-assume-mandato-na-camara-de-natal\/","title":{"rendered":"Z\u00e9 Humberto assume mandato na C\u00e2mara de Natal"},"content":{"rendered":"\n<figure class=\"wp-block-image size-large\"><img data-opt-id=1046766183  fetchpriority=\"high\" decoding=\"async\" width=\"1024\" height=\"866\" src=\"https:\/\/mlbfrsat7ahr.i.optimole.com\/w:1024\/h:866\/q:mauto\/ig:avif\/https:\/\/noticiasnoface.com.br\/wp-content\/uploads\/2023\/07\/img_7684.jpg\" class=\"wp-image-17467\" srcset=\"https:\/\/mlbfrsat7ahr.i.optimole.com\/w:1024\/h:866\/q:mauto\/ig:avif\/https:\/\/noticiasnoface.com.br\/wp-content\/uploads\/2023\/07\/img_7684.jpg 1024w, https:\/\/mlbfrsat7ahr.i.optimole.com\/w:300\/h:254\/q:mauto\/ig:avif\/https:\/\/noticiasnoface.com.br\/wp-content\/uploads\/2023\/07\/img_7684.jpg 300w, https:\/\/mlbfrsat7ahr.i.optimole.com\/w:768\/h:649\/q:mauto\/ig:avif\/https:\/\/noticiasnoface.com.br\/wp-content\/uploads\/2023\/07\/img_7684.jpg 768w, https:\/\/mlbfrsat7ahr.i.optimole.com\/w:1277\/h:1080\/q:mauto\/ig:avif\/https:\/\/noticiasnoface.com.br\/wp-content\/uploads\/2023\/07\/img_7684.jpg 1536w, https:\/\/mlbfrsat7ahr.i.optimole.com\/w:1277\/h:1080\/q:mauto\/ig:avif\/https:\/\/noticiasnoface.com.br\/wp-content\/uploads\/2023\/07\/img_7684.jpg 1600w\" sizes=\"(max-width: 1000px) 100vw, 1000px\" \/><figcaption class=\"wp-element-caption\">Jos\u00e9 Humberto assinou na manh\u00e3 desta quarta-feia (5) o termo de posse para assumir por 60 dias o mandato de vereador na C\u00e2mara Municipal de Natal. Ele \u00e9 o primeiro suplente do vereador T\u00e9rcio Tinoco (Uni\u00e3o Brasil), que se licencia do cargo em raz\u00e3o de uma cirurgia m\u00e9dica.<br>Z\u00e9 Humberto chega a CMN carregando consigo o trabalho comunit\u00e1rio realizado em M\u00e3e Luiza. O agora empossado vereador diz conhecer os problemas da capital. Humberto disputou por quatro vezes uma cadeira no legislativo natalense.<br>&#8220;Eu quero agradecer a Deus e ao vereador T\u00e9rcio Tinoco por essa oportunidade. \u00c9 uma nova experi\u00eancia que se abre. Quero representar bem o povo de M\u00e3e Luiza e o povo de Natal. E \u00e9 tudo no tempo de Deus, para cada momento da nossa vida. Ent\u00e3o, acredito muito que T\u00e9rcio em breve vai estar aqui novamente com a sua luta, dedica\u00e7\u00e3o e sua for\u00e7a para continuar o seu trabalho. Nesse tempo, com certeza, vou estar aqui dando continuidade nesse processo,&#8221; disse o novo parlamentar. <br>&#8220;Em primeiro lugar, agora \u00e9 cuidar da sa\u00fade. Fazer todos os exames necess\u00e1rios para os m\u00e9dicos avaliarem qual \u00e9 o melhor procedimento. Estou com o es\u00f4fago perfurado devido a um parafuso de tit\u00e2nio que coloquei na coluna na cervical. Agora \u00e9 focar na sa\u00fade e se Deus quiser voltar com for\u00e7a total j\u00e1 no final de agosto. Estou muito confiante e entregue nas m\u00e3os de Deus. Quero agradecer a toda a popula\u00e7\u00e3o de Natal que t\u00e1 rezando pela minha sa\u00fade. E tamb\u00e9m quero parabenizar meu amigo Z\u00e9 Humberto e dizer que desejo muita sorte nesses 60 dias de Mandato,&#8221; falou o vereador T\u00e9rcio Tinoco.  <br>A posse foi dada pelo presidente da Casa, vereador Eriko J\u00e1come (MDB) que destacou a atua\u00e7\u00e3o do parlamentar. &#8220;\u00c9 um momento de muita honra a chegada do amigo Z\u00e9 Humberto ao poder legislativo. Um l\u00edder comunit\u00e1rio da zona leste de Natal na qual faz um excelente trabalho e eu como presidente dessa Casa venho empossar e desejar toda a felicidade do mundo. Que ele fa\u00e7a nesse per\u00edodo do afastamento do vereador T\u00e9rcio o melhor mandato poss\u00edvel\u201d, declarou o presidente.<br>Os vereadores Eribaldo Medeiros (PSB), Brisa Bracchi (PT), Herberth Sena (PSDB), Nina Souza (PDT) e Robson Carvalho (Uni\u00e3o Brasil) prestigiaram a posse. <br>Texto: Phablo Galv\u00e3o<br>Foto: Francisco de Assis<\/figcaption><\/figure>\n","protected":false},"excerpt":{"rendered":"","protected":false},"author":1,"featured_media":0,"comment_status":"open","ping_status":"open","sticky":false,"template":"","format":"standard","meta":{"site-sidebar-layout":"default","site-content-layout":"","ast-site-content-layout":"default","site-content-style":"default","site-sidebar-style":"default","ast-global-header-display":"","ast-banner-title-visibility":"","ast-main-header-display":"","ast-hfb-above-header-display":"","ast-hfb-below-header-display":"","ast-hfb-mobile-header-display":"","site-post-title":"","ast-breadcrumbs-content":"","ast-featured-img":"","footer-sml-layout":"","ast-disable-related-posts":"","theme-transparent-header-meta":"","adv-header-id-meta":"","stick-header-meta":"","header-above-stick-meta":"","header-main-stick-meta":"","header-below-stick-meta":"","astra-migrate-meta-layouts":"default","ast-page-background-enabled":"default","ast-page-background-meta":{"desktop":{"background-color":"var(--ast-global-color-4)","background-image":"","background-repeat":"repeat","background-position":"center center","background-size":"auto","background-attachment":"scroll","background-type":"","background-media":"","overlay-type":"","overlay-color":"","overlay-opacity":"","overlay-gradient":""},"tablet":{"background-color":"","background-image":"","background-repeat":"repeat","background-position":"center center","background-size":"auto","background-attachment":"scroll","background-type":"","background-media":"","overlay-type":"","overlay-color":"","overlay-opacity":"","overlay-gradient":""},"mobile":{"background-color":"","background-image":"","background-repeat":"repeat","background-position":"center center","background-size":"auto","background-attachment":"scroll","background-type":"","background-media":"","overlay-type":"","overlay-color":"","overlay-opacity":"","overlay-gradient":""}},"ast-content-background-meta":{"desktop":{"background-color":"var(--ast-global-color-5)","background-image":"","background-repeat":"repeat","background-position":"center center","background-size":"auto","background-attachment":"scroll","background-type":"","background-media":"","overlay-type":"","overlay-color":"","overlay-opacity":"","overlay-gradient":""},"tablet":{"background-color":"var(--ast-global-color-5)","background-image":"","background-repeat":"repeat","background-position":"center center","background-size":"auto","background-attachment":"scroll","background-type":"","background-media":"","overlay-type":"","overlay-color":"","overlay-opacity":"","overlay-gradient":""},"mobile":{"background-color":"var(--ast-global-color-5)","background-image":"","background-repeat":"repeat","background-position":"center center","background-size":"auto","background-attachment":"scroll","background-type":"","background-media":"","overlay-type":"","overlay-color":"","overlay-opacity":"","overlay-gradient":""}},"footnotes":""},"categories":[517],"tags":[],"class_list":["post-17468","post","type-post","status-publish","format-standard","hentry","category-aconteceu"],"_links":{"self":[{"href":"https:\/\/noticiasnoface.com.br\/index.php\/wp-json\/wp\/v2\/posts\/17468","targetHints":{"allow":["GET"]}}],"collection":[{"href":"https:\/\/noticiasnoface.com.br\/index.php\/wp-json\/wp\/v2\/posts"}],"about":[{"href":"https:\/\/noticiasnoface.com.br\/index.php\/wp-json\/wp\/v2\/types\/post"}],"author":[{"embeddable":true,"href":"https:\/\/noticiasnoface.com.br\/index.php\/wp-json\/wp\/v2\/users\/1"}],"replies":[{"embeddable":true,"href":"https:\/\/noticiasnoface.com.br\/index.php\/wp-json\/wp\/v2\/comments?post=17468"}],"version-history":[{"count":1,"href":"https:\/\/noticiasnoface.com.br\/index.php\/wp-json\/wp\/v2\/posts\/17468\/revisions"}],"predecessor-version":[{"id":17469,"href":"https:\/\/noticiasnoface.com.br\/index.php\/wp-json\/wp\/v2\/posts\/17468\/revisions\/17469"}],"wp:attachment":[{"href":"https:\/\/noticiasnoface.com.br\/index.php\/wp-json\/wp\/v2\/media?parent=17468"}],"wp:term":[{"taxonomy":"category","embeddable":true,"href":"https:\/\/noticiasnoface.com.br\/index.php\/wp-json\/wp\/v2\/categories?post=17468"},{"taxonomy":"post_tag","embeddable":true,"href":"https:\/\/noticiasnoface.com.br\/index.php\/wp-json\/wp\/v2\/tags?post=17468"}],"curies":[{"name":"wp","href":"https:\/\/api.w.org\/{rel}","templated":true}]}}