{"id":17474,"date":"2023-07-12T09:02:59","date_gmt":"2023-07-12T12:02:59","guid":{"rendered":"https:\/\/noticiasnoface.com.br\/?p=17474"},"modified":"2023-07-12T09:03:00","modified_gmt":"2023-07-12T12:03:00","slug":"artigo-derrubem-nossas-arvores-por-marcus-aragao","status":"publish","type":"post","link":"https:\/\/noticiasnoface.com.br\/index.php\/2023\/07\/12\/artigo-derrubem-nossas-arvores-por-marcus-aragao\/","title":{"rendered":"ARTIGO: Derrubem nossas \u00e1rvores. Por Marcus Arag\u00e3o"},"content":{"rendered":"\n<figure class=\"wp-block-image size-large\"><img data-opt-id=1360137951  fetchpriority=\"high\" decoding=\"async\" width=\"300\" height=\"212\" src=\"https:\/\/mlbfrsat7ahr.i.optimole.com\/w:300\/h:212\/q:mauto\/ig:avif\/https:\/\/noticiasnoface.com.br\/wp-content\/uploads\/2023\/07\/img_7703.png\" class=\"wp-image-17473\" srcset=\"https:\/\/mlbfrsat7ahr.i.optimole.com\/w:300\/h:212\/q:mauto\/ig:avif\/https:\/\/noticiasnoface.com.br\/wp-content\/uploads\/2023\/07\/img_7703.png 300w, https:\/\/mlbfrsat7ahr.i.optimole.com\/w:768\/h:543\/q:mauto\/ig:avif\/https:\/\/noticiasnoface.com.br\/wp-content\/uploads\/2023\/07\/img_7703.png 768w, https:\/\/mlbfrsat7ahr.i.optimole.com\/w:984\/h:696\/q:mauto\/ig:avif\/https:\/\/noticiasnoface.com.br\/wp-content\/uploads\/2023\/07\/img_7703.png 984w\" sizes=\"(max-width: 300px) 100vw, 300px\" \/><figcaption class=\"wp-element-caption\">Lembro quando pedi que aparassem o maior cajueiro do mundo, no artigo de 2021, pois est\u00e1vamos ref\u00e9ns desta enorme planta e de outros vegetais que militam na pol\u00edtica.<br>A irrita\u00e7\u00e3o e o estresse s\u00e3o gerais quando anualmente passamos por Pirangi e vemos nosso cajueiro invadindo a passagem cada vez mais estreita da rua. Em janeiro, temos que enfrentar quil\u00f4metros de filas, pois ningu\u00e9m tem coragem de aparar alguns galhos que avan\u00e7am sobre a rua. Sabe por qu\u00ea? Porque no outro dia, algum pol\u00edtico vai chamar as crian\u00e7as do col\u00e9gio para abra\u00e7arem o cajueiro e fazer um desenho ao lado da \u00e1rvore. No final, close na l\u00e1grima da crian\u00e7a com a emo\u00e7\u00e3o manipulada \u2014 tudo devidamente filmado e disponibilizado nas TVs e redes sociais.<br>Meu espanto foi zero quando assisti ao pol\u00edtico local se acorrentar \u00e0 \u00e1rvore que impedia o tr\u00e2nsito na avenida Jaguarari. Essa foi uma cena plantada para colher frutos eleitoreiros. A princ\u00edpio, acredito que n\u00e3o dever\u00edamos desacorrentar o sujeito, pois ele ainda est\u00e1 verde \u2014 devemos esperar amadurecer. Ora, veja bem, querer ficar \u00e0 sombra de uma narrativa estapaf\u00fardia dessas s\u00f3 \u00e9 imagin\u00e1vel numa terra onde a educa\u00e7\u00e3o n\u00e3o floresce \u2014 O Rio Grande do Norte apresenta o 3\u00ba pior IDEB (\u00cdndice de Desenvolvimento da Educa\u00e7\u00e3o B\u00e1sica) do Brasil. Estamos em 2023 e ainda continuamos acorrentados na Idade M\u00e9dia, esperando o renascimento. O Iluminismo defende a raz\u00e3o, o progresso, a ci\u00eancia e o humanismo. Por todas essas raz\u00f5es, devemos cortar as \u00e1rvores localizadas nas vias de grande fluxo. Veja por qu\u00ea.<br>Para iluminar as ideias, \u00e9 aconselh\u00e1vel sempre analisar os pr\u00f3s e contras para poder decidir. Ou seja, usar a raz\u00e3o e a ci\u00eancia para permitir o progresso que beneficiar\u00e1 o homem. \u00c9 l\u00f3gico que existem diversas interfer\u00eancias que podemos fazer no tr\u00e2nsito, mas n\u00e3o \u00e9 por isso que vamos podar as mais simples e econ\u00f4micas. Se cortarmos, ou melhor, realocarmos todas as \u00e1rvores que atrapalham o tr\u00e2nsito, vamos ganhar em qualidade de vida. S\u00e3o menos horas no tr\u00e2nsito e mais tempo com a fam\u00edlia. \u00c9 mais resultado no trabalho e menos estresse. \u00c9 mais economia de combust\u00edvel, c\u00e2mbio, embreagem e pastilhas de freio. Como se calcula o preju\u00edzo que os engarrafamentos provocam?<br>\u2014 As \u00e1rvores que atrapalham o tr\u00e2nsito s\u00e3o farpas nos dedos da cidade.<br>Liberar mais espa\u00e7o para o fluxo de carros diminui, obviamente, os congestionamentos. \u00c9 uma ideia que tem ra\u00edzes profundas no bom senso. Vivi para encontrar uma quest\u00e3o em que a direita e a esquerda concordam, pois beneficia toda a cidade, independentemente do sexo, idade, religi\u00e3o ou classe social. Afinal, al\u00e9m dos benef\u00edcios citados no par\u00e1grafo anterior, todas as \u00e1rvores podem ser replantadas em um local mais apropriado, ali\u00e1s, plantemos o triplo de \u00e1rvores para a vantagem ser incompar\u00e1vel. Realmente, s\u00f3 n\u00e3o concorda quem quer colher frutos na pr\u00f3xima elei\u00e7\u00e3o \u00e0s custas da ignor\u00e2ncia da popula\u00e7\u00e3o.<br>A cidade de Nova York tem um programa de replantio de \u00e1rvores chamado \u201cMillionTreesNYC\u201d (Milh\u00e3o de \u00c1rvores NYC), lan\u00e7ado em 2007. O objetivo do programa \u00e9 plantar um milh\u00e3o de \u00e1rvores em toda a cidade, incluindo o replantio de \u00e1rvores removidas devido a obras de infraestrutura vi\u00e1ria.<br>No Brasil, temos in\u00fameros casos, como por exemplo, em S\u00e3o Paulo, foram adotadas medidas para replantar \u00e1rvores. O Programa de Recupera\u00e7\u00e3o Ambiental e Arboriza\u00e7\u00e3o Urbana da cidade inclui a realoca\u00e7\u00e3o de \u00e1rvores que seriam removidas devido \u00e0 constru\u00e7\u00e3o de corredores de \u00f4nibus. Essas \u00e1rvores s\u00e3o transplantadas para outras \u00e1reas da cidade.<br>Por que n\u00e3o lan\u00e7amos uma campanha \u201cMuda, Natal\u201d? Onde estimular\u00edamos mudan\u00e7as em nossas vias, garantir\u00edamos o replantio de \u00e1rvores e o plantio de milhares de mudas.<br>Detesto fazer o racioc\u00ednio a seguir, mas sou obrigado \u2014 Cad\u00ea os pol\u00edticos se acorrentando aos mendigos que n\u00e3o t\u00eam lar? As crian\u00e7as doentes nos hospitais n\u00e3o merecem ser regadas com solidariedade? As praias que recebem toneladas de excrementos pelas \u201cbocas de lobo\u201d s\u00e3o esquecidas? Por que somente as \u00e1rvores?<br>Antes de terminar, quero que pense em uma crian\u00e7a da sua fam\u00edlia. Pronto, agora considere que ela precisa de atendimento de urg\u00eancia \u2014 onde cada minuto faz a diferen\u00e7a \u2014 e isso n\u00e3o fosse poss\u00edvel devido aos engarrafamentos, simplesmente porque n\u00e3o quiseram tirar algumas \u00e1rvores do caminho.<br>N\u00e3o adianta reclamar do tr\u00e2nsito, se voc\u00ea n\u00e3o move um dedo pela sua cidade. Estou convicto de que n\u00e3o conseguimos mais qualidade e desenvolvimento porque vivemos em uma regi\u00e3o onde pessoas obscurantistas, mesmo acorrentadas, fazem valer mais sua voz do que voc\u00ea, homem livre e racional \u2014 que nada faz.<br>Marcus Arag\u00e3o<br>@aragao01<\/figcaption><\/figure>\n","protected":false},"excerpt":{"rendered":"","protected":false},"author":1,"featured_media":0,"comment_status":"open","ping_status":"open","sticky":false,"template":"","format":"standard","meta":{"site-sidebar-layout":"default","site-content-layout":"","ast-site-content-layout":"default","site-content-style":"default","site-sidebar-style":"default","ast-global-header-display":"","ast-banner-title-visibility":"","ast-main-header-display":"","ast-hfb-above-header-display":"","ast-hfb-below-header-display":"","ast-hfb-mobile-header-display":"","site-post-title":"","ast-breadcrumbs-content":"","ast-featured-img":"","footer-sml-layout":"","ast-disable-related-posts":"","theme-transparent-header-meta":"","adv-header-id-meta":"","stick-header-meta":"","header-above-stick-meta":"","header-main-stick-meta":"","header-below-stick-meta":"","astra-migrate-meta-layouts":"default","ast-page-background-enabled":"default","ast-page-background-meta":{"desktop":{"background-color":"var(--ast-global-color-4)","background-image":"","background-repeat":"repeat","background-position":"center center","background-size":"auto","background-attachment":"scroll","background-type":"","background-media":"","overlay-type":"","overlay-color":"","overlay-opacity":"","overlay-gradient":""},"tablet":{"background-color":"","background-image":"","background-repeat":"repeat","background-position":"center center","background-size":"auto","background-attachment":"scroll","background-type":"","background-media":"","overlay-type":"","overlay-color":"","overlay-opacity":"","overlay-gradient":""},"mobile":{"background-color":"","background-image":"","background-repeat":"repeat","background-position":"center center","background-size":"auto","background-attachment":"scroll","background-type":"","background-media":"","overlay-type":"","overlay-color":"","overlay-opacity":"","overlay-gradient":""}},"ast-content-background-meta":{"desktop":{"background-color":"var(--ast-global-color-5)","background-image":"","background-repeat":"repeat","background-position":"center center","background-size":"auto","background-attachment":"scroll","background-type":"","background-media":"","overlay-type":"","overlay-color":"","overlay-opacity":"","overlay-gradient":""},"tablet":{"background-color":"var(--ast-global-color-5)","background-image":"","background-repeat":"repeat","background-position":"center center","background-size":"auto","background-attachment":"scroll","background-type":"","background-media":"","overlay-type":"","overlay-color":"","overlay-opacity":"","overlay-gradient":""},"mobile":{"background-color":"var(--ast-global-color-5)","background-image":"","background-repeat":"repeat","background-position":"center center","background-size":"auto","background-attachment":"scroll","background-type":"","background-media":"","overlay-type":"","overlay-color":"","overlay-opacity":"","overlay-gradient":""}},"footnotes":""},"categories":[517],"tags":[],"class_list":["post-17474","post","type-post","status-publish","format-standard","hentry","category-aconteceu"],"_links":{"self":[{"href":"https:\/\/noticiasnoface.com.br\/index.php\/wp-json\/wp\/v2\/posts\/17474","targetHints":{"allow":["GET"]}}],"collection":[{"href":"https:\/\/noticiasnoface.com.br\/index.php\/wp-json\/wp\/v2\/posts"}],"about":[{"href":"https:\/\/noticiasnoface.com.br\/index.php\/wp-json\/wp\/v2\/types\/post"}],"author":[{"embeddable":true,"href":"https:\/\/noticiasnoface.com.br\/index.php\/wp-json\/wp\/v2\/users\/1"}],"replies":[{"embeddable":true,"href":"https:\/\/noticiasnoface.com.br\/index.php\/wp-json\/wp\/v2\/comments?post=17474"}],"version-history":[{"count":1,"href":"https:\/\/noticiasnoface.com.br\/index.php\/wp-json\/wp\/v2\/posts\/17474\/revisions"}],"predecessor-version":[{"id":17475,"href":"https:\/\/noticiasnoface.com.br\/index.php\/wp-json\/wp\/v2\/posts\/17474\/revisions\/17475"}],"wp:attachment":[{"href":"https:\/\/noticiasnoface.com.br\/index.php\/wp-json\/wp\/v2\/media?parent=17474"}],"wp:term":[{"taxonomy":"category","embeddable":true,"href":"https:\/\/noticiasnoface.com.br\/index.php\/wp-json\/wp\/v2\/categories?post=17474"},{"taxonomy":"post_tag","embeddable":true,"href":"https:\/\/noticiasnoface.com.br\/index.php\/wp-json\/wp\/v2\/tags?post=17474"}],"curies":[{"name":"wp","href":"https:\/\/api.w.org\/{rel}","templated":true}]}}