{"id":17477,"date":"2023-07-12T13:03:08","date_gmt":"2023-07-12T16:03:08","guid":{"rendered":"https:\/\/noticiasnoface.com.br\/?p=17477"},"modified":"2023-07-12T13:03:09","modified_gmt":"2023-07-12T16:03:09","slug":"presidente-da-camara-de-natal-eriko-jacome-faz-um-balanco-do-primeiro-semestre-a-frente-da-casa-legislativa","status":"publish","type":"post","link":"https:\/\/noticiasnoface.com.br\/index.php\/2023\/07\/12\/presidente-da-camara-de-natal-eriko-jacome-faz-um-balanco-do-primeiro-semestre-a-frente-da-casa-legislativa\/","title":{"rendered":"<em>Presidente da C\u00e2mara de Natal, Eriko J\u00e1come, faz um balan\u00e7o do primeiro semestre \u00e0 frente da Casa Legislativa<\/em>"},"content":{"rendered":"\n<figure class=\"wp-block-image size-large\"><img data-opt-id=206429695  fetchpriority=\"high\" decoding=\"async\" width=\"1024\" height=\"993\" src=\"https:\/\/mlbfrsat7ahr.i.optimole.com\/w:1024\/h:993\/q:mauto\/ig:avif\/https:\/\/noticiasnoface.com.br\/wp-content\/uploads\/2023\/07\/photo-output-28.jpg\" class=\"wp-image-17476\" srcset=\"https:\/\/mlbfrsat7ahr.i.optimole.com\/w:1024\/h:993\/q:mauto\/ig:avif\/https:\/\/noticiasnoface.com.br\/wp-content\/uploads\/2023\/07\/photo-output-28.jpg 1024w, https:\/\/mlbfrsat7ahr.i.optimole.com\/w:300\/h:291\/q:mauto\/ig:avif\/https:\/\/noticiasnoface.com.br\/wp-content\/uploads\/2023\/07\/photo-output-28.jpg 300w, https:\/\/mlbfrsat7ahr.i.optimole.com\/w:768\/h:745\/q:mauto\/ig:avif\/https:\/\/noticiasnoface.com.br\/wp-content\/uploads\/2023\/07\/photo-output-28.jpg 768w, https:\/\/mlbfrsat7ahr.i.optimole.com\/w:1113\/h:1080\/q:mauto\/ig:avif\/https:\/\/noticiasnoface.com.br\/wp-content\/uploads\/2023\/07\/photo-output-28.jpg 1536w, https:\/\/mlbfrsat7ahr.i.optimole.com\/w:1113\/h:1080\/q:mauto\/ig:avif\/https:\/\/noticiasnoface.com.br\/wp-content\/uploads\/2023\/07\/photo-output-28.jpg 2048w\" sizes=\"(max-width: 1000px) 100vw, 1000px\" \/><figcaption class=\"wp-element-caption\"><em>Presidente da C\u00e2mara de Natal, Eriko J\u00e1come, faz um balan\u00e7o do primeiro semestre \u00e0 frente da Casa Legislativa<\/em><br>O presidente da C\u00e2mara Municipal de Natal, vereador Eriko J\u00e1come, concedeu uma entrevista no programa Jornal da Mix, comandado pelos apresentadores Salatiel de Souza, Hugo Monte e Elizabeth Biglione, para fazer um balan\u00e7o geral de sua gest\u00e3o no primeiro semestre \u00e0 frente da Casa Legislativa. Durante a conversa, Eriko destacou diversas realiza\u00e7\u00f5es e conquistas alcan\u00e7adas durante esse per\u00edodo.<br>&#8220;Ao longo do primeiro semestre, a C\u00e2mara de Natal votou mais de 150 projetos de lei, isso mostra o empenho dos vereadores em promover avan\u00e7os e melhorias para a cidade. Al\u00e9m disso, realizadas 36 audi\u00eancias p\u00fablicas e deliberados mais de 2 mil requerimentos, evidenciando a aten\u00e7\u00e3o dada \u00e0s demandas dos cidad\u00e3os e a busca por solu\u00e7\u00f5es para as necessidades da popula\u00e7\u00e3o&#8221;, afirmou o presidente.<br>Durante a entrevista, Eriko J\u00e1come tamb\u00e9m ressaltou a import\u00e2ncia da vota\u00e7\u00e3o da Lei de Diretrizes Or\u00e7ament\u00e1rias (LDO) para o ano de 2024, que ocorreu antes do recesso legislativo. Essa lei, que norteia o planejamento e a execu\u00e7\u00e3o or\u00e7ament\u00e1ria do munic\u00edpio, recebeu um total de 111 emendas aprovadas e encartadas.<br>O presidente da C\u00e2mara Municipal de Natal destacou ainda sua gest\u00e3o integrada e humanizada, na qual busca aprimorar constantemente o trabalho legislativo a partir das demandas apresentadas pelos servidores da Casa. Com uma vis\u00e3o de proximidade e empatia, Eriko ressalta a import\u00e2ncia de valorizar e incentivar a equipe para garantir um ambiente de trabalho eficiente e harmonioso.<br>A atua\u00e7\u00e3o do vereador Eriko J\u00e1come \u00e0 frente da C\u00e2mara Municipal de Natal tem se destacado pela busca de solu\u00e7\u00f5es e pela aproxima\u00e7\u00e3o com a popula\u00e7\u00e3o. O primeiro semestre encerra-se com um balan\u00e7o positivo para a C\u00e2mara Municipal de Natal, e as expectativas para a segunda metade do ano s\u00e3o de que o trabalho e o compromisso com o progresso da cidade se mantenham como prioridades na agenda legislativa.<\/figcaption><\/figure>\n","protected":false},"excerpt":{"rendered":"","protected":false},"author":1,"featured_media":0,"comment_status":"open","ping_status":"open","sticky":false,"template":"","format":"standard","meta":{"site-sidebar-layout":"default","site-content-layout":"","ast-site-content-layout":"default","site-content-style":"default","site-sidebar-style":"default","ast-global-header-display":"","ast-banner-title-visibility":"","ast-main-header-display":"","ast-hfb-above-header-display":"","ast-hfb-below-header-display":"","ast-hfb-mobile-header-display":"","site-post-title":"","ast-breadcrumbs-content":"","ast-featured-img":"","footer-sml-layout":"","ast-disable-related-posts":"","theme-transparent-header-meta":"","adv-header-id-meta":"","stick-header-meta":"","header-above-stick-meta":"","header-main-stick-meta":"","header-below-stick-meta":"","astra-migrate-meta-layouts":"default","ast-page-background-enabled":"default","ast-page-background-meta":{"desktop":{"background-color":"var(--ast-global-color-4)","background-image":"","background-repeat":"repeat","background-position":"center center","background-size":"auto","background-attachment":"scroll","background-type":"","background-media":"","overlay-type":"","overlay-color":"","overlay-opacity":"","overlay-gradient":""},"tablet":{"background-color":"","background-image":"","background-repeat":"repeat","background-position":"center center","background-size":"auto","background-attachment":"scroll","background-type":"","background-media":"","overlay-type":"","overlay-color":"","overlay-opacity":"","overlay-gradient":""},"mobile":{"background-color":"","background-image":"","background-repeat":"repeat","background-position":"center center","background-size":"auto","background-attachment":"scroll","background-type":"","background-media":"","overlay-type":"","overlay-color":"","overlay-opacity":"","overlay-gradient":""}},"ast-content-background-meta":{"desktop":{"background-color":"var(--ast-global-color-5)","background-image":"","background-repeat":"repeat","background-position":"center center","background-size":"auto","background-attachment":"scroll","background-type":"","background-media":"","overlay-type":"","overlay-color":"","overlay-opacity":"","overlay-gradient":""},"tablet":{"background-color":"var(--ast-global-color-5)","background-image":"","background-repeat":"repeat","background-position":"center center","background-size":"auto","background-attachment":"scroll","background-type":"","background-media":"","overlay-type":"","overlay-color":"","overlay-opacity":"","overlay-gradient":""},"mobile":{"background-color":"var(--ast-global-color-5)","background-image":"","background-repeat":"repeat","background-position":"center center","background-size":"auto","background-attachment":"scroll","background-type":"","background-media":"","overlay-type":"","overlay-color":"","overlay-opacity":"","overlay-gradient":""}},"footnotes":""},"categories":[517],"tags":[],"class_list":["post-17477","post","type-post","status-publish","format-standard","hentry","category-aconteceu"],"_links":{"self":[{"href":"https:\/\/noticiasnoface.com.br\/index.php\/wp-json\/wp\/v2\/posts\/17477","targetHints":{"allow":["GET"]}}],"collection":[{"href":"https:\/\/noticiasnoface.com.br\/index.php\/wp-json\/wp\/v2\/posts"}],"about":[{"href":"https:\/\/noticiasnoface.com.br\/index.php\/wp-json\/wp\/v2\/types\/post"}],"author":[{"embeddable":true,"href":"https:\/\/noticiasnoface.com.br\/index.php\/wp-json\/wp\/v2\/users\/1"}],"replies":[{"embeddable":true,"href":"https:\/\/noticiasnoface.com.br\/index.php\/wp-json\/wp\/v2\/comments?post=17477"}],"version-history":[{"count":1,"href":"https:\/\/noticiasnoface.com.br\/index.php\/wp-json\/wp\/v2\/posts\/17477\/revisions"}],"predecessor-version":[{"id":17478,"href":"https:\/\/noticiasnoface.com.br\/index.php\/wp-json\/wp\/v2\/posts\/17477\/revisions\/17478"}],"wp:attachment":[{"href":"https:\/\/noticiasnoface.com.br\/index.php\/wp-json\/wp\/v2\/media?parent=17477"}],"wp:term":[{"taxonomy":"category","embeddable":true,"href":"https:\/\/noticiasnoface.com.br\/index.php\/wp-json\/wp\/v2\/categories?post=17477"},{"taxonomy":"post_tag","embeddable":true,"href":"https:\/\/noticiasnoface.com.br\/index.php\/wp-json\/wp\/v2\/tags?post=17477"}],"curies":[{"name":"wp","href":"https:\/\/api.w.org\/{rel}","templated":true}]}}