{"id":17514,"date":"2023-07-15T18:30:40","date_gmt":"2023-07-15T21:30:40","guid":{"rendered":"https:\/\/noticiasnoface.com.br\/?p=17514"},"modified":"2023-07-15T18:57:35","modified_gmt":"2023-07-15T21:57:35","slug":"alexandre-de-moraes-e-hostilizado-e-tem-filho-agredido-em-aeroporto","status":"publish","type":"post","link":"https:\/\/noticiasnoface.com.br\/index.php\/2023\/07\/15\/alexandre-de-moraes-e-hostilizado-e-tem-filho-agredido-em-aeroporto\/","title":{"rendered":"Alexandre de Moraes \u00e9 hostilizado e filho leva um cacete em aeroporto"},"content":{"rendered":"\n<figure class=\"wp-block-image size-large\"><img data-opt-id=226548009  fetchpriority=\"high\" decoding=\"async\" width=\"1024\" height=\"769\" src=\"https:\/\/mlbfrsat7ahr.i.optimole.com\/w:1024\/h:769\/q:mauto\/ig:avif\/https:\/\/noticiasnoface.com.br\/wp-content\/uploads\/2023\/07\/photo-output-34.jpg\" alt=\"\" class=\"wp-image-17513\" srcset=\"https:\/\/mlbfrsat7ahr.i.optimole.com\/w:1024\/h:769\/q:mauto\/ig:avif\/https:\/\/noticiasnoface.com.br\/wp-content\/uploads\/2023\/07\/photo-output-34.jpg 1024w, https:\/\/mlbfrsat7ahr.i.optimole.com\/w:300\/h:225\/q:mauto\/ig:avif\/https:\/\/noticiasnoface.com.br\/wp-content\/uploads\/2023\/07\/photo-output-34.jpg 300w, https:\/\/mlbfrsat7ahr.i.optimole.com\/w:768\/h:577\/q:mauto\/ig:avif\/https:\/\/noticiasnoface.com.br\/wp-content\/uploads\/2023\/07\/photo-output-34.jpg 768w, https:\/\/mlbfrsat7ahr.i.optimole.com\/w:1437\/h:1080\/q:mauto\/ig:avif\/https:\/\/noticiasnoface.com.br\/wp-content\/uploads\/2023\/07\/photo-output-34.jpg 1536w, https:\/\/mlbfrsat7ahr.i.optimole.com\/w:1438\/h:1080\/q:mauto\/ig:avif\/https:\/\/noticiasnoface.com.br\/wp-content\/uploads\/2023\/07\/photo-output-34.jpg 2048w\" sizes=\"(max-width: 1000px) 100vw, 1000px\" \/><figcaption class=\"wp-element-caption\">Alexandre de Moraes \u00e9 hostilizado em Roma, tem filho agredido e PF instaura inqu\u00e9rito<br \/>O ministro do Supremo Tribunal Federal (STF) Alexandre de Moraes foi hostilizado nesta sexta-feira, 14, por um grupo de brasileiros no aeroporto internacional de Roma, na It\u00e1lia. O ministro foi atacado por tr\u00eas brasileiros por volta das 18h45 no hor\u00e1rio local. Uma mulher identificada como Andr\u00e9ia xingou o ministro de \u201cbandido, comunista e comprado\u201d.<br \/>Advogados apontam diversas viola\u00e7\u00f5es de direitos de presos do 8 de janeiro<br \/>Na sequ\u00eancia, um homem identificado pela Pol\u00edcia Federal (PF) como Roberto Mantovani Filho refor\u00e7ou os xingamentos e chegou a agredir fisicamente o filho do ministro. Um outro homem identificado como Alex Zanatta se juntou aos dois agressores disparando palavras de baixo cal\u00e3o.<br \/>Moraes estava acompanhado de seus familiares no aeroporto. O ministro retornava da Universidade de Siena, onde realizou uma palestra no F\u00f3rum Internacional de Direito. As informa\u00e7\u00f5es foram confirmadas por interlocutores da PF e do Minist\u00e9rio da Justi\u00e7a.<br \/>EUA e UE criticam R\u00fassia em reuni\u00e3o de chanceleres no Sudeste Asi\u00e1tico<br \/>Os tr\u00eas brasileiros se tornaram alvos de um inqu\u00e9rito da Pol\u00edcia Federal, mas n\u00e3o chegaram a ser presos. O ministro da Justi\u00e7a, Fl\u00e1vio Dino (PSB), ligou para Moraes e se solidarizou ap\u00f3s a viol\u00eancia sofrida pelo magistrado.<br \/>O STF informou que n\u00e3o se manifestaria sobre o caso.<\/figcaption><\/figure>\n","protected":false},"excerpt":{"rendered":"","protected":false},"author":1,"featured_media":0,"comment_status":"open","ping_status":"open","sticky":false,"template":"","format":"standard","meta":{"site-sidebar-layout":"default","site-content-layout":"","ast-site-content-layout":"default","site-content-style":"default","site-sidebar-style":"default","ast-global-header-display":"","ast-banner-title-visibility":"","ast-main-header-display":"","ast-hfb-above-header-display":"","ast-hfb-below-header-display":"","ast-hfb-mobile-header-display":"","site-post-title":"","ast-breadcrumbs-content":"","ast-featured-img":"","footer-sml-layout":"","ast-disable-related-posts":"","theme-transparent-header-meta":"","adv-header-id-meta":"","stick-header-meta":"","header-above-stick-meta":"","header-main-stick-meta":"","header-below-stick-meta":"","astra-migrate-meta-layouts":"default","ast-page-background-enabled":"default","ast-page-background-meta":{"desktop":{"background-color":"var(--ast-global-color-4)","background-image":"","background-repeat":"repeat","background-position":"center center","background-size":"auto","background-attachment":"scroll","background-type":"","background-media":"","overlay-type":"","overlay-color":"","overlay-opacity":"","overlay-gradient":""},"tablet":{"background-color":"","background-image":"","background-repeat":"repeat","background-position":"center center","background-size":"auto","background-attachment":"scroll","background-type":"","background-media":"","overlay-type":"","overlay-color":"","overlay-opacity":"","overlay-gradient":""},"mobile":{"background-color":"","background-image":"","background-repeat":"repeat","background-position":"center center","background-size":"auto","background-attachment":"scroll","background-type":"","background-media":"","overlay-type":"","overlay-color":"","overlay-opacity":"","overlay-gradient":""}},"ast-content-background-meta":{"desktop":{"background-color":"var(--ast-global-color-5)","background-image":"","background-repeat":"repeat","background-position":"center center","background-size":"auto","background-attachment":"scroll","background-type":"","background-media":"","overlay-type":"","overlay-color":"","overlay-opacity":"","overlay-gradient":""},"tablet":{"background-color":"var(--ast-global-color-5)","background-image":"","background-repeat":"repeat","background-position":"center center","background-size":"auto","background-attachment":"scroll","background-type":"","background-media":"","overlay-type":"","overlay-color":"","overlay-opacity":"","overlay-gradient":""},"mobile":{"background-color":"var(--ast-global-color-5)","background-image":"","background-repeat":"repeat","background-position":"center center","background-size":"auto","background-attachment":"scroll","background-type":"","background-media":"","overlay-type":"","overlay-color":"","overlay-opacity":"","overlay-gradient":""}},"footnotes":""},"categories":[517],"tags":[1375,3158,9,3157,50,22,3159],"class_list":["post-17514","post","type-post","status-publish","format-standard","hentry","category-aconteceu","tag-aeroporto","tag-agredido","tag-alexandre-de-moraes","tag-filho-de-alexandre-de-moraes","tag-noticias-do-face","tag-noticias-no-face","tag-roma"],"_links":{"self":[{"href":"https:\/\/noticiasnoface.com.br\/index.php\/wp-json\/wp\/v2\/posts\/17514","targetHints":{"allow":["GET"]}}],"collection":[{"href":"https:\/\/noticiasnoface.com.br\/index.php\/wp-json\/wp\/v2\/posts"}],"about":[{"href":"https:\/\/noticiasnoface.com.br\/index.php\/wp-json\/wp\/v2\/types\/post"}],"author":[{"embeddable":true,"href":"https:\/\/noticiasnoface.com.br\/index.php\/wp-json\/wp\/v2\/users\/1"}],"replies":[{"embeddable":true,"href":"https:\/\/noticiasnoface.com.br\/index.php\/wp-json\/wp\/v2\/comments?post=17514"}],"version-history":[{"count":2,"href":"https:\/\/noticiasnoface.com.br\/index.php\/wp-json\/wp\/v2\/posts\/17514\/revisions"}],"predecessor-version":[{"id":17516,"href":"https:\/\/noticiasnoface.com.br\/index.php\/wp-json\/wp\/v2\/posts\/17514\/revisions\/17516"}],"wp:attachment":[{"href":"https:\/\/noticiasnoface.com.br\/index.php\/wp-json\/wp\/v2\/media?parent=17514"}],"wp:term":[{"taxonomy":"category","embeddable":true,"href":"https:\/\/noticiasnoface.com.br\/index.php\/wp-json\/wp\/v2\/categories?post=17514"},{"taxonomy":"post_tag","embeddable":true,"href":"https:\/\/noticiasnoface.com.br\/index.php\/wp-json\/wp\/v2\/tags?post=17514"}],"curies":[{"name":"wp","href":"https:\/\/api.w.org\/{rel}","templated":true}]}}