{"id":17518,"date":"2023-07-16T09:12:33","date_gmt":"2023-07-16T12:12:33","guid":{"rendered":"https:\/\/noticiasnoface.com.br\/?p=17518"},"modified":"2023-07-16T09:12:34","modified_gmt":"2023-07-16T12:12:34","slug":"mulher-trans-e-eleita-rainha-do-rodeio-em-sao-paulo","status":"publish","type":"post","link":"https:\/\/noticiasnoface.com.br\/index.php\/2023\/07\/16\/mulher-trans-e-eleita-rainha-do-rodeio-em-sao-paulo\/","title":{"rendered":"Mulher trans \u00e9 eleita rainha do rodeio em S\u00e3o Paulo"},"content":{"rendered":"\n<figure class=\"wp-block-image size-large\"><img data-opt-id=1348594440  fetchpriority=\"high\" decoding=\"async\" width=\"1024\" height=\"669\" src=\"https:\/\/mlbfrsat7ahr.i.optimole.com\/w:1024\/h:669\/q:mauto\/ig:avif\/https:\/\/noticiasnoface.com.br\/wp-content\/uploads\/2023\/07\/photo-output-35.jpg\" class=\"wp-image-17517\" srcset=\"https:\/\/mlbfrsat7ahr.i.optimole.com\/w:1024\/h:669\/q:mauto\/ig:avif\/https:\/\/noticiasnoface.com.br\/wp-content\/uploads\/2023\/07\/photo-output-35.jpg 1024w, https:\/\/mlbfrsat7ahr.i.optimole.com\/w:300\/h:196\/q:mauto\/ig:avif\/https:\/\/noticiasnoface.com.br\/wp-content\/uploads\/2023\/07\/photo-output-35.jpg 300w, https:\/\/mlbfrsat7ahr.i.optimole.com\/w:768\/h:502\/q:mauto\/ig:avif\/https:\/\/noticiasnoface.com.br\/wp-content\/uploads\/2023\/07\/photo-output-35.jpg 768w, https:\/\/mlbfrsat7ahr.i.optimole.com\/w:1536\/h:1004\/q:mauto\/ig:avif\/https:\/\/noticiasnoface.com.br\/wp-content\/uploads\/2023\/07\/photo-output-35.jpg 1536w, https:\/\/mlbfrsat7ahr.i.optimole.com\/w:1653\/h:1080\/q:mauto\/ig:avif\/https:\/\/noticiasnoface.com.br\/wp-content\/uploads\/2023\/07\/photo-output-35.jpg 2048w\" sizes=\"(max-width: 1000px) 100vw, 1000px\" \/><figcaption class=\"wp-element-caption\">A agente de sa\u00fade Alessandra Aparecida Corr\u00eaa Joia foi eleita a rainha do rodeio de Boa Esperan\u00e7a do Sul (SP), que ocorre entre os dias 20 e 22 deste m\u00eas na cidade.<br>A jovem de 20 anos recebeu 33,9% dos votos da final do concurso \u201cRainha e Princesa do BES Rodeo Show\u201d e foi a escolhida pelo p\u00fablico para ser coroada no baile realizado na sexta-feira (14).<br>Ao todo, 17 mulheres com idades entre 18 e 30 anos se inscreveram para participar da vota\u00e7\u00e3o.<br>\u201cMeus amigos de trabalho me encorajaram. Falaram que eu tinha altura, beleza para poder participar, acabei me inscrevendo&#8221;, disse a jovem em entrevista \u00e0 EPTV, afiliada da TV Globo.<br>Alessandra, que come\u00e7ou a transi\u00e7\u00e3o h\u00e1 cerca de cinco anos, disse que passou por momentos dif\u00edceis no in\u00edcio por conta da aceita\u00e7\u00e3o.<br>&#8220;No geral depois foi tranquilo. Foi gratificante ver que estamos rompendo um pouco esse preconceito\u201d, contou.<br>As candidatas passaram pela avalia\u00e7\u00e3o da comiss\u00e3o t\u00e9cnica do concurso, que selecionou sete finalistas. A vota\u00e7\u00e3o popular durou dois dias e foi a \u00faltima fase do concurso, realizada pela internet. Ao todo, foram mais de 3,5 mil votos, divididos entre as finalistas.<br>\u201c\u00c9 gratificante saber o carinho que as pessoas t\u00eam comigo. Eu acho que um pouco da minha hist\u00f3ria d\u00e1 for\u00e7a para outras pessoas tamb\u00e9m se assumirem e n\u00e3o ter medo do preconceito\u201d, disse Alessandra.<br>A diretora de governo Tha\u00eds Espejo disse que Alessandra foi corajosa ao se inscrever e participar do concurso. \u201cAcho que vai servir de exemplo para muitas outras mulheres que, assim como ela, querem conquistar o seu espa\u00e7o\u201d.<br>BES Rodeo Show<br>O BES Rodeo Show marca a volta do rodeio para a cidade de Boa Esperan\u00e7a do Sul. Al\u00e9m das montarias, L\u00e9o &amp; Raphael, Fiduma &amp; Jeca e C\u00e9sar Menotti &amp; Fabiano s\u00e3o atra\u00e7\u00f5es confirmadas para agitar a arena.<br>As tr\u00eas noites de festa ter\u00e3o entrada franca para o p\u00fablico, sendo pago somente o setor dos camarotes, de forma opcional.<br>Outra novidade do evento \u00e9 a estrutura, que ser\u00e1 100% coberta, algo que a popula\u00e7\u00e3o jamais viu em um rodeio na cidade.<br>A prefeitura organizar\u00e1 para as tr\u00eas noites de festa entradas solid\u00e1rias, mas n\u00e3o obrigat\u00f3rias, com a doa\u00e7\u00e3o de alimentos n\u00e3o perec\u00edveis que ser\u00e3o destinados para o Fundo Social de Solidariedade.<br>A grande cavalgada est\u00e1 marcada para \u00e0s 8h do dia 23 de julho. Logo ap\u00f3s, \u00e0s 12h, Boa Esperan\u00e7a do Sul recebe a primeira Queima do Alho de sua hist\u00f3ria.<br>Ambos os eventos marcam o encerramento das festividades do 125\u00ba anivers\u00e1rio da cidade, comemorado no dia 21 de julho.<br>Cr\u00e9ditos: G1.<\/figcaption><\/figure>\n","protected":false},"excerpt":{"rendered":"","protected":false},"author":1,"featured_media":0,"comment_status":"open","ping_status":"open","sticky":false,"template":"","format":"standard","meta":{"site-sidebar-layout":"default","site-content-layout":"","ast-site-content-layout":"default","site-content-style":"default","site-sidebar-style":"default","ast-global-header-display":"","ast-banner-title-visibility":"","ast-main-header-display":"","ast-hfb-above-header-display":"","ast-hfb-below-header-display":"","ast-hfb-mobile-header-display":"","site-post-title":"","ast-breadcrumbs-content":"","ast-featured-img":"","footer-sml-layout":"","ast-disable-related-posts":"","theme-transparent-header-meta":"","adv-header-id-meta":"","stick-header-meta":"","header-above-stick-meta":"","header-main-stick-meta":"","header-below-stick-meta":"","astra-migrate-meta-layouts":"default","ast-page-background-enabled":"default","ast-page-background-meta":{"desktop":{"background-color":"var(--ast-global-color-4)","background-image":"","background-repeat":"repeat","background-position":"center center","background-size":"auto","background-attachment":"scroll","background-type":"","background-media":"","overlay-type":"","overlay-color":"","overlay-opacity":"","overlay-gradient":""},"tablet":{"background-color":"","background-image":"","background-repeat":"repeat","background-position":"center center","background-size":"auto","background-attachment":"scroll","background-type":"","background-media":"","overlay-type":"","overlay-color":"","overlay-opacity":"","overlay-gradient":""},"mobile":{"background-color":"","background-image":"","background-repeat":"repeat","background-position":"center center","background-size":"auto","background-attachment":"scroll","background-type":"","background-media":"","overlay-type":"","overlay-color":"","overlay-opacity":"","overlay-gradient":""}},"ast-content-background-meta":{"desktop":{"background-color":"var(--ast-global-color-5)","background-image":"","background-repeat":"repeat","background-position":"center center","background-size":"auto","background-attachment":"scroll","background-type":"","background-media":"","overlay-type":"","overlay-color":"","overlay-opacity":"","overlay-gradient":""},"tablet":{"background-color":"var(--ast-global-color-5)","background-image":"","background-repeat":"repeat","background-position":"center center","background-size":"auto","background-attachment":"scroll","background-type":"","background-media":"","overlay-type":"","overlay-color":"","overlay-opacity":"","overlay-gradient":""},"mobile":{"background-color":"var(--ast-global-color-5)","background-image":"","background-repeat":"repeat","background-position":"center center","background-size":"auto","background-attachment":"scroll","background-type":"","background-media":"","overlay-type":"","overlay-color":"","overlay-opacity":"","overlay-gradient":""}},"footnotes":""},"categories":[154],"tags":[2921,2229,50,3160,224],"class_list":["post-17518","post","type-post","status-publish","format-standard","hentry","category-comportamento","tag-mulher-trans","tag-noticas-do-face","tag-noticias-do-face","tag-rainha-do-rodeio","tag-sao-paulo"],"_links":{"self":[{"href":"https:\/\/noticiasnoface.com.br\/index.php\/wp-json\/wp\/v2\/posts\/17518","targetHints":{"allow":["GET"]}}],"collection":[{"href":"https:\/\/noticiasnoface.com.br\/index.php\/wp-json\/wp\/v2\/posts"}],"about":[{"href":"https:\/\/noticiasnoface.com.br\/index.php\/wp-json\/wp\/v2\/types\/post"}],"author":[{"embeddable":true,"href":"https:\/\/noticiasnoface.com.br\/index.php\/wp-json\/wp\/v2\/users\/1"}],"replies":[{"embeddable":true,"href":"https:\/\/noticiasnoface.com.br\/index.php\/wp-json\/wp\/v2\/comments?post=17518"}],"version-history":[{"count":1,"href":"https:\/\/noticiasnoface.com.br\/index.php\/wp-json\/wp\/v2\/posts\/17518\/revisions"}],"predecessor-version":[{"id":17519,"href":"https:\/\/noticiasnoface.com.br\/index.php\/wp-json\/wp\/v2\/posts\/17518\/revisions\/17519"}],"wp:attachment":[{"href":"https:\/\/noticiasnoface.com.br\/index.php\/wp-json\/wp\/v2\/media?parent=17518"}],"wp:term":[{"taxonomy":"category","embeddable":true,"href":"https:\/\/noticiasnoface.com.br\/index.php\/wp-json\/wp\/v2\/categories?post=17518"},{"taxonomy":"post_tag","embeddable":true,"href":"https:\/\/noticiasnoface.com.br\/index.php\/wp-json\/wp\/v2\/tags?post=17518"}],"curies":[{"name":"wp","href":"https:\/\/api.w.org\/{rel}","templated":true}]}}