{"id":17527,"date":"2023-07-17T08:22:32","date_gmt":"2023-07-17T11:22:32","guid":{"rendered":"https:\/\/noticiasnoface.com.br\/?p=17527"},"modified":"2023-07-17T08:23:05","modified_gmt":"2023-07-17T11:23:05","slug":"moro-a-um-passo-de-perder-o-mandato","status":"publish","type":"post","link":"https:\/\/noticiasnoface.com.br\/index.php\/2023\/07\/17\/moro-a-um-passo-de-perder-o-mandato\/","title":{"rendered":"Moro a um passo de perder o mandato"},"content":{"rendered":"\n<figure class=\"wp-block-image size-large\"><img data-opt-id=1886111479  fetchpriority=\"high\" decoding=\"async\" width=\"1024\" height=\"684\" src=\"https:\/\/mlbfrsat7ahr.i.optimole.com\/w:1024\/h:684\/q:mauto\/ig:avif\/https:\/\/noticiasnoface.com.br\/wp-content\/uploads\/2023\/07\/photo-output-37.jpg\" class=\"wp-image-17526\" srcset=\"https:\/\/mlbfrsat7ahr.i.optimole.com\/w:1024\/h:684\/q:mauto\/ig:avif\/https:\/\/noticiasnoface.com.br\/wp-content\/uploads\/2023\/07\/photo-output-37.jpg 1024w, https:\/\/mlbfrsat7ahr.i.optimole.com\/w:300\/h:200\/q:mauto\/ig:avif\/https:\/\/noticiasnoface.com.br\/wp-content\/uploads\/2023\/07\/photo-output-37.jpg 300w, https:\/\/mlbfrsat7ahr.i.optimole.com\/w:768\/h:513\/q:mauto\/ig:avif\/https:\/\/noticiasnoface.com.br\/wp-content\/uploads\/2023\/07\/photo-output-37.jpg 768w, https:\/\/mlbfrsat7ahr.i.optimole.com\/w:1536\/h:1025\/q:mauto\/ig:avif\/https:\/\/noticiasnoface.com.br\/wp-content\/uploads\/2023\/07\/photo-output-37.jpg 1536w, https:\/\/mlbfrsat7ahr.i.optimole.com\/w:1618\/h:1080\/q:mauto\/ig:avif\/https:\/\/noticiasnoface.com.br\/wp-content\/uploads\/2023\/07\/photo-output-37.jpg 2048w\" sizes=\"(max-width: 1000px) 100vw, 1000px\" \/><figcaption class=\"wp-element-caption\">R\u00e9u em uma a\u00e7\u00e3o de investiga\u00e7\u00e3o judicial eleitoral por suspeita de abuso de poder econ\u00f4mico na pr\u00e9-campanha das elei\u00e7\u00f5es de 2022, o senador Sergio Moro (Uni\u00e3o Brasil-PR) corre risco de derrota j\u00e1 em seu pr\u00f3prio reduto, a Justi\u00e7a do Paran\u00e1.<br>A avalia\u00e7\u00e3o \u00e9 de advers\u00e1rios pol\u00edticos e tamb\u00e9m de aliados do ex-juiz da Lava Jato e ex-ministro da Justi\u00e7a, para os quais h\u00e1 uma tend\u00eancia desfavor\u00e1vel a Moro no TRE (Tribunal Regional Eleitoral) do estado.<br>A fase atual do processo, que pode decidir pela cassa\u00e7\u00e3o de seu mandato, \u00e9 de produ\u00e7\u00e3o de provas. Al\u00e9m de irregularidades na pr\u00e9-campanha, Moro \u00e9 acusado de gastos eleitorais acima dos limites estabelecidos pela lei.<br>Para a disputa pelo Senado do Paran\u00e1, o teto era de R$ 4,4 milh\u00f5es. Moro declarou um gasto de R$ 5,2 milh\u00f5es, segundo o site do TSE (Tribunal Superior Eleitoral).<br>O senador nega qualquer irregularidade.<br><strong>Folha de S. Paulo<\/strong><\/figcaption><\/figure>\n","protected":false},"excerpt":{"rendered":"","protected":false},"author":1,"featured_media":0,"comment_status":"open","ping_status":"open","sticky":false,"template":"","format":"standard","meta":{"site-sidebar-layout":"default","site-content-layout":"","ast-site-content-layout":"default","site-content-style":"default","site-sidebar-style":"default","ast-global-header-display":"","ast-banner-title-visibility":"","ast-main-header-display":"","ast-hfb-above-header-display":"","ast-hfb-below-header-display":"","ast-hfb-mobile-header-display":"","site-post-title":"","ast-breadcrumbs-content":"","ast-featured-img":"","footer-sml-layout":"","ast-disable-related-posts":"","theme-transparent-header-meta":"","adv-header-id-meta":"","stick-header-meta":"","header-above-stick-meta":"","header-main-stick-meta":"","header-below-stick-meta":"","astra-migrate-meta-layouts":"default","ast-page-background-enabled":"default","ast-page-background-meta":{"desktop":{"background-color":"var(--ast-global-color-4)","background-image":"","background-repeat":"repeat","background-position":"center center","background-size":"auto","background-attachment":"scroll","background-type":"","background-media":"","overlay-type":"","overlay-color":"","overlay-opacity":"","overlay-gradient":""},"tablet":{"background-color":"","background-image":"","background-repeat":"repeat","background-position":"center center","background-size":"auto","background-attachment":"scroll","background-type":"","background-media":"","overlay-type":"","overlay-color":"","overlay-opacity":"","overlay-gradient":""},"mobile":{"background-color":"","background-image":"","background-repeat":"repeat","background-position":"center center","background-size":"auto","background-attachment":"scroll","background-type":"","background-media":"","overlay-type":"","overlay-color":"","overlay-opacity":"","overlay-gradient":""}},"ast-content-background-meta":{"desktop":{"background-color":"var(--ast-global-color-5)","background-image":"","background-repeat":"repeat","background-position":"center center","background-size":"auto","background-attachment":"scroll","background-type":"","background-media":"","overlay-type":"","overlay-color":"","overlay-opacity":"","overlay-gradient":""},"tablet":{"background-color":"var(--ast-global-color-5)","background-image":"","background-repeat":"repeat","background-position":"center center","background-size":"auto","background-attachment":"scroll","background-type":"","background-media":"","overlay-type":"","overlay-color":"","overlay-opacity":"","overlay-gradient":""},"mobile":{"background-color":"var(--ast-global-color-5)","background-image":"","background-repeat":"repeat","background-position":"center center","background-size":"auto","background-attachment":"scroll","background-type":"","background-media":"","overlay-type":"","overlay-color":"","overlay-opacity":"","overlay-gradient":""}},"footnotes":""},"categories":[153],"tags":[3164,3098,50,38,390],"class_list":["post-17527","post","type-post","status-publish","format-standard","hentry","category-politica","tag-mandato-cassado","tag-noticia-no-face","tag-noticias-do-face","tag-senado-federal","tag-sergio-moro"],"_links":{"self":[{"href":"https:\/\/noticiasnoface.com.br\/index.php\/wp-json\/wp\/v2\/posts\/17527","targetHints":{"allow":["GET"]}}],"collection":[{"href":"https:\/\/noticiasnoface.com.br\/index.php\/wp-json\/wp\/v2\/posts"}],"about":[{"href":"https:\/\/noticiasnoface.com.br\/index.php\/wp-json\/wp\/v2\/types\/post"}],"author":[{"embeddable":true,"href":"https:\/\/noticiasnoface.com.br\/index.php\/wp-json\/wp\/v2\/users\/1"}],"replies":[{"embeddable":true,"href":"https:\/\/noticiasnoface.com.br\/index.php\/wp-json\/wp\/v2\/comments?post=17527"}],"version-history":[{"count":1,"href":"https:\/\/noticiasnoface.com.br\/index.php\/wp-json\/wp\/v2\/posts\/17527\/revisions"}],"predecessor-version":[{"id":17528,"href":"https:\/\/noticiasnoface.com.br\/index.php\/wp-json\/wp\/v2\/posts\/17527\/revisions\/17528"}],"wp:attachment":[{"href":"https:\/\/noticiasnoface.com.br\/index.php\/wp-json\/wp\/v2\/media?parent=17527"}],"wp:term":[{"taxonomy":"category","embeddable":true,"href":"https:\/\/noticiasnoface.com.br\/index.php\/wp-json\/wp\/v2\/categories?post=17527"},{"taxonomy":"post_tag","embeddable":true,"href":"https:\/\/noticiasnoface.com.br\/index.php\/wp-json\/wp\/v2\/tags?post=17527"}],"curies":[{"name":"wp","href":"https:\/\/api.w.org\/{rel}","templated":true}]}}