{"id":17529,"date":"2023-07-17T09:44:03","date_gmt":"2023-07-17T12:44:03","guid":{"rendered":"https:\/\/noticiasnoface.com.br\/?p=17529"},"modified":"2023-07-17T09:44:04","modified_gmt":"2023-07-17T12:44:04","slug":"senador-styvenson-defende-impeachment-de-barroso-evitar-hierarquia-entre-poderes","status":"publish","type":"post","link":"https:\/\/noticiasnoface.com.br\/index.php\/2023\/07\/17\/senador-styvenson-defende-impeachment-de-barroso-evitar-hierarquia-entre-poderes\/","title":{"rendered":"Senador Styvenson defende impeachment de Barroso, \u201cEvitar hierarquia entre poderes\u201d"},"content":{"rendered":"\n<figure class=\"wp-block-image size-large\"><img data-opt-id=194994200  fetchpriority=\"high\" decoding=\"async\" width=\"1290\" height=\"1082\" src=\"https:\/\/mlbfrsat7ahr.i.optimole.com\/w:auto\/h:auto\/q:mauto\/ig:avif\/https:\/\/noticiasnoface.com.br\/wp-content\/uploads\/2023\/04\/img_1816.jpg\" alt=\"\" class=\"wp-image-15591\" srcset=\"https:\/\/mlbfrsat7ahr.i.optimole.com\/w:1287\/h:1080\/q:mauto\/ig:avif\/https:\/\/noticiasnoface.com.br\/wp-content\/uploads\/2023\/04\/img_1816.jpg 1290w, https:\/\/mlbfrsat7ahr.i.optimole.com\/w:300\/h:252\/q:mauto\/ig:avif\/https:\/\/noticiasnoface.com.br\/wp-content\/uploads\/2023\/04\/img_1816.jpg 300w, https:\/\/mlbfrsat7ahr.i.optimole.com\/w:1024\/h:859\/q:mauto\/ig:avif\/https:\/\/noticiasnoface.com.br\/wp-content\/uploads\/2023\/04\/img_1816.jpg 1024w, https:\/\/mlbfrsat7ahr.i.optimole.com\/w:768\/h:644\/q:mauto\/ig:avif\/https:\/\/noticiasnoface.com.br\/wp-content\/uploads\/2023\/04\/img_1816.jpg 768w\" sizes=\"(max-width: 1000px) 100vw, 1000px\" \/><figcaption class=\"wp-element-caption\">O senador Styvenson Valentim defendeu em v\u00eddeo publicado nas redes sociais o pedido de impeachment contra o ministro do Supremo Tribunal Federal, Lu\u00eds Roberto Barroso. Segundo Styvenson, a an\u00e1lise do pedido \u00e9 importante para evitar a atual \u201chierarquia\u201d entre poderes, quando o que deveria ocorrer seria uma harmonia.<br>Al\u00e9m de Styvenson, parlamentares do Partido Liberal (PL) se mobilizam para apresentar um pedido de impeachment contra o ministro Lu\u00eds Roberto Barroso. A iniciativa tem como base uma declara\u00e7\u00e3o do magistrado durante o 59\u00ba congresso da Uni\u00e3o Nacional dos Estudantes (UNE), sobre ter \u201cvencido o bolsonarismo\u201d.<br>\u201cN\u00f3s derrotamos a censura, a tortura e o bolsonarismo para permitir a democracia e a manifesta\u00e7\u00e3o livre de todas as pessoas\u201d, ressaltou o ministro do STF.<br>A declara\u00e7\u00e3o desagradou parlamentares da base do ex-presidente Jair Bolsonaro (PL). Os deputados federais Nikolas Ferreira (PL-MG), Bia Kicis (PL-DF) e Carlos Jordy (PL-RJ) anunciaram que entrar\u00e3o com o pedido contra o ministro. Via 96 FM <\/figcaption><\/figure>\n","protected":false},"excerpt":{"rendered":"","protected":false},"author":1,"featured_media":0,"comment_status":"open","ping_status":"open","sticky":false,"template":"","format":"standard","meta":{"site-sidebar-layout":"default","site-content-layout":"","ast-site-content-layout":"default","site-content-style":"default","site-sidebar-style":"default","ast-global-header-display":"","ast-banner-title-visibility":"","ast-main-header-display":"","ast-hfb-above-header-display":"","ast-hfb-below-header-display":"","ast-hfb-mobile-header-display":"","site-post-title":"","ast-breadcrumbs-content":"","ast-featured-img":"","footer-sml-layout":"","ast-disable-related-posts":"","theme-transparent-header-meta":"","adv-header-id-meta":"","stick-header-meta":"","header-above-stick-meta":"","header-main-stick-meta":"","header-below-stick-meta":"","astra-migrate-meta-layouts":"default","ast-page-background-enabled":"default","ast-page-background-meta":{"desktop":{"background-color":"var(--ast-global-color-4)","background-image":"","background-repeat":"repeat","background-position":"center center","background-size":"auto","background-attachment":"scroll","background-type":"","background-media":"","overlay-type":"","overlay-color":"","overlay-opacity":"","overlay-gradient":""},"tablet":{"background-color":"","background-image":"","background-repeat":"repeat","background-position":"center center","background-size":"auto","background-attachment":"scroll","background-type":"","background-media":"","overlay-type":"","overlay-color":"","overlay-opacity":"","overlay-gradient":""},"mobile":{"background-color":"","background-image":"","background-repeat":"repeat","background-position":"center center","background-size":"auto","background-attachment":"scroll","background-type":"","background-media":"","overlay-type":"","overlay-color":"","overlay-opacity":"","overlay-gradient":""}},"ast-content-background-meta":{"desktop":{"background-color":"var(--ast-global-color-5)","background-image":"","background-repeat":"repeat","background-position":"center center","background-size":"auto","background-attachment":"scroll","background-type":"","background-media":"","overlay-type":"","overlay-color":"","overlay-opacity":"","overlay-gradient":""},"tablet":{"background-color":"var(--ast-global-color-5)","background-image":"","background-repeat":"repeat","background-position":"center center","background-size":"auto","background-attachment":"scroll","background-type":"","background-media":"","overlay-type":"","overlay-color":"","overlay-opacity":"","overlay-gradient":""},"mobile":{"background-color":"var(--ast-global-color-5)","background-image":"","background-repeat":"repeat","background-position":"center center","background-size":"auto","background-attachment":"scroll","background-type":"","background-media":"","overlay-type":"","overlay-color":"","overlay-opacity":"","overlay-gradient":""}},"footnotes":""},"categories":[517],"tags":[753,2229,22,653,6],"class_list":["post-17529","post","type-post","status-publish","format-standard","hentry","category-aconteceu","tag-impeachment","tag-noticas-do-face","tag-noticias-no-face","tag-senador-styvenson","tag-stf"],"_links":{"self":[{"href":"https:\/\/noticiasnoface.com.br\/index.php\/wp-json\/wp\/v2\/posts\/17529","targetHints":{"allow":["GET"]}}],"collection":[{"href":"https:\/\/noticiasnoface.com.br\/index.php\/wp-json\/wp\/v2\/posts"}],"about":[{"href":"https:\/\/noticiasnoface.com.br\/index.php\/wp-json\/wp\/v2\/types\/post"}],"author":[{"embeddable":true,"href":"https:\/\/noticiasnoface.com.br\/index.php\/wp-json\/wp\/v2\/users\/1"}],"replies":[{"embeddable":true,"href":"https:\/\/noticiasnoface.com.br\/index.php\/wp-json\/wp\/v2\/comments?post=17529"}],"version-history":[{"count":1,"href":"https:\/\/noticiasnoface.com.br\/index.php\/wp-json\/wp\/v2\/posts\/17529\/revisions"}],"predecessor-version":[{"id":17530,"href":"https:\/\/noticiasnoface.com.br\/index.php\/wp-json\/wp\/v2\/posts\/17529\/revisions\/17530"}],"wp:attachment":[{"href":"https:\/\/noticiasnoface.com.br\/index.php\/wp-json\/wp\/v2\/media?parent=17529"}],"wp:term":[{"taxonomy":"category","embeddable":true,"href":"https:\/\/noticiasnoface.com.br\/index.php\/wp-json\/wp\/v2\/categories?post=17529"},{"taxonomy":"post_tag","embeddable":true,"href":"https:\/\/noticiasnoface.com.br\/index.php\/wp-json\/wp\/v2\/tags?post=17529"}],"curies":[{"name":"wp","href":"https:\/\/api.w.org\/{rel}","templated":true}]}}