{"id":17532,"date":"2023-07-17T11:52:36","date_gmt":"2023-07-17T14:52:36","guid":{"rendered":"https:\/\/noticiasnoface.com.br\/?p=17532"},"modified":"2023-07-17T11:52:39","modified_gmt":"2023-07-17T14:52:39","slug":"alvaro-dias-convida-paulinho-freire-para-evento-em-caico-seria-um-sinal","status":"publish","type":"post","link":"https:\/\/noticiasnoface.com.br\/index.php\/2023\/07\/17\/alvaro-dias-convida-paulinho-freire-para-evento-em-caico-seria-um-sinal\/","title":{"rendered":"Alvaro Dias convida Paulinho Freire para evento em Caic\u00f3, seria um sinal?"},"content":{"rendered":"\n<figure class=\"wp-block-image size-large\"><img data-opt-id=542117161  fetchpriority=\"high\" decoding=\"async\" width=\"1024\" height=\"940\" src=\"https:\/\/mlbfrsat7ahr.i.optimole.com\/w:1024\/h:940\/q:mauto\/ig:avif\/https:\/\/noticiasnoface.com.br\/wp-content\/uploads\/2023\/07\/WhatsApp-Image-2023-04-01-at-12.38.41.jpeg\" alt=\"\" class=\"wp-image-17533\" srcset=\"https:\/\/mlbfrsat7ahr.i.optimole.com\/w:1024\/h:940\/q:mauto\/ig:avif\/https:\/\/noticiasnoface.com.br\/wp-content\/uploads\/2023\/07\/WhatsApp-Image-2023-04-01-at-12.38.41.jpeg 1024w, https:\/\/mlbfrsat7ahr.i.optimole.com\/w:300\/h:275\/q:mauto\/ig:avif\/https:\/\/noticiasnoface.com.br\/wp-content\/uploads\/2023\/07\/WhatsApp-Image-2023-04-01-at-12.38.41.jpeg 300w, https:\/\/mlbfrsat7ahr.i.optimole.com\/w:768\/h:705\/q:mauto\/ig:avif\/https:\/\/noticiasnoface.com.br\/wp-content\/uploads\/2023\/07\/WhatsApp-Image-2023-04-01-at-12.38.41.jpeg 768w, https:\/\/mlbfrsat7ahr.i.optimole.com\/w:1177\/h:1080\/q:mauto\/ig:avif\/https:\/\/noticiasnoface.com.br\/wp-content\/uploads\/2023\/07\/WhatsApp-Image-2023-04-01-at-12.38.41.jpeg 1536w, https:\/\/mlbfrsat7ahr.i.optimole.com\/w:1177\/h:1080\/q:mauto\/ig:avif\/https:\/\/noticiasnoface.com.br\/wp-content\/uploads\/2023\/07\/WhatsApp-Image-2023-04-01-at-12.38.41.jpeg 1600w\" sizes=\"(max-width: 1000px) 100vw, 1000px\" \/><\/figure>\n\n\n\n<p>O Prefeito \u00c1lvaro Dias e sua fam\u00edlia realizam todos os anos o tradicional leil\u00e3o de Sant\u2019Ana na fazenda Cai\u00e7ara, localizada no munic\u00edpio de Caic\u00f3. O evento \u00e9 prestigiado por correligion\u00e1rios e pela popula\u00e7\u00e3o de v\u00e1rios munic\u00edpios do Serid\u00f3.<\/p>\n\n\n\n<p>Na noite deste s\u00e1bado, atendendo ao convite do Prefeito \u00c1lvaro Dias, o deputado federal Paulinho Freire esteve na fazenda Cai\u00e7ara para prestigiar o evento.&nbsp;<\/p>\n\n\n\n<p>O presidente da C\u00e2mara \u00c9riko J\u00e1come, e os vereadores Klaus Ara\u00fajo, Anderson Lopes, Hermes C\u00e2mara, Raniere e Robson Carvalho tamb\u00e9m participaram do evento.<\/p>\n\n\n\n<blockquote class=\"wp-block-quote is-layout-flow wp-block-quote-is-layout-flow\">\n<p><\/p>\n<\/blockquote>\n","protected":false},"excerpt":{"rendered":"<p>O Prefeito \u00c1lvaro Dias e sua fam\u00edlia realizam todos os anos o tradicional leil\u00e3o de Sant\u2019Ana na fazenda Cai\u00e7ara, localizada [&hellip;]<\/p>\n","protected":false},"author":1,"featured_media":0,"comment_status":"open","ping_status":"open","sticky":false,"template":"","format":"standard","meta":{"site-sidebar-layout":"default","site-content-layout":"","ast-site-content-layout":"default","site-content-style":"default","site-sidebar-style":"default","ast-global-header-display":"","ast-banner-title-visibility":"","ast-main-header-display":"","ast-hfb-above-header-display":"","ast-hfb-below-header-display":"","ast-hfb-mobile-header-display":"","site-post-title":"","ast-breadcrumbs-content":"","ast-featured-img":"","footer-sml-layout":"","ast-disable-related-posts":"","theme-transparent-header-meta":"","adv-header-id-meta":"","stick-header-meta":"","header-above-stick-meta":"","header-main-stick-meta":"","header-below-stick-meta":"","astra-migrate-meta-layouts":"default","ast-page-background-enabled":"default","ast-page-background-meta":{"desktop":{"background-color":"var(--ast-global-color-4)","background-image":"","background-repeat":"repeat","background-position":"center center","background-size":"auto","background-attachment":"scroll","background-type":"","background-media":"","overlay-type":"","overlay-color":"","overlay-opacity":"","overlay-gradient":""},"tablet":{"background-color":"","background-image":"","background-repeat":"repeat","background-position":"center center","background-size":"auto","background-attachment":"scroll","background-type":"","background-media":"","overlay-type":"","overlay-color":"","overlay-opacity":"","overlay-gradient":""},"mobile":{"background-color":"","background-image":"","background-repeat":"repeat","background-position":"center center","background-size":"auto","background-attachment":"scroll","background-type":"","background-media":"","overlay-type":"","overlay-color":"","overlay-opacity":"","overlay-gradient":""}},"ast-content-background-meta":{"desktop":{"background-color":"var(--ast-global-color-5)","background-image":"","background-repeat":"repeat","background-position":"center center","background-size":"auto","background-attachment":"scroll","background-type":"","background-media":"","overlay-type":"","overlay-color":"","overlay-opacity":"","overlay-gradient":""},"tablet":{"background-color":"var(--ast-global-color-5)","background-image":"","background-repeat":"repeat","background-position":"center center","background-size":"auto","background-attachment":"scroll","background-type":"","background-media":"","overlay-type":"","overlay-color":"","overlay-opacity":"","overlay-gradient":""},"mobile":{"background-color":"var(--ast-global-color-5)","background-image":"","background-repeat":"repeat","background-position":"center center","background-size":"auto","background-attachment":"scroll","background-type":"","background-media":"","overlay-type":"","overlay-color":"","overlay-opacity":"","overlay-gradient":""}},"footnotes":""},"categories":[517],"tags":[2155,50,22,199,1287],"class_list":["post-17532","post","type-post","status-publish","format-standard","hentry","category-aconteceu","tag-alvaro-dias-2","tag-noticias-do-face","tag-noticias-no-face","tag-noticiasnoface","tag-paulinho-freire"],"_links":{"self":[{"href":"https:\/\/noticiasnoface.com.br\/index.php\/wp-json\/wp\/v2\/posts\/17532","targetHints":{"allow":["GET"]}}],"collection":[{"href":"https:\/\/noticiasnoface.com.br\/index.php\/wp-json\/wp\/v2\/posts"}],"about":[{"href":"https:\/\/noticiasnoface.com.br\/index.php\/wp-json\/wp\/v2\/types\/post"}],"author":[{"embeddable":true,"href":"https:\/\/noticiasnoface.com.br\/index.php\/wp-json\/wp\/v2\/users\/1"}],"replies":[{"embeddable":true,"href":"https:\/\/noticiasnoface.com.br\/index.php\/wp-json\/wp\/v2\/comments?post=17532"}],"version-history":[{"count":1,"href":"https:\/\/noticiasnoface.com.br\/index.php\/wp-json\/wp\/v2\/posts\/17532\/revisions"}],"predecessor-version":[{"id":17534,"href":"https:\/\/noticiasnoface.com.br\/index.php\/wp-json\/wp\/v2\/posts\/17532\/revisions\/17534"}],"wp:attachment":[{"href":"https:\/\/noticiasnoface.com.br\/index.php\/wp-json\/wp\/v2\/media?parent=17532"}],"wp:term":[{"taxonomy":"category","embeddable":true,"href":"https:\/\/noticiasnoface.com.br\/index.php\/wp-json\/wp\/v2\/categories?post=17532"},{"taxonomy":"post_tag","embeddable":true,"href":"https:\/\/noticiasnoface.com.br\/index.php\/wp-json\/wp\/v2\/tags?post=17532"}],"curies":[{"name":"wp","href":"https:\/\/api.w.org\/{rel}","templated":true}]}}