{"id":17541,"date":"2023-07-18T11:26:05","date_gmt":"2023-07-18T14:26:05","guid":{"rendered":"https:\/\/noticiasnoface.com.br\/?p=17541"},"modified":"2023-07-18T11:27:36","modified_gmt":"2023-07-18T14:27:36","slug":"piada-pronta-selecao-brasileira-feminina-perde-amistoso-contra-criancas-entre-11-e-15-anos","status":"publish","type":"post","link":"https:\/\/noticiasnoface.com.br\/index.php\/2023\/07\/18\/piada-pronta-selecao-brasileira-feminina-perde-amistoso-contra-criancas-entre-11-e-15-anos\/","title":{"rendered":"PIADA PRONTA: Sele\u00e7\u00e3o brasileira feminina perde amistoso contra crian\u00e7as entre 11 e 15 anos"},"content":{"rendered":"\n<figure class=\"wp-block-image size-full\"><img data-opt-id=1724996255  fetchpriority=\"high\" decoding=\"async\" width=\"1024\" height=\"576\" src=\"https:\/\/mlbfrsat7ahr.i.optimole.com\/w:auto\/h:auto\/q:mauto\/ig:avif\/https:\/\/noticiasnoface.com.br\/wp-content\/uploads\/2023\/07\/futebol-4-1024x576-1.jpg\" alt=\"\" class=\"wp-image-17542\" srcset=\"https:\/\/mlbfrsat7ahr.i.optimole.com\/w:1024\/h:576\/q:mauto\/ig:avif\/https:\/\/noticiasnoface.com.br\/wp-content\/uploads\/2023\/07\/futebol-4-1024x576-1.jpg 1024w, https:\/\/mlbfrsat7ahr.i.optimole.com\/w:300\/h:169\/q:mauto\/ig:avif\/https:\/\/noticiasnoface.com.br\/wp-content\/uploads\/2023\/07\/futebol-4-1024x576-1.jpg 300w, https:\/\/mlbfrsat7ahr.i.optimole.com\/w:768\/h:432\/q:mauto\/ig:avif\/https:\/\/noticiasnoface.com.br\/wp-content\/uploads\/2023\/07\/futebol-4-1024x576-1.jpg 768w, https:\/\/mlbfrsat7ahr.i.optimole.com\/w:800\/h:450\/q:mauto\/ig:avif\/https:\/\/noticiasnoface.com.br\/wp-content\/uploads\/2023\/07\/futebol-4-1024x576-1.jpg 800w\" sizes=\"(max-width: 1000px) 100vw, 1000px\" \/><\/figure>\n\n\n\n<p class=\"has-black-color has-white-background-color has-text-color has-background\">A sele\u00e7\u00e3o brasileira feminina perdeu seu \u00faltimo amistoso antes da estreia na copa do mundo. A derrota foi para a sele\u00e7\u00e3o masculina sub-15 de Queensland, formado por crian\u00e7as de 11 a 15 anos . Onde fica isso? <br \/><br \/>Assim, chegamos a conclus\u00e3o que a sele\u00e7\u00e3o brasileira feminina \u00e9 equiparada a sele\u00e7\u00e3o brasileira sub-13 masculina, e ainda querem igualdade de sal\u00e1rios igual de Neymar, que piada. <br \/><br \/>E a Globo fazendo for\u00e7a pra todo mundo assistir, prefiro assistir Chavez, pelo menos o final \u00e9 mais emocionante. Kkkk <\/p>\n","protected":false},"excerpt":{"rendered":"<p>A sele\u00e7\u00e3o brasileira feminina perdeu seu \u00faltimo amistoso antes da estreia na copa do mundo. A derrota foi para a [&hellip;]<\/p>\n","protected":false},"author":1,"featured_media":0,"comment_status":"open","ping_status":"open","sticky":false,"template":"","format":"standard","meta":{"site-sidebar-layout":"default","site-content-layout":"","ast-site-content-layout":"default","site-content-style":"default","site-sidebar-style":"default","ast-global-header-display":"","ast-banner-title-visibility":"","ast-main-header-display":"","ast-hfb-above-header-display":"","ast-hfb-below-header-display":"","ast-hfb-mobile-header-display":"","site-post-title":"","ast-breadcrumbs-content":"","ast-featured-img":"","footer-sml-layout":"","ast-disable-related-posts":"","theme-transparent-header-meta":"","adv-header-id-meta":"","stick-header-meta":"","header-above-stick-meta":"","header-main-stick-meta":"","header-below-stick-meta":"","astra-migrate-meta-layouts":"default","ast-page-background-enabled":"default","ast-page-background-meta":{"desktop":{"background-color":"var(--ast-global-color-4)","background-image":"","background-repeat":"repeat","background-position":"center center","background-size":"auto","background-attachment":"scroll","background-type":"","background-media":"","overlay-type":"","overlay-color":"","overlay-opacity":"","overlay-gradient":""},"tablet":{"background-color":"","background-image":"","background-repeat":"repeat","background-position":"center center","background-size":"auto","background-attachment":"scroll","background-type":"","background-media":"","overlay-type":"","overlay-color":"","overlay-opacity":"","overlay-gradient":""},"mobile":{"background-color":"","background-image":"","background-repeat":"repeat","background-position":"center center","background-size":"auto","background-attachment":"scroll","background-type":"","background-media":"","overlay-type":"","overlay-color":"","overlay-opacity":"","overlay-gradient":""}},"ast-content-background-meta":{"desktop":{"background-color":"var(--ast-global-color-5)","background-image":"","background-repeat":"repeat","background-position":"center center","background-size":"auto","background-attachment":"scroll","background-type":"","background-media":"","overlay-type":"","overlay-color":"","overlay-opacity":"","overlay-gradient":""},"tablet":{"background-color":"var(--ast-global-color-5)","background-image":"","background-repeat":"repeat","background-position":"center center","background-size":"auto","background-attachment":"scroll","background-type":"","background-media":"","overlay-type":"","overlay-color":"","overlay-opacity":"","overlay-gradient":""},"mobile":{"background-color":"var(--ast-global-color-5)","background-image":"","background-repeat":"repeat","background-position":"center center","background-size":"auto","background-attachment":"scroll","background-type":"","background-media":"","overlay-type":"","overlay-color":"","overlay-opacity":"","overlay-gradient":""}},"footnotes":""},"categories":[517],"tags":[50,22,199,3165],"class_list":["post-17541","post","type-post","status-publish","format-standard","hentry","category-aconteceu","tag-noticias-do-face","tag-noticias-no-face","tag-noticiasnoface","tag-selecao-femininafutebol"],"_links":{"self":[{"href":"https:\/\/noticiasnoface.com.br\/index.php\/wp-json\/wp\/v2\/posts\/17541","targetHints":{"allow":["GET"]}}],"collection":[{"href":"https:\/\/noticiasnoface.com.br\/index.php\/wp-json\/wp\/v2\/posts"}],"about":[{"href":"https:\/\/noticiasnoface.com.br\/index.php\/wp-json\/wp\/v2\/types\/post"}],"author":[{"embeddable":true,"href":"https:\/\/noticiasnoface.com.br\/index.php\/wp-json\/wp\/v2\/users\/1"}],"replies":[{"embeddable":true,"href":"https:\/\/noticiasnoface.com.br\/index.php\/wp-json\/wp\/v2\/comments?post=17541"}],"version-history":[{"count":3,"href":"https:\/\/noticiasnoface.com.br\/index.php\/wp-json\/wp\/v2\/posts\/17541\/revisions"}],"predecessor-version":[{"id":17545,"href":"https:\/\/noticiasnoface.com.br\/index.php\/wp-json\/wp\/v2\/posts\/17541\/revisions\/17545"}],"wp:attachment":[{"href":"https:\/\/noticiasnoface.com.br\/index.php\/wp-json\/wp\/v2\/media?parent=17541"}],"wp:term":[{"taxonomy":"category","embeddable":true,"href":"https:\/\/noticiasnoface.com.br\/index.php\/wp-json\/wp\/v2\/categories?post=17541"},{"taxonomy":"post_tag","embeddable":true,"href":"https:\/\/noticiasnoface.com.br\/index.php\/wp-json\/wp\/v2\/tags?post=17541"}],"curies":[{"name":"wp","href":"https:\/\/api.w.org\/{rel}","templated":true}]}}