{"id":17594,"date":"2023-07-21T15:32:32","date_gmt":"2023-07-21T18:32:32","guid":{"rendered":"https:\/\/noticiasnoface.com.br\/?p=17594"},"modified":"2023-07-21T15:32:33","modified_gmt":"2023-07-21T18:32:33","slug":"projeto-de-lula-preve-40-anos-de-cadeia-para-quem-tirar-onda-com-ministros-do-stf","status":"publish","type":"post","link":"https:\/\/noticiasnoface.com.br\/index.php\/2023\/07\/21\/projeto-de-lula-preve-40-anos-de-cadeia-para-quem-tirar-onda-com-ministros-do-stf\/","title":{"rendered":"Projeto de lula prev\u00ea 40 anos de cadeia para quem \u201ctirar onda com ministros do STF\u201d"},"content":{"rendered":"\n<figure class=\"wp-block-image size-large\"><img data-opt-id=377383045  fetchpriority=\"high\" decoding=\"async\" width=\"2048\" height=\"1538\" src=\"https:\/\/mlbfrsat7ahr.i.optimole.com\/w:auto\/h:auto\/q:mauto\/ig:avif\/https:\/\/noticiasnoface.com.br\/wp-content\/uploads\/2023\/07\/photo-output-34.jpg\" alt=\"\" class=\"wp-image-17513\" srcset=\"https:\/\/mlbfrsat7ahr.i.optimole.com\/w:1438\/h:1080\/q:mauto\/ig:avif\/https:\/\/noticiasnoface.com.br\/wp-content\/uploads\/2023\/07\/photo-output-34.jpg 2048w, https:\/\/mlbfrsat7ahr.i.optimole.com\/w:300\/h:225\/q:mauto\/ig:avif\/https:\/\/noticiasnoface.com.br\/wp-content\/uploads\/2023\/07\/photo-output-34.jpg 300w, https:\/\/mlbfrsat7ahr.i.optimole.com\/w:1024\/h:769\/q:mauto\/ig:avif\/https:\/\/noticiasnoface.com.br\/wp-content\/uploads\/2023\/07\/photo-output-34.jpg 1024w, https:\/\/mlbfrsat7ahr.i.optimole.com\/w:768\/h:577\/q:mauto\/ig:avif\/https:\/\/noticiasnoface.com.br\/wp-content\/uploads\/2023\/07\/photo-output-34.jpg 768w, https:\/\/mlbfrsat7ahr.i.optimole.com\/w:1437\/h:1080\/q:mauto\/ig:avif\/https:\/\/noticiasnoface.com.br\/wp-content\/uploads\/2023\/07\/photo-output-34.jpg 1536w\" sizes=\"(max-width: 1000px) 100vw, 1000px\" \/><figcaption class=\"wp-element-caption\">Projeto de Lula prev\u00ea pris\u00e3o por at\u00e9 40 anos para quem &#8220;atentar&#8221; contra vida de ministros do STF ou presidente<br><br>O Governo Federal lan\u00e7ou nesta sexta-feira (21) um pacote de projetos de leis enviado ao Congresso que inclui o endurecimento de penas a quem \u201catentar\u201d contra o Estado Democr\u00e1tico de Direito. As propostas foram articuladas pelo ministro da Justi\u00e7a, Fl\u00e1vio Dino, e batizadas de \u201cPacote da Democracia\u201d.<br>Um dos projetos de leis enviados ao Congresso quer aumentar a pena para quem cometer crimes contra o Estado Democr\u00e1tico de Direito. Isso envolve aumentar de 6 para 12 anos, o que transformaria em pena de pris\u00e3o em regime fechado, a puni\u00e7\u00e3o para quem organizar ou liderar movimentos antidemocr\u00e1ticos.<br>Se aprovado, o projeto de lei tamb\u00e9m vai aumentar de 8 para 20 anos a pena de pris\u00e3o para quem financiar movimentos antidemocr\u00e1ticos. O financiamento dos ataques golpistas em 8 de janeiro \u00e9 uma das principais dificuldades no combate aos criminosos envolvidos na depreda\u00e7\u00e3o das sedes do Executivo, do Legislativo e do Judici\u00e1rio em Bras\u00edlia.<br>A proposta aumenta tamb\u00e9m de 6 para 12 anos a puni\u00e7\u00e3o para quem atentar contra a integridade f\u00edsica e a liberdade do presidente da Rep\u00fablica, do vice-presidente, do presidente do Senado Federal, do presidente da C\u00e2mara dos Deputados, dos ministros do Supremo Tribunal Federal (STF) e do procurador-geral da Rep\u00fablica (PGR).<br>A medida \u00e9 lan\u00e7ada uma semana depois do ministro Alexandre de Moraes, do STF, alegar ter sido hostilizado no Aeroporto de Roma, na It\u00e1lia, em epis\u00f3dio no qual seu filho de 27 anos teria sido agredido fisicamente.<br>Ainda ao tratar de crimes contra essas autoridades acima, o projeto aumenta a pena de 20 para 40 anos de pris\u00e3o para quem atentar contra a vida desse grupo de autoridades, se for caracterizado que havia finalidade de alterar a ordem constitucional democr\u00e1tica.<br>Na apresenta\u00e7\u00e3o dessas medidas, o governo federal disse que os ataques golpistas de 8 de janeiro \u201cdemonstraram que o tratamento penal aos crimes contra o Estado Democr\u00e1tico de Direito precisa ser mais severo a fim de que sejam assegurados o livre exerc\u00edcio dos Poderes e das institui\u00e7\u00f5es democr\u00e1ticas, o funcionamento regular dos servi\u00e7os p\u00fablicos essenciais e a pr\u00f3pria soberania nacional\u201d.<br>O governo argumenta ainda que esse endurecimento penal refor\u00e7a o \u201ccar\u00e1ter preventivo\u201d das leis e reafirma \u201ca exist\u00eancia e efici\u00eancia do direito penal brasileiro\u201d. VIA 98 FM <\/figcaption><\/figure>\n","protected":false},"excerpt":{"rendered":"","protected":false},"author":1,"featured_media":0,"comment_status":"open","ping_status":"open","sticky":false,"template":"","format":"standard","meta":{"site-sidebar-layout":"default","site-content-layout":"","ast-site-content-layout":"default","site-content-style":"default","site-sidebar-style":"default","ast-global-header-display":"","ast-banner-title-visibility":"","ast-main-header-display":"","ast-hfb-above-header-display":"","ast-hfb-below-header-display":"","ast-hfb-mobile-header-display":"","site-post-title":"","ast-breadcrumbs-content":"","ast-featured-img":"","footer-sml-layout":"","ast-disable-related-posts":"","theme-transparent-header-meta":"","adv-header-id-meta":"","stick-header-meta":"","header-above-stick-meta":"","header-main-stick-meta":"","header-below-stick-meta":"","astra-migrate-meta-layouts":"default","ast-page-background-enabled":"default","ast-page-background-meta":{"desktop":{"background-color":"var(--ast-global-color-4)","background-image":"","background-repeat":"repeat","background-position":"center center","background-size":"auto","background-attachment":"scroll","background-type":"","background-media":"","overlay-type":"","overlay-color":"","overlay-opacity":"","overlay-gradient":""},"tablet":{"background-color":"","background-image":"","background-repeat":"repeat","background-position":"center center","background-size":"auto","background-attachment":"scroll","background-type":"","background-media":"","overlay-type":"","overlay-color":"","overlay-opacity":"","overlay-gradient":""},"mobile":{"background-color":"","background-image":"","background-repeat":"repeat","background-position":"center center","background-size":"auto","background-attachment":"scroll","background-type":"","background-media":"","overlay-type":"","overlay-color":"","overlay-opacity":"","overlay-gradient":""}},"ast-content-background-meta":{"desktop":{"background-color":"var(--ast-global-color-5)","background-image":"","background-repeat":"repeat","background-position":"center center","background-size":"auto","background-attachment":"scroll","background-type":"","background-media":"","overlay-type":"","overlay-color":"","overlay-opacity":"","overlay-gradient":""},"tablet":{"background-color":"var(--ast-global-color-5)","background-image":"","background-repeat":"repeat","background-position":"center center","background-size":"auto","background-attachment":"scroll","background-type":"","background-media":"","overlay-type":"","overlay-color":"","overlay-opacity":"","overlay-gradient":""},"mobile":{"background-color":"var(--ast-global-color-5)","background-image":"","background-repeat":"repeat","background-position":"center center","background-size":"auto","background-attachment":"scroll","background-type":"","background-media":"","overlay-type":"","overlay-color":"","overlay-opacity":"","overlay-gradient":""}},"footnotes":""},"categories":[517],"tags":[215,2124,2229,3098,7],"class_list":["post-17594","post","type-post","status-publish","format-standard","hentry","category-aconteceu","tag-lula","tag-ministro-do-stf","tag-noticas-do-face","tag-noticia-no-face","tag-prisao"],"_links":{"self":[{"href":"https:\/\/noticiasnoface.com.br\/index.php\/wp-json\/wp\/v2\/posts\/17594","targetHints":{"allow":["GET"]}}],"collection":[{"href":"https:\/\/noticiasnoface.com.br\/index.php\/wp-json\/wp\/v2\/posts"}],"about":[{"href":"https:\/\/noticiasnoface.com.br\/index.php\/wp-json\/wp\/v2\/types\/post"}],"author":[{"embeddable":true,"href":"https:\/\/noticiasnoface.com.br\/index.php\/wp-json\/wp\/v2\/users\/1"}],"replies":[{"embeddable":true,"href":"https:\/\/noticiasnoface.com.br\/index.php\/wp-json\/wp\/v2\/comments?post=17594"}],"version-history":[{"count":1,"href":"https:\/\/noticiasnoface.com.br\/index.php\/wp-json\/wp\/v2\/posts\/17594\/revisions"}],"predecessor-version":[{"id":17595,"href":"https:\/\/noticiasnoface.com.br\/index.php\/wp-json\/wp\/v2\/posts\/17594\/revisions\/17595"}],"wp:attachment":[{"href":"https:\/\/noticiasnoface.com.br\/index.php\/wp-json\/wp\/v2\/media?parent=17594"}],"wp:term":[{"taxonomy":"category","embeddable":true,"href":"https:\/\/noticiasnoface.com.br\/index.php\/wp-json\/wp\/v2\/categories?post=17594"},{"taxonomy":"post_tag","embeddable":true,"href":"https:\/\/noticiasnoface.com.br\/index.php\/wp-json\/wp\/v2\/tags?post=17594"}],"curies":[{"name":"wp","href":"https:\/\/api.w.org\/{rel}","templated":true}]}}