{"id":17596,"date":"2023-07-22T08:36:05","date_gmt":"2023-07-22T11:36:05","guid":{"rendered":"https:\/\/noticiasnoface.com.br\/?p=17596"},"modified":"2023-07-22T08:36:06","modified_gmt":"2023-07-22T11:36:06","slug":"indios-yanomamis-continuam-morrer-mesmo-no-governo-lula","status":"publish","type":"post","link":"https:\/\/noticiasnoface.com.br\/index.php\/2023\/07\/22\/indios-yanomamis-continuam-morrer-mesmo-no-governo-lula\/","title":{"rendered":"\u00cdndios Yanomamis continuam morrer mesmo no governo LULA"},"content":{"rendered":"\n<figure class=\"wp-block-image size-large\"><img data-opt-id=1269389561  fetchpriority=\"high\" decoding=\"async\" width=\"1290\" height=\"808\" src=\"https:\/\/mlbfrsat7ahr.i.optimole.com\/w:auto\/h:auto\/q:mauto\/ig:avif\/https:\/\/noticiasnoface.com.br\/wp-content\/uploads\/2023\/04\/img_2849.jpg\" alt=\"\" class=\"wp-image-15949\" srcset=\"https:\/\/mlbfrsat7ahr.i.optimole.com\/w:1290\/h:808\/q:mauto\/ig:avif\/https:\/\/noticiasnoface.com.br\/wp-content\/uploads\/2023\/04\/img_2849.jpg 1290w, https:\/\/mlbfrsat7ahr.i.optimole.com\/w:300\/h:188\/q:mauto\/ig:avif\/https:\/\/noticiasnoface.com.br\/wp-content\/uploads\/2023\/04\/img_2849.jpg 300w, https:\/\/mlbfrsat7ahr.i.optimole.com\/w:1024\/h:641\/q:mauto\/ig:avif\/https:\/\/noticiasnoface.com.br\/wp-content\/uploads\/2023\/04\/img_2849.jpg 1024w, https:\/\/mlbfrsat7ahr.i.optimole.com\/w:768\/h:481\/q:mauto\/ig:avif\/https:\/\/noticiasnoface.com.br\/wp-content\/uploads\/2023\/04\/img_2849.jpg 768w\" sizes=\"(max-width: 1000px) 100vw, 1000px\" \/><figcaption class=\"wp-element-caption\">Yanomamis continuam morrendo no governo Lula<br>Ap\u00f3s visita de Lula a Roraima em fevereiro, governo prometeu resolver crise humanit\u00e1ria atribu\u00edda \u00e0 gest\u00e3o anterior; mas at\u00e9 julho, 154 ind\u00edgenas yanomamis j\u00e1 morreram, quase metade crian\u00e7as com at\u00e9 4 anos<br><a class=\"byline\" href=\"https:\/\/jovempan.com.br\/opiniao-jovem-pan\/comentaristas\/claudio-dantas\" target=\"_blank\" rel=\"noopener\">Claudio Dantas<\/a><br>Reprodu\u00e7\u00e3o\/Jovem Pan News\/Jornal da Manh\u00e3<br><br><img data-opt-id=1873967367  fetchpriority=\"high\" decoding=\"async\" src=\"https:\/\/jpimg.com.br\/uploads\/2023\/01\/copia-de-copia-de-design-sem-nome-16-750x450.png\" alt=\"Crian\u00e7as yanomami em situa\u00e7\u00e3o de desnutri\u00e7\u00e3o\"><br>Crian\u00e7as yanomami em situa\u00e7\u00e3o de desnutri\u00e7\u00e3o<br><strong>Em fevereiro, Lula desembarcou em Roraima para denunciar ao mundo a crise humanit\u00e1ria na terra yanomami \u2014 imediatamente atribu\u00edda \u00e0 gest\u00e3o de Jair Bolsonaro. No fim daquele m\u00eas, dados do Minist\u00e9rio da Sa\u00fade registravam 42 mortes de ind\u00edgenas.<\/strong> O governo organizou uma for\u00e7a-tarefa liderada pelo Minist\u00e9rio dos Povos Ind\u00edgenas para poder resolver o problema, mas as medidas tomadas at\u00e9 agora parecem n\u00e3o ser suficientes. At\u00e9 7 de julho, o n\u00famero de \u00f3bitos chegava a 154, sendo 48% de crian\u00e7as menores de 4 anos.<br><strong>Do total de mortes, 47 ocorreram em hospitais, outras 104 no pr\u00f3prio territ\u00f3rio ind\u00edgena, sendo Auaris (33) e Surucucu (14) os l\u00edderes em ocorr\u00eancias fatais.<\/strong><br><strong>Segundo o Sistema de Informa\u00e7\u00f5es de Sa\u00fade Ind\u00edgena (Siasi), doen\u00e7as infecciosas t\u00eam sido a principal causa de morte dos ind\u00edgenas, com destaque para pneumonia (34).<\/strong> As ocorr\u00eancias de s\u00edndrome respirat\u00f3ria aguda grave nos primeiros sete meses chegaram a 3.059, mais que o registrado em todo o ano de 2022. Os casos de gripe saltaram de 3.203 no ano passado para 10.254 este ano. O GT de Imuniza\u00e7\u00e3o informa ter vacinado mais de 17 mil ind\u00edgenas contra influenza, covid e demais vacinas.<br><strong>A mal\u00e1ria foi a segunda maior causa mortis (11), com 12.252 casos registrados at\u00e9 julho \u2014 contra 15.561 no ano anterior. A \u00edntegra do relat\u00f3rio mensal com todos os dados pode ser baixada <a href=\"https:\/\/www.gov.br\/saude\/pt-br\/composicao\/svsa\/resposta-a-emergencias\/coes\/coe-yanomami\/informe-diario\/missao-yanomami-informe-semanal-20\/view\" target=\"_blank\" rel=\"noreferrer noopener\">aqui<\/a>. O terra ind\u00edgena Yanomami abriga pouco mais de 31 mil ind\u00edgenas.<\/strong><\/figcaption><\/figure>\n","protected":false},"excerpt":{"rendered":"","protected":false},"author":1,"featured_media":0,"comment_status":"open","ping_status":"open","sticky":false,"template":"","format":"standard","meta":{"site-sidebar-layout":"default","site-content-layout":"","ast-site-content-layout":"default","site-content-style":"default","site-sidebar-style":"default","ast-global-header-display":"","ast-banner-title-visibility":"","ast-main-header-display":"","ast-hfb-above-header-display":"","ast-hfb-below-header-display":"","ast-hfb-mobile-header-display":"","site-post-title":"","ast-breadcrumbs-content":"","ast-featured-img":"","footer-sml-layout":"","ast-disable-related-posts":"","theme-transparent-header-meta":"","adv-header-id-meta":"","stick-header-meta":"","header-above-stick-meta":"","header-main-stick-meta":"","header-below-stick-meta":"","astra-migrate-meta-layouts":"default","ast-page-background-enabled":"default","ast-page-background-meta":{"desktop":{"background-color":"var(--ast-global-color-4)","background-image":"","background-repeat":"repeat","background-position":"center center","background-size":"auto","background-attachment":"scroll","background-type":"","background-media":"","overlay-type":"","overlay-color":"","overlay-opacity":"","overlay-gradient":""},"tablet":{"background-color":"","background-image":"","background-repeat":"repeat","background-position":"center center","background-size":"auto","background-attachment":"scroll","background-type":"","background-media":"","overlay-type":"","overlay-color":"","overlay-opacity":"","overlay-gradient":""},"mobile":{"background-color":"","background-image":"","background-repeat":"repeat","background-position":"center center","background-size":"auto","background-attachment":"scroll","background-type":"","background-media":"","overlay-type":"","overlay-color":"","overlay-opacity":"","overlay-gradient":""}},"ast-content-background-meta":{"desktop":{"background-color":"var(--ast-global-color-5)","background-image":"","background-repeat":"repeat","background-position":"center center","background-size":"auto","background-attachment":"scroll","background-type":"","background-media":"","overlay-type":"","overlay-color":"","overlay-opacity":"","overlay-gradient":""},"tablet":{"background-color":"var(--ast-global-color-5)","background-image":"","background-repeat":"repeat","background-position":"center center","background-size":"auto","background-attachment":"scroll","background-type":"","background-media":"","overlay-type":"","overlay-color":"","overlay-opacity":"","overlay-gradient":""},"mobile":{"background-color":"var(--ast-global-color-5)","background-image":"","background-repeat":"repeat","background-position":"center center","background-size":"auto","background-attachment":"scroll","background-type":"","background-media":"","overlay-type":"","overlay-color":"","overlay-opacity":"","overlay-gradient":""}},"footnotes":""},"categories":[517],"tags":[3173,215,2229,3098,199,3172],"class_list":["post-17596","post","type-post","status-publish","format-standard","hentry","category-aconteceu","tag-fome","tag-lula","tag-noticas-do-face","tag-noticia-no-face","tag-noticiasnoface","tag-yanomami"],"_links":{"self":[{"href":"https:\/\/noticiasnoface.com.br\/index.php\/wp-json\/wp\/v2\/posts\/17596","targetHints":{"allow":["GET"]}}],"collection":[{"href":"https:\/\/noticiasnoface.com.br\/index.php\/wp-json\/wp\/v2\/posts"}],"about":[{"href":"https:\/\/noticiasnoface.com.br\/index.php\/wp-json\/wp\/v2\/types\/post"}],"author":[{"embeddable":true,"href":"https:\/\/noticiasnoface.com.br\/index.php\/wp-json\/wp\/v2\/users\/1"}],"replies":[{"embeddable":true,"href":"https:\/\/noticiasnoface.com.br\/index.php\/wp-json\/wp\/v2\/comments?post=17596"}],"version-history":[{"count":1,"href":"https:\/\/noticiasnoface.com.br\/index.php\/wp-json\/wp\/v2\/posts\/17596\/revisions"}],"predecessor-version":[{"id":17597,"href":"https:\/\/noticiasnoface.com.br\/index.php\/wp-json\/wp\/v2\/posts\/17596\/revisions\/17597"}],"wp:attachment":[{"href":"https:\/\/noticiasnoface.com.br\/index.php\/wp-json\/wp\/v2\/media?parent=17596"}],"wp:term":[{"taxonomy":"category","embeddable":true,"href":"https:\/\/noticiasnoface.com.br\/index.php\/wp-json\/wp\/v2\/categories?post=17596"},{"taxonomy":"post_tag","embeddable":true,"href":"https:\/\/noticiasnoface.com.br\/index.php\/wp-json\/wp\/v2\/tags?post=17596"}],"curies":[{"name":"wp","href":"https:\/\/api.w.org\/{rel}","templated":true}]}}