{"id":17599,"date":"2023-07-22T09:45:16","date_gmt":"2023-07-22T12:45:16","guid":{"rendered":"https:\/\/noticiasnoface.com.br\/?p=17599"},"modified":"2023-07-22T09:45:17","modified_gmt":"2023-07-22T12:45:17","slug":"presidente-eriko-jacome-representa-cmn-na-posse-do-prefeito-alvaro-dias-na-anrl","status":"publish","type":"post","link":"https:\/\/noticiasnoface.com.br\/index.php\/2023\/07\/22\/presidente-eriko-jacome-representa-cmn-na-posse-do-prefeito-alvaro-dias-na-anrl\/","title":{"rendered":"<em>Presidente Eriko J\u00e1come representa CMN na posse do prefeito \u00c1lvaro Dias na ANRL<\/em>"},"content":{"rendered":"\n<figure class=\"wp-block-image size-large\"><img data-opt-id=1048909208  fetchpriority=\"high\" decoding=\"async\" width=\"1024\" height=\"968\" src=\"https:\/\/mlbfrsat7ahr.i.optimole.com\/w:1024\/h:968\/q:mauto\/ig:avif\/https:\/\/noticiasnoface.com.br\/wp-content\/uploads\/2023\/07\/img_8098.jpg\" class=\"wp-image-17598\" srcset=\"https:\/\/mlbfrsat7ahr.i.optimole.com\/w:1024\/h:968\/q:mauto\/ig:avif\/https:\/\/noticiasnoface.com.br\/wp-content\/uploads\/2023\/07\/img_8098.jpg 1024w, https:\/\/mlbfrsat7ahr.i.optimole.com\/w:300\/h:284\/q:mauto\/ig:avif\/https:\/\/noticiasnoface.com.br\/wp-content\/uploads\/2023\/07\/img_8098.jpg 300w, https:\/\/mlbfrsat7ahr.i.optimole.com\/w:768\/h:726\/q:mauto\/ig:avif\/https:\/\/noticiasnoface.com.br\/wp-content\/uploads\/2023\/07\/img_8098.jpg 768w, https:\/\/mlbfrsat7ahr.i.optimole.com\/w:1141\/h:1080\/q:mauto\/ig:avif\/https:\/\/noticiasnoface.com.br\/wp-content\/uploads\/2023\/07\/img_8098.jpg 1290w\" sizes=\"(max-width: 1000px) 100vw, 1000px\" \/><figcaption class=\"wp-element-caption\"><em>Presidente Eriko J\u00e1come representa CMN na posse do prefeito \u00c1lvaro Dias na ANRL<\/em><br>Nesta sexta-feira (21), o presidente Eriko J\u00e1come participou da cerim\u00f4nia de posse do prefeito \u00c1lvaro Dias como imortal da Academia Norte-Rio-Grandense de Letras, no Sal\u00e3o Nobre da institui\u00e7\u00e3o.<br>\u201cComo presidente da C\u00e2mara Municipal de Natal \u00e9 uma honra representar o Poder Legislativo na ocasi\u00e3o em que o prefeito de nossa cidade toma assento nesta Academia\u201d, ressaltou Eriko J\u00e1come, acrescentando que a presen\u00e7a dele e de outros vereadores na solenidade demonstra a import\u00e2ncia que a casa d\u00e1 \u00e0 cultura.<br>Tamb\u00e9m prestigiaram a cerim\u00f4nia de posse, os vereadores Kleber Fernandes, Robson Carvalho e Felipe Alves, que foram un\u00e2nimes em afirmar que ter um prefeito membro da Academia Norte-Rio-Grandense de Letras representa um grande orgulho para Natal e o fortalecimento do compromisso com investimentos em cultura na cidade.<br>O prefeito de Natal \u00e9 m\u00e9dico e escritor. Ele foi eleito, no \u00faltimo dia 09 de maio, para ocupar a cadeira n\u00famero 6, que tem como patrono Lu\u00eds Carlos Wanderley, fundadora Carolina Wanderley e sucessores Gumercindo Saraiva e Jo\u00e3o Batista Pinheiro Cabral.<br>Texto: Ilana Albuquerque<\/figcaption><\/figure>\n","protected":false},"excerpt":{"rendered":"","protected":false},"author":1,"featured_media":0,"comment_status":"open","ping_status":"open","sticky":false,"template":"","format":"standard","meta":{"site-sidebar-layout":"default","site-content-layout":"","ast-site-content-layout":"default","site-content-style":"default","site-sidebar-style":"default","ast-global-header-display":"","ast-banner-title-visibility":"","ast-main-header-display":"","ast-hfb-above-header-display":"","ast-hfb-below-header-display":"","ast-hfb-mobile-header-display":"","site-post-title":"","ast-breadcrumbs-content":"","ast-featured-img":"","footer-sml-layout":"","ast-disable-related-posts":"","theme-transparent-header-meta":"","adv-header-id-meta":"","stick-header-meta":"","header-above-stick-meta":"","header-main-stick-meta":"","header-below-stick-meta":"","astra-migrate-meta-layouts":"default","ast-page-background-enabled":"default","ast-page-background-meta":{"desktop":{"background-color":"var(--ast-global-color-4)","background-image":"","background-repeat":"repeat","background-position":"center center","background-size":"auto","background-attachment":"scroll","background-type":"","background-media":"","overlay-type":"","overlay-color":"","overlay-opacity":"","overlay-gradient":""},"tablet":{"background-color":"","background-image":"","background-repeat":"repeat","background-position":"center center","background-size":"auto","background-attachment":"scroll","background-type":"","background-media":"","overlay-type":"","overlay-color":"","overlay-opacity":"","overlay-gradient":""},"mobile":{"background-color":"","background-image":"","background-repeat":"repeat","background-position":"center center","background-size":"auto","background-attachment":"scroll","background-type":"","background-media":"","overlay-type":"","overlay-color":"","overlay-opacity":"","overlay-gradient":""}},"ast-content-background-meta":{"desktop":{"background-color":"var(--ast-global-color-5)","background-image":"","background-repeat":"repeat","background-position":"center center","background-size":"auto","background-attachment":"scroll","background-type":"","background-media":"","overlay-type":"","overlay-color":"","overlay-opacity":"","overlay-gradient":""},"tablet":{"background-color":"var(--ast-global-color-5)","background-image":"","background-repeat":"repeat","background-position":"center center","background-size":"auto","background-attachment":"scroll","background-type":"","background-media":"","overlay-type":"","overlay-color":"","overlay-opacity":"","overlay-gradient":""},"mobile":{"background-color":"var(--ast-global-color-5)","background-image":"","background-repeat":"repeat","background-position":"center center","background-size":"auto","background-attachment":"scroll","background-type":"","background-media":"","overlay-type":"","overlay-color":"","overlay-opacity":"","overlay-gradient":""}},"footnotes":""},"categories":[517],"tags":[],"class_list":["post-17599","post","type-post","status-publish","format-standard","hentry","category-aconteceu"],"_links":{"self":[{"href":"https:\/\/noticiasnoface.com.br\/index.php\/wp-json\/wp\/v2\/posts\/17599","targetHints":{"allow":["GET"]}}],"collection":[{"href":"https:\/\/noticiasnoface.com.br\/index.php\/wp-json\/wp\/v2\/posts"}],"about":[{"href":"https:\/\/noticiasnoface.com.br\/index.php\/wp-json\/wp\/v2\/types\/post"}],"author":[{"embeddable":true,"href":"https:\/\/noticiasnoface.com.br\/index.php\/wp-json\/wp\/v2\/users\/1"}],"replies":[{"embeddable":true,"href":"https:\/\/noticiasnoface.com.br\/index.php\/wp-json\/wp\/v2\/comments?post=17599"}],"version-history":[{"count":1,"href":"https:\/\/noticiasnoface.com.br\/index.php\/wp-json\/wp\/v2\/posts\/17599\/revisions"}],"predecessor-version":[{"id":17600,"href":"https:\/\/noticiasnoface.com.br\/index.php\/wp-json\/wp\/v2\/posts\/17599\/revisions\/17600"}],"wp:attachment":[{"href":"https:\/\/noticiasnoface.com.br\/index.php\/wp-json\/wp\/v2\/media?parent=17599"}],"wp:term":[{"taxonomy":"category","embeddable":true,"href":"https:\/\/noticiasnoface.com.br\/index.php\/wp-json\/wp\/v2\/categories?post=17599"},{"taxonomy":"post_tag","embeddable":true,"href":"https:\/\/noticiasnoface.com.br\/index.php\/wp-json\/wp\/v2\/tags?post=17599"}],"curies":[{"name":"wp","href":"https:\/\/api.w.org\/{rel}","templated":true}]}}