{"id":17601,"date":"2023-07-22T15:39:06","date_gmt":"2023-07-22T18:39:06","guid":{"rendered":"https:\/\/noticiasnoface.com.br\/?p=17601"},"modified":"2023-07-22T15:40:01","modified_gmt":"2023-07-22T18:40:01","slug":"a-quem-interessa-tirar-o-nome-de-girao-da-disputa-para-prefeito-de-natal","status":"publish","type":"post","link":"https:\/\/noticiasnoface.com.br\/index.php\/2023\/07\/22\/a-quem-interessa-tirar-o-nome-de-girao-da-disputa-para-prefeito-de-natal\/","title":{"rendered":"A quem interessa tirar o nome de Gir\u00e3o da disputa para prefeito de Natal?"},"content":{"rendered":"\n<figure class=\"wp-block-image size-large\"><img data-opt-id=1859480327  fetchpriority=\"high\" decoding=\"async\" width=\"1152\" height=\"2048\" src=\"https:\/\/mlbfrsat7ahr.i.optimole.com\/w:auto\/h:auto\/q:mauto\/ig:avif\/https:\/\/noticiasnoface.com.br\/wp-content\/uploads\/2022\/08\/photo-output-17.jpg\" alt=\"\" class=\"wp-image-10808\" srcset=\"https:\/\/mlbfrsat7ahr.i.optimole.com\/w:607\/h:1080\/q:mauto\/ig:avif\/https:\/\/noticiasnoface.com.br\/wp-content\/uploads\/2022\/08\/photo-output-17.jpg 1152w, https:\/\/mlbfrsat7ahr.i.optimole.com\/w:169\/h:300\/q:mauto\/ig:avif\/https:\/\/noticiasnoface.com.br\/wp-content\/uploads\/2022\/08\/photo-output-17.jpg 169w, https:\/\/mlbfrsat7ahr.i.optimole.com\/w:576\/h:1024\/q:mauto\/ig:avif\/https:\/\/noticiasnoface.com.br\/wp-content\/uploads\/2022\/08\/photo-output-17.jpg 576w, https:\/\/mlbfrsat7ahr.i.optimole.com\/w:607\/h:1080\/q:mauto\/ig:avif\/https:\/\/noticiasnoface.com.br\/wp-content\/uploads\/2022\/08\/photo-output-17.jpg 768w, https:\/\/mlbfrsat7ahr.i.optimole.com\/w:607\/h:1080\/q:mauto\/ig:avif\/https:\/\/noticiasnoface.com.br\/wp-content\/uploads\/2022\/08\/photo-output-17.jpg 864w\" sizes=\"(max-width: 1000px) 100vw, 1000px\" \/><figcaption class=\"wp-element-caption\">O deputado federal General Gir\u00e3o continua pr\u00e9-candidato a prefeito de Natal pelo PL. Tem sa\u00eddo pesquisa sem o nome do parlamentar de ligado forte e de raiz do grupo da direita. E ai a quem interessa tirar o nome da disputa na Capital?<br \/>Poucos dias com nome lan\u00e7ado, Gir\u00e3o j\u00e1 apareceu com 10,8% na pesquisa Paran\u00e1\/Veja, em junho deste ano. <br \/>O deputado tem mantido sua pauta na C\u00e2mara Federal normalmente em Bras\u00edlia, mesmos com qualquer obst\u00e1culo.<br \/>Lembrar que o deputado bolsonarista foi o segundo deputado federal mais votado na capital ano passado, com 30226 votos, perdendo para Nat\u00e1lia Bonavides com 52198, mas na frente de Fernando Mineiro (26044), Paulinho Freire (24311), Sargento Gon\u00e7alves (24083), os eleitos para C\u00e2mara Federal.<br \/>Gir\u00e3o n\u00e3o abre nem para um trem  e mant\u00e9m viva sua candidata e tem como suplente do PL, a infectologista Roberta Lacerda, que poderia assumir a cadeira caso General Gir\u00e3o seja o prefeito de Natal na elei\u00e7\u00e3o de 2024. VIA GUSTAVO NEGREIROS <br \/><br \/><\/figcaption><\/figure>\n","protected":false},"excerpt":{"rendered":"","protected":false},"author":1,"featured_media":0,"comment_status":"open","ping_status":"open","sticky":false,"template":"","format":"standard","meta":{"site-sidebar-layout":"default","site-content-layout":"","ast-site-content-layout":"default","site-content-style":"default","site-sidebar-style":"default","ast-global-header-display":"","ast-banner-title-visibility":"","ast-main-header-display":"","ast-hfb-above-header-display":"","ast-hfb-below-header-display":"","ast-hfb-mobile-header-display":"","site-post-title":"","ast-breadcrumbs-content":"","ast-featured-img":"","footer-sml-layout":"","ast-disable-related-posts":"","theme-transparent-header-meta":"","adv-header-id-meta":"","stick-header-meta":"","header-above-stick-meta":"","header-main-stick-meta":"","header-below-stick-meta":"","astra-migrate-meta-layouts":"default","ast-page-background-enabled":"default","ast-page-background-meta":{"desktop":{"background-color":"var(--ast-global-color-4)","background-image":"","background-repeat":"repeat","background-position":"center center","background-size":"auto","background-attachment":"scroll","background-type":"","background-media":"","overlay-type":"","overlay-color":"","overlay-opacity":"","overlay-gradient":""},"tablet":{"background-color":"","background-image":"","background-repeat":"repeat","background-position":"center center","background-size":"auto","background-attachment":"scroll","background-type":"","background-media":"","overlay-type":"","overlay-color":"","overlay-opacity":"","overlay-gradient":""},"mobile":{"background-color":"","background-image":"","background-repeat":"repeat","background-position":"center center","background-size":"auto","background-attachment":"scroll","background-type":"","background-media":"","overlay-type":"","overlay-color":"","overlay-opacity":"","overlay-gradient":""}},"ast-content-background-meta":{"desktop":{"background-color":"var(--ast-global-color-5)","background-image":"","background-repeat":"repeat","background-position":"center center","background-size":"auto","background-attachment":"scroll","background-type":"","background-media":"","overlay-type":"","overlay-color":"","overlay-opacity":"","overlay-gradient":""},"tablet":{"background-color":"var(--ast-global-color-5)","background-image":"","background-repeat":"repeat","background-position":"center center","background-size":"auto","background-attachment":"scroll","background-type":"","background-media":"","overlay-type":"","overlay-color":"","overlay-opacity":"","overlay-gradient":""},"mobile":{"background-color":"var(--ast-global-color-5)","background-image":"","background-repeat":"repeat","background-position":"center center","background-size":"auto","background-attachment":"scroll","background-type":"","background-media":"","overlay-type":"","overlay-color":"","overlay-opacity":"","overlay-gradient":""}},"footnotes":""},"categories":[517],"tags":[],"class_list":["post-17601","post","type-post","status-publish","format-standard","hentry","category-aconteceu"],"_links":{"self":[{"href":"https:\/\/noticiasnoface.com.br\/index.php\/wp-json\/wp\/v2\/posts\/17601","targetHints":{"allow":["GET"]}}],"collection":[{"href":"https:\/\/noticiasnoface.com.br\/index.php\/wp-json\/wp\/v2\/posts"}],"about":[{"href":"https:\/\/noticiasnoface.com.br\/index.php\/wp-json\/wp\/v2\/types\/post"}],"author":[{"embeddable":true,"href":"https:\/\/noticiasnoface.com.br\/index.php\/wp-json\/wp\/v2\/users\/1"}],"replies":[{"embeddable":true,"href":"https:\/\/noticiasnoface.com.br\/index.php\/wp-json\/wp\/v2\/comments?post=17601"}],"version-history":[{"count":3,"href":"https:\/\/noticiasnoface.com.br\/index.php\/wp-json\/wp\/v2\/posts\/17601\/revisions"}],"predecessor-version":[{"id":17604,"href":"https:\/\/noticiasnoface.com.br\/index.php\/wp-json\/wp\/v2\/posts\/17601\/revisions\/17604"}],"wp:attachment":[{"href":"https:\/\/noticiasnoface.com.br\/index.php\/wp-json\/wp\/v2\/media?parent=17601"}],"wp:term":[{"taxonomy":"category","embeddable":true,"href":"https:\/\/noticiasnoface.com.br\/index.php\/wp-json\/wp\/v2\/categories?post=17601"},{"taxonomy":"post_tag","embeddable":true,"href":"https:\/\/noticiasnoface.com.br\/index.php\/wp-json\/wp\/v2\/tags?post=17601"}],"curies":[{"name":"wp","href":"https:\/\/api.w.org\/{rel}","templated":true}]}}