{"id":17614,"date":"2023-07-23T08:40:07","date_gmt":"2023-07-23T11:40:07","guid":{"rendered":"https:\/\/noticiasnoface.com.br\/?p=17614"},"modified":"2023-07-23T08:41:02","modified_gmt":"2023-07-23T11:41:02","slug":"briguem-satanazes-encontro-do-pt-termina-em-porrada","status":"publish","type":"post","link":"https:\/\/noticiasnoface.com.br\/index.php\/2023\/07\/23\/briguem-satanazes-encontro-do-pt-termina-em-porrada\/","title":{"rendered":"Briguem satanazes: Encontro do PT termina em porrada, VEJA V\u00cdDEO"},"content":{"rendered":"\n<figure class=\"wp-block-image size-large\"><img data-opt-id=1557202790  fetchpriority=\"high\" decoding=\"async\" width=\"1024\" height=\"912\" src=\"https:\/\/mlbfrsat7ahr.i.optimole.com\/w:1024\/h:912\/q:mauto\/ig:avif\/https:\/\/noticiasnoface.com.br\/wp-content\/uploads\/2023\/07\/photo-output-44.jpg\" alt=\"\" class=\"wp-image-17613\" srcset=\"https:\/\/mlbfrsat7ahr.i.optimole.com\/w:1024\/h:912\/q:mauto\/ig:avif\/https:\/\/noticiasnoface.com.br\/wp-content\/uploads\/2023\/07\/photo-output-44.jpg 1024w, https:\/\/mlbfrsat7ahr.i.optimole.com\/w:300\/h:267\/q:mauto\/ig:avif\/https:\/\/noticiasnoface.com.br\/wp-content\/uploads\/2023\/07\/photo-output-44.jpg 300w, https:\/\/mlbfrsat7ahr.i.optimole.com\/w:768\/h:684\/q:mauto\/ig:avif\/https:\/\/noticiasnoface.com.br\/wp-content\/uploads\/2023\/07\/photo-output-44.jpg 768w, https:\/\/mlbfrsat7ahr.i.optimole.com\/w:1212\/h:1080\/q:mauto\/ig:avif\/https:\/\/noticiasnoface.com.br\/wp-content\/uploads\/2023\/07\/photo-output-44.jpg 1536w, https:\/\/mlbfrsat7ahr.i.optimole.com\/w:1212\/h:1080\/q:mauto\/ig:avif\/https:\/\/noticiasnoface.com.br\/wp-content\/uploads\/2023\/07\/photo-output-44.jpg 2048w\" sizes=\"(max-width: 1000px) 100vw, 1000px\" \/><figcaption class=\"wp-element-caption\"><strong>O Encontro Territorial do PT deste s\u00e1bado (22), que tinha como objetivo tra\u00e7ar estrat\u00e9gias para as elei\u00e7\u00f5es de 2024, foi interrompido de forma brusca por conta de uma confus\u00e3o entre os membros do partido.<\/strong><br \/><strong>Em v\u00eddeos que circulam nas redes sociais, o vereador Su\u00edca aparece bastante exaltado e sendo contido por v\u00e1rios homens. O edil soteropolitano direcionava xingamentos a um correligion\u00e1rio que n\u00e3o aparece no registro. <\/strong><br \/><strong>O alvo das ofensas teria sido o secret\u00e1rio geral do PT de Salvador, Adem\u00e1rio Costa, que vem cobrando protagonismo do partido nas elei\u00e7\u00f5es municipais da capital. <\/strong><br \/><strong>Ainda conforme apura\u00e7\u00e3o do Bahia Not\u00edcias, o motivo da confus\u00e3o teria sido a insatisfa\u00e7\u00e3o de um grupo com a perda de espa\u00e7o no PT da capital ap\u00f3s a tend\u00eancia do ex-deputado Jac\u00f3 e da presidente municipal Cema Mosil, passar a integrar o grupo majorit\u00e1rio liderado pelo senador Jaques Wagner e \u00c9den Valadares, presidente da legenda na Bahia.<\/strong><br \/><strong>Em nota, o PT informou que a Executiva vai se reunir essa semana para remarcar nova data e que vai se manifestar sobre o epis\u00f3dio somente ap\u00f3s a reuni\u00e3o.<\/strong><\/figcaption><\/figure>\n\n\n\n<figure class=\"wp-block-video\"><video height=\"848\" style=\"aspect-ratio: 480 \/ 848;\" width=\"480\" controls src=\"https:\/\/noticiasnoface.com.br\/wp-content\/uploads\/2023\/07\/a8rqywah1izcttfbfvqvth.mp4\"><\/video><figcaption class=\"wp-element-caption\">Briguem satanazes <\/figcaption><\/figure>\n","protected":false},"excerpt":{"rendered":"","protected":false},"author":1,"featured_media":0,"comment_status":"open","ping_status":"open","sticky":false,"template":"","format":"standard","meta":{"site-sidebar-layout":"default","site-content-layout":"","ast-site-content-layout":"default","site-content-style":"default","site-sidebar-style":"default","ast-global-header-display":"","ast-banner-title-visibility":"","ast-main-header-display":"","ast-hfb-above-header-display":"","ast-hfb-below-header-display":"","ast-hfb-mobile-header-display":"","site-post-title":"","ast-breadcrumbs-content":"","ast-featured-img":"","footer-sml-layout":"","ast-disable-related-posts":"","theme-transparent-header-meta":"","adv-header-id-meta":"","stick-header-meta":"","header-above-stick-meta":"","header-main-stick-meta":"","header-below-stick-meta":"","astra-migrate-meta-layouts":"default","ast-page-background-enabled":"default","ast-page-background-meta":{"desktop":{"background-color":"var(--ast-global-color-4)","background-image":"","background-repeat":"repeat","background-position":"center center","background-size":"auto","background-attachment":"scroll","background-type":"","background-media":"","overlay-type":"","overlay-color":"","overlay-opacity":"","overlay-gradient":""},"tablet":{"background-color":"","background-image":"","background-repeat":"repeat","background-position":"center center","background-size":"auto","background-attachment":"scroll","background-type":"","background-media":"","overlay-type":"","overlay-color":"","overlay-opacity":"","overlay-gradient":""},"mobile":{"background-color":"","background-image":"","background-repeat":"repeat","background-position":"center center","background-size":"auto","background-attachment":"scroll","background-type":"","background-media":"","overlay-type":"","overlay-color":"","overlay-opacity":"","overlay-gradient":""}},"ast-content-background-meta":{"desktop":{"background-color":"var(--ast-global-color-5)","background-image":"","background-repeat":"repeat","background-position":"center center","background-size":"auto","background-attachment":"scroll","background-type":"","background-media":"","overlay-type":"","overlay-color":"","overlay-opacity":"","overlay-gradient":""},"tablet":{"background-color":"var(--ast-global-color-5)","background-image":"","background-repeat":"repeat","background-position":"center center","background-size":"auto","background-attachment":"scroll","background-type":"","background-media":"","overlay-type":"","overlay-color":"","overlay-opacity":"","overlay-gradient":""},"mobile":{"background-color":"var(--ast-global-color-5)","background-image":"","background-repeat":"repeat","background-position":"center center","background-size":"auto","background-attachment":"scroll","background-type":"","background-media":"","overlay-type":"","overlay-color":"","overlay-opacity":"","overlay-gradient":""}},"footnotes":""},"categories":[517],"tags":[218,3025,2229,90],"class_list":["post-17614","post","type-post","status-publish","format-standard","hentry","category-aconteceu","tag-briga","tag-briguem-satanazes","tag-noticas-do-face","tag-partido-dos-trabalhadores"],"_links":{"self":[{"href":"https:\/\/noticiasnoface.com.br\/index.php\/wp-json\/wp\/v2\/posts\/17614","targetHints":{"allow":["GET"]}}],"collection":[{"href":"https:\/\/noticiasnoface.com.br\/index.php\/wp-json\/wp\/v2\/posts"}],"about":[{"href":"https:\/\/noticiasnoface.com.br\/index.php\/wp-json\/wp\/v2\/types\/post"}],"author":[{"embeddable":true,"href":"https:\/\/noticiasnoface.com.br\/index.php\/wp-json\/wp\/v2\/users\/1"}],"replies":[{"embeddable":true,"href":"https:\/\/noticiasnoface.com.br\/index.php\/wp-json\/wp\/v2\/comments?post=17614"}],"version-history":[{"count":2,"href":"https:\/\/noticiasnoface.com.br\/index.php\/wp-json\/wp\/v2\/posts\/17614\/revisions"}],"predecessor-version":[{"id":17616,"href":"https:\/\/noticiasnoface.com.br\/index.php\/wp-json\/wp\/v2\/posts\/17614\/revisions\/17616"}],"wp:attachment":[{"href":"https:\/\/noticiasnoface.com.br\/index.php\/wp-json\/wp\/v2\/media?parent=17614"}],"wp:term":[{"taxonomy":"category","embeddable":true,"href":"https:\/\/noticiasnoface.com.br\/index.php\/wp-json\/wp\/v2\/categories?post=17614"},{"taxonomy":"post_tag","embeddable":true,"href":"https:\/\/noticiasnoface.com.br\/index.php\/wp-json\/wp\/v2\/tags?post=17614"}],"curies":[{"name":"wp","href":"https:\/\/api.w.org\/{rel}","templated":true}]}}