{"id":17626,"date":"2023-07-24T11:29:12","date_gmt":"2023-07-24T14:29:12","guid":{"rendered":"https:\/\/noticiasnoface.com.br\/?p=17626"},"modified":"2023-07-24T11:29:13","modified_gmt":"2023-07-24T14:29:13","slug":"pedidos-de-falencia-disparam-no-1-semestre-do-governo-lula","status":"publish","type":"post","link":"https:\/\/noticiasnoface.com.br\/index.php\/2023\/07\/24\/pedidos-de-falencia-disparam-no-1-semestre-do-governo-lula\/","title":{"rendered":"Pedidos de fal\u00eancia disparam no 1 semestre do governo lula"},"content":{"rendered":"\n<figure class=\"wp-block-image size-large\"><img data-opt-id=863051886  fetchpriority=\"high\" decoding=\"async\" width=\"1290\" height=\"946\" src=\"https:\/\/mlbfrsat7ahr.i.optimole.com\/w:auto\/h:auto\/q:mauto\/ig:avif\/https:\/\/noticiasnoface.com.br\/wp-content\/uploads\/2023\/04\/img_2454.jpg\" alt=\"\" class=\"wp-image-15798\" srcset=\"https:\/\/mlbfrsat7ahr.i.optimole.com\/w:1290\/h:946\/q:mauto\/ig:avif\/https:\/\/noticiasnoface.com.br\/wp-content\/uploads\/2023\/04\/img_2454.jpg 1290w, https:\/\/mlbfrsat7ahr.i.optimole.com\/w:300\/h:220\/q:mauto\/ig:avif\/https:\/\/noticiasnoface.com.br\/wp-content\/uploads\/2023\/04\/img_2454.jpg 300w, https:\/\/mlbfrsat7ahr.i.optimole.com\/w:1024\/h:751\/q:mauto\/ig:avif\/https:\/\/noticiasnoface.com.br\/wp-content\/uploads\/2023\/04\/img_2454.jpg 1024w, https:\/\/mlbfrsat7ahr.i.optimole.com\/w:768\/h:563\/q:mauto\/ig:avif\/https:\/\/noticiasnoface.com.br\/wp-content\/uploads\/2023\/04\/img_2454.jpg 768w\" sizes=\"(max-width: 1000px) 100vw, 1000px\" \/><figcaption class=\"wp-element-caption\">Pedidos de recupera\u00e7\u00e3o judicial e de fal\u00eancia disparam no 1\u00ba semestre<br>Recupera\u00e7\u00f5es judiciais das empresas subiram de 52,1% em rela\u00e7\u00e3o a 2022. Fal\u00eancia das empresas teve um aumento de 36,2%<br>Entre janeiro e junho de 2023, o Brasil registrou 593 pedidos de recupera\u00e7\u00f5es judiciais das empresas. O n\u00famero representa um crescimento de 52,1% em rela\u00e7\u00e3o ao mesmo per\u00edodo de 2022, quando os dados bateram 390 requerimentos.<br>Os dados foram divulgados na manh\u00e3 desta segunda-feira (24) pelo Indicador de Fal\u00eancias e Recupera\u00e7\u00f5es Judiciais elaborado pela Serasa Experian.<br>No primeiro semestre de 2023, foram registrados 546 pedidos de fal\u00eancia das empresas, um aumento de 36,2% na compara\u00e7\u00e3o com o mesmo per\u00edodo de 2022.<br>O economista da Serasa Experian Luiz Rabi avalia que \u201ceste foi o pior n\u00famero dos \u00faltimos tr\u00eas anos e \u00e9 fruto da alta da inadimpl\u00eancia das empresas que alcan\u00e7ou 6,48 milh\u00f5es companhias em maio\u201d.<\/figcaption><\/figure>\n","protected":false},"excerpt":{"rendered":"","protected":false},"author":1,"featured_media":0,"comment_status":"open","ping_status":"open","sticky":false,"template":"","format":"standard","meta":{"site-sidebar-layout":"default","site-content-layout":"","ast-site-content-layout":"default","site-content-style":"default","site-sidebar-style":"default","ast-global-header-display":"","ast-banner-title-visibility":"","ast-main-header-display":"","ast-hfb-above-header-display":"","ast-hfb-below-header-display":"","ast-hfb-mobile-header-display":"","site-post-title":"","ast-breadcrumbs-content":"","ast-featured-img":"","footer-sml-layout":"","ast-disable-related-posts":"","theme-transparent-header-meta":"","adv-header-id-meta":"","stick-header-meta":"","header-above-stick-meta":"","header-main-stick-meta":"","header-below-stick-meta":"","astra-migrate-meta-layouts":"default","ast-page-background-enabled":"default","ast-page-background-meta":{"desktop":{"background-color":"var(--ast-global-color-4)","background-image":"","background-repeat":"repeat","background-position":"center center","background-size":"auto","background-attachment":"scroll","background-type":"","background-media":"","overlay-type":"","overlay-color":"","overlay-opacity":"","overlay-gradient":""},"tablet":{"background-color":"","background-image":"","background-repeat":"repeat","background-position":"center center","background-size":"auto","background-attachment":"scroll","background-type":"","background-media":"","overlay-type":"","overlay-color":"","overlay-opacity":"","overlay-gradient":""},"mobile":{"background-color":"","background-image":"","background-repeat":"repeat","background-position":"center center","background-size":"auto","background-attachment":"scroll","background-type":"","background-media":"","overlay-type":"","overlay-color":"","overlay-opacity":"","overlay-gradient":""}},"ast-content-background-meta":{"desktop":{"background-color":"var(--ast-global-color-5)","background-image":"","background-repeat":"repeat","background-position":"center center","background-size":"auto","background-attachment":"scroll","background-type":"","background-media":"","overlay-type":"","overlay-color":"","overlay-opacity":"","overlay-gradient":""},"tablet":{"background-color":"var(--ast-global-color-5)","background-image":"","background-repeat":"repeat","background-position":"center center","background-size":"auto","background-attachment":"scroll","background-type":"","background-media":"","overlay-type":"","overlay-color":"","overlay-opacity":"","overlay-gradient":""},"mobile":{"background-color":"var(--ast-global-color-5)","background-image":"","background-repeat":"repeat","background-position":"center center","background-size":"auto","background-attachment":"scroll","background-type":"","background-media":"","overlay-type":"","overlay-color":"","overlay-opacity":"","overlay-gradient":""}},"footnotes":""},"categories":[165],"tags":[229,3176,215,2236,50,2058],"class_list":["post-17626","post","type-post","status-publish","format-standard","hentry","category-economia","tag-economia","tag-falencia","tag-lula","tag-noticas-no-face","tag-noticias-do-face","tag-presidente-lula"],"_links":{"self":[{"href":"https:\/\/noticiasnoface.com.br\/index.php\/wp-json\/wp\/v2\/posts\/17626","targetHints":{"allow":["GET"]}}],"collection":[{"href":"https:\/\/noticiasnoface.com.br\/index.php\/wp-json\/wp\/v2\/posts"}],"about":[{"href":"https:\/\/noticiasnoface.com.br\/index.php\/wp-json\/wp\/v2\/types\/post"}],"author":[{"embeddable":true,"href":"https:\/\/noticiasnoface.com.br\/index.php\/wp-json\/wp\/v2\/users\/1"}],"replies":[{"embeddable":true,"href":"https:\/\/noticiasnoface.com.br\/index.php\/wp-json\/wp\/v2\/comments?post=17626"}],"version-history":[{"count":1,"href":"https:\/\/noticiasnoface.com.br\/index.php\/wp-json\/wp\/v2\/posts\/17626\/revisions"}],"predecessor-version":[{"id":17627,"href":"https:\/\/noticiasnoface.com.br\/index.php\/wp-json\/wp\/v2\/posts\/17626\/revisions\/17627"}],"wp:attachment":[{"href":"https:\/\/noticiasnoface.com.br\/index.php\/wp-json\/wp\/v2\/media?parent=17626"}],"wp:term":[{"taxonomy":"category","embeddable":true,"href":"https:\/\/noticiasnoface.com.br\/index.php\/wp-json\/wp\/v2\/categories?post=17626"},{"taxonomy":"post_tag","embeddable":true,"href":"https:\/\/noticiasnoface.com.br\/index.php\/wp-json\/wp\/v2\/tags?post=17626"}],"curies":[{"name":"wp","href":"https:\/\/api.w.org\/{rel}","templated":true}]}}