{"id":17630,"date":"2023-07-24T18:04:59","date_gmt":"2023-07-24T21:04:59","guid":{"rendered":"https:\/\/noticiasnoface.com.br\/?p=17630"},"modified":"2023-07-24T18:05:00","modified_gmt":"2023-07-24T21:05:00","slug":"deputado-coronel-azevedo-diz-na-fiern-ser-contra-o-imposto-da-agua-bruta","status":"publish","type":"post","link":"https:\/\/noticiasnoface.com.br\/index.php\/2023\/07\/24\/deputado-coronel-azevedo-diz-na-fiern-ser-contra-o-imposto-da-agua-bruta\/","title":{"rendered":"<em>Deputado Coronel Azevedo diz na Fiern ser contra o imposto da \u00e1gua bruta<\/em>"},"content":{"rendered":"\n<figure class=\"wp-block-image size-large\"><img data-opt-id=1218411112  fetchpriority=\"high\" decoding=\"async\" width=\"1024\" height=\"681\" src=\"https:\/\/mlbfrsat7ahr.i.optimole.com\/w:1024\/h:681\/q:mauto\/ig:avif\/https:\/\/noticiasnoface.com.br\/wp-content\/uploads\/2023\/07\/photo-output-46.jpg\" class=\"wp-image-17629\" srcset=\"https:\/\/mlbfrsat7ahr.i.optimole.com\/w:1024\/h:681\/q:mauto\/ig:avif\/https:\/\/noticiasnoface.com.br\/wp-content\/uploads\/2023\/07\/photo-output-46.jpg 1024w, https:\/\/mlbfrsat7ahr.i.optimole.com\/w:300\/h:200\/q:mauto\/ig:avif\/https:\/\/noticiasnoface.com.br\/wp-content\/uploads\/2023\/07\/photo-output-46.jpg 300w, https:\/\/mlbfrsat7ahr.i.optimole.com\/w:768\/h:511\/q:mauto\/ig:avif\/https:\/\/noticiasnoface.com.br\/wp-content\/uploads\/2023\/07\/photo-output-46.jpg 768w, https:\/\/mlbfrsat7ahr.i.optimole.com\/w:1536\/h:1022\/q:mauto\/ig:avif\/https:\/\/noticiasnoface.com.br\/wp-content\/uploads\/2023\/07\/photo-output-46.jpg 1536w, https:\/\/mlbfrsat7ahr.i.optimole.com\/w:1623\/h:1080\/q:mauto\/ig:avif\/https:\/\/noticiasnoface.com.br\/wp-content\/uploads\/2023\/07\/photo-output-46.jpg 2048w\" sizes=\"(max-width: 1000px) 100vw, 1000px\" \/><figcaption class=\"wp-element-caption\"><em>Deputado Coronel Azevedo diz na Fiern ser contra o imposto da \u00e1gua bruta<\/em><br>O Governo F\u00e1tima est\u00e1 em vias de come\u00e7ar a cobrar um novo imposto no Rio Grande do Norte, o imposto da \u00e1gua bruta, que vai gerar uma despesa a mais para a popula\u00e7\u00e3o. Pega todo mundo. Do pobre ao rico.<br>O deputado estadual coronel Azevedo \u00e9 contra a implementa\u00e7\u00e3o dessa nova taxa pelos motivos \u00f3bvios que s\u00f3 a elite pol\u00edtica do governo n\u00e3o consegue enxergar: o povo do Rio Grande do Norte n\u00e3o tem mais dinheiro para pagar impostos. \u201cA popula\u00e7\u00e3o est\u00e1 sofrendo sem dinheiro\u201d, diz o deputado.<br>Na sexta-feira (21), Azevedo participou de reuni\u00e3o com ceramistas de todo o estado, conjuntamente com a Federa\u00e7\u00e3o das Ind\u00fastrias do Rio Grande do Norte &#8211; FIERN, e disse aos ceramistas que \u00e9 contra o imposto e o que puder fazer para evitar essa cobran\u00e7a ele far\u00e1.<\/figcaption><\/figure>\n","protected":false},"excerpt":{"rendered":"","protected":false},"author":1,"featured_media":0,"comment_status":"open","ping_status":"open","sticky":false,"template":"","format":"standard","meta":{"site-sidebar-layout":"default","site-content-layout":"","ast-site-content-layout":"default","site-content-style":"default","site-sidebar-style":"default","ast-global-header-display":"","ast-banner-title-visibility":"","ast-main-header-display":"","ast-hfb-above-header-display":"","ast-hfb-below-header-display":"","ast-hfb-mobile-header-display":"","site-post-title":"","ast-breadcrumbs-content":"","ast-featured-img":"","footer-sml-layout":"","ast-disable-related-posts":"","theme-transparent-header-meta":"","adv-header-id-meta":"","stick-header-meta":"","header-above-stick-meta":"","header-main-stick-meta":"","header-below-stick-meta":"","astra-migrate-meta-layouts":"default","ast-page-background-enabled":"default","ast-page-background-meta":{"desktop":{"background-color":"var(--ast-global-color-4)","background-image":"","background-repeat":"repeat","background-position":"center center","background-size":"auto","background-attachment":"scroll","background-type":"","background-media":"","overlay-type":"","overlay-color":"","overlay-opacity":"","overlay-gradient":""},"tablet":{"background-color":"","background-image":"","background-repeat":"repeat","background-position":"center center","background-size":"auto","background-attachment":"scroll","background-type":"","background-media":"","overlay-type":"","overlay-color":"","overlay-opacity":"","overlay-gradient":""},"mobile":{"background-color":"","background-image":"","background-repeat":"repeat","background-position":"center center","background-size":"auto","background-attachment":"scroll","background-type":"","background-media":"","overlay-type":"","overlay-color":"","overlay-opacity":"","overlay-gradient":""}},"ast-content-background-meta":{"desktop":{"background-color":"var(--ast-global-color-5)","background-image":"","background-repeat":"repeat","background-position":"center center","background-size":"auto","background-attachment":"scroll","background-type":"","background-media":"","overlay-type":"","overlay-color":"","overlay-opacity":"","overlay-gradient":""},"tablet":{"background-color":"var(--ast-global-color-5)","background-image":"","background-repeat":"repeat","background-position":"center center","background-size":"auto","background-attachment":"scroll","background-type":"","background-media":"","overlay-type":"","overlay-color":"","overlay-opacity":"","overlay-gradient":""},"mobile":{"background-color":"var(--ast-global-color-5)","background-image":"","background-repeat":"repeat","background-position":"center center","background-size":"auto","background-attachment":"scroll","background-type":"","background-media":"","overlay-type":"","overlay-color":"","overlay-opacity":"","overlay-gradient":""}},"footnotes":""},"categories":[517],"tags":[],"class_list":["post-17630","post","type-post","status-publish","format-standard","hentry","category-aconteceu"],"_links":{"self":[{"href":"https:\/\/noticiasnoface.com.br\/index.php\/wp-json\/wp\/v2\/posts\/17630","targetHints":{"allow":["GET"]}}],"collection":[{"href":"https:\/\/noticiasnoface.com.br\/index.php\/wp-json\/wp\/v2\/posts"}],"about":[{"href":"https:\/\/noticiasnoface.com.br\/index.php\/wp-json\/wp\/v2\/types\/post"}],"author":[{"embeddable":true,"href":"https:\/\/noticiasnoface.com.br\/index.php\/wp-json\/wp\/v2\/users\/1"}],"replies":[{"embeddable":true,"href":"https:\/\/noticiasnoface.com.br\/index.php\/wp-json\/wp\/v2\/comments?post=17630"}],"version-history":[{"count":1,"href":"https:\/\/noticiasnoface.com.br\/index.php\/wp-json\/wp\/v2\/posts\/17630\/revisions"}],"predecessor-version":[{"id":17631,"href":"https:\/\/noticiasnoface.com.br\/index.php\/wp-json\/wp\/v2\/posts\/17630\/revisions\/17631"}],"wp:attachment":[{"href":"https:\/\/noticiasnoface.com.br\/index.php\/wp-json\/wp\/v2\/media?parent=17630"}],"wp:term":[{"taxonomy":"category","embeddable":true,"href":"https:\/\/noticiasnoface.com.br\/index.php\/wp-json\/wp\/v2\/categories?post=17630"},{"taxonomy":"post_tag","embeddable":true,"href":"https:\/\/noticiasnoface.com.br\/index.php\/wp-json\/wp\/v2\/tags?post=17630"}],"curies":[{"name":"wp","href":"https:\/\/api.w.org\/{rel}","templated":true}]}}