{"id":17639,"date":"2023-07-25T13:20:33","date_gmt":"2023-07-25T16:20:33","guid":{"rendered":"https:\/\/noticiasnoface.com.br\/?p=17639"},"modified":"2023-07-25T13:32:38","modified_gmt":"2023-07-25T16:32:38","slug":"carlos-eduardo-alves-desesperado-ataca-prefeito-alvaro-dias-no-twwiter","status":"publish","type":"post","link":"https:\/\/noticiasnoface.com.br\/index.php\/2023\/07\/25\/carlos-eduardo-alves-desesperado-ataca-prefeito-alvaro-dias-no-twwiter\/","title":{"rendered":"Carlos Eduardo Alves desesperado  ataca Prefeito \u00c1lvaro Dias no Twitter"},"content":{"rendered":"\n<figure class=\"wp-block-image size-large\"><img data-opt-id=30296151  fetchpriority=\"high\" decoding=\"async\" width=\"1024\" height=\"867\" src=\"https:\/\/mlbfrsat7ahr.i.optimole.com\/w:1024\/h:867\/q:mauto\/ig:avif\/https:\/\/noticiasnoface.com.br\/wp-content\/uploads\/2023\/02\/img_1830.jpg\" alt=\"\" class=\"wp-image-14796\" srcset=\"https:\/\/mlbfrsat7ahr.i.optimole.com\/w:1024\/h:867\/q:mauto\/ig:avif\/https:\/\/noticiasnoface.com.br\/wp-content\/uploads\/2023\/02\/img_1830.jpg 1024w, https:\/\/mlbfrsat7ahr.i.optimole.com\/w:300\/h:254\/q:mauto\/ig:avif\/https:\/\/noticiasnoface.com.br\/wp-content\/uploads\/2023\/02\/img_1830.jpg 300w, https:\/\/mlbfrsat7ahr.i.optimole.com\/w:768\/h:650\/q:mauto\/ig:avif\/https:\/\/noticiasnoface.com.br\/wp-content\/uploads\/2023\/02\/img_1830.jpg 768w, https:\/\/mlbfrsat7ahr.i.optimole.com\/w:1242\/h:1051\/q:mauto\/ig:avif\/https:\/\/noticiasnoface.com.br\/wp-content\/uploads\/2023\/02\/img_1830.jpg 1242w\" sizes=\"(max-width: 1000px) 100vw, 1000px\" \/><\/figure>\n\n\n\n<p class=\"has-black-color has-text-color\">EX-prefeito, ex-canditado a senador e ex-canditado ao governo Carlos Eduardo Alves, partiu para o ataque contra o atual Prefeito \u00c1lvaro Dias . Tudo come\u00e7ou quando o prefeito anunciou novos projetos para Natal no novo plano diretor, Carlos Eduardo desesperado atacou o prefeito insinuando que n\u00e3o vai ter projeto na zona Norte devido a falta de investimento em saneamento b\u00e1sico. a pergunta \u00e9 simples, Carlos Eduardo foi prefeito de NATAL quatro vezes, pq ele n\u00e3o fez o saneamento da zona norte? Carlos Eduardo SABE que est\u00e1 sozinho e so resta atacar os advers\u00e1rios em busca de aten\u00e7\u00e3o<\/p>\n","protected":false},"excerpt":{"rendered":"<p>EX-prefeito, ex-canditado a senador e ex-canditado ao governo Carlos Eduardo Alves, partiu para o ataque contra o atual Prefeito \u00c1lvaro [&hellip;]<\/p>\n","protected":false},"author":1,"featured_media":0,"comment_status":"open","ping_status":"open","sticky":false,"template":"","format":"standard","meta":{"site-sidebar-layout":"default","site-content-layout":"","ast-site-content-layout":"default","site-content-style":"default","site-sidebar-style":"default","ast-global-header-display":"","ast-banner-title-visibility":"","ast-main-header-display":"","ast-hfb-above-header-display":"","ast-hfb-below-header-display":"","ast-hfb-mobile-header-display":"","site-post-title":"","ast-breadcrumbs-content":"","ast-featured-img":"","footer-sml-layout":"","ast-disable-related-posts":"","theme-transparent-header-meta":"","adv-header-id-meta":"","stick-header-meta":"","header-above-stick-meta":"","header-main-stick-meta":"","header-below-stick-meta":"","astra-migrate-meta-layouts":"default","ast-page-background-enabled":"default","ast-page-background-meta":{"desktop":{"background-color":"var(--ast-global-color-4)","background-image":"","background-repeat":"repeat","background-position":"center center","background-size":"auto","background-attachment":"scroll","background-type":"","background-media":"","overlay-type":"","overlay-color":"","overlay-opacity":"","overlay-gradient":""},"tablet":{"background-color":"","background-image":"","background-repeat":"repeat","background-position":"center center","background-size":"auto","background-attachment":"scroll","background-type":"","background-media":"","overlay-type":"","overlay-color":"","overlay-opacity":"","overlay-gradient":""},"mobile":{"background-color":"","background-image":"","background-repeat":"repeat","background-position":"center center","background-size":"auto","background-attachment":"scroll","background-type":"","background-media":"","overlay-type":"","overlay-color":"","overlay-opacity":"","overlay-gradient":""}},"ast-content-background-meta":{"desktop":{"background-color":"var(--ast-global-color-5)","background-image":"","background-repeat":"repeat","background-position":"center center","background-size":"auto","background-attachment":"scroll","background-type":"","background-media":"","overlay-type":"","overlay-color":"","overlay-opacity":"","overlay-gradient":""},"tablet":{"background-color":"var(--ast-global-color-5)","background-image":"","background-repeat":"repeat","background-position":"center center","background-size":"auto","background-attachment":"scroll","background-type":"","background-media":"","overlay-type":"","overlay-color":"","overlay-opacity":"","overlay-gradient":""},"mobile":{"background-color":"var(--ast-global-color-5)","background-image":"","background-repeat":"repeat","background-position":"center center","background-size":"auto","background-attachment":"scroll","background-type":"","background-media":"","overlay-type":"","overlay-color":"","overlay-opacity":"","overlay-gradient":""}},"footnotes":""},"categories":[517],"tags":[565,777,50,22,199],"class_list":["post-17639","post","type-post","status-publish","format-standard","hentry","category-aconteceu","tag-alvaro-dias","tag-carlos-eduardo","tag-noticias-do-face","tag-noticias-no-face","tag-noticiasnoface"],"_links":{"self":[{"href":"https:\/\/noticiasnoface.com.br\/index.php\/wp-json\/wp\/v2\/posts\/17639","targetHints":{"allow":["GET"]}}],"collection":[{"href":"https:\/\/noticiasnoface.com.br\/index.php\/wp-json\/wp\/v2\/posts"}],"about":[{"href":"https:\/\/noticiasnoface.com.br\/index.php\/wp-json\/wp\/v2\/types\/post"}],"author":[{"embeddable":true,"href":"https:\/\/noticiasnoface.com.br\/index.php\/wp-json\/wp\/v2\/users\/1"}],"replies":[{"embeddable":true,"href":"https:\/\/noticiasnoface.com.br\/index.php\/wp-json\/wp\/v2\/comments?post=17639"}],"version-history":[{"count":2,"href":"https:\/\/noticiasnoface.com.br\/index.php\/wp-json\/wp\/v2\/posts\/17639\/revisions"}],"predecessor-version":[{"id":17644,"href":"https:\/\/noticiasnoface.com.br\/index.php\/wp-json\/wp\/v2\/posts\/17639\/revisions\/17644"}],"wp:attachment":[{"href":"https:\/\/noticiasnoface.com.br\/index.php\/wp-json\/wp\/v2\/media?parent=17639"}],"wp:term":[{"taxonomy":"category","embeddable":true,"href":"https:\/\/noticiasnoface.com.br\/index.php\/wp-json\/wp\/v2\/categories?post=17639"},{"taxonomy":"post_tag","embeddable":true,"href":"https:\/\/noticiasnoface.com.br\/index.php\/wp-json\/wp\/v2\/tags?post=17639"}],"curies":[{"name":"wp","href":"https:\/\/api.w.org\/{rel}","templated":true}]}}