{"id":17642,"date":"2023-07-25T13:30:23","date_gmt":"2023-07-25T16:30:23","guid":{"rendered":"https:\/\/noticiasnoface.com.br\/?p=17642"},"modified":"2023-07-25T13:30:24","modified_gmt":"2023-07-25T16:30:24","slug":"wolney-e-irani-juntos-nas-eleicoes-em-2024","status":"publish","type":"post","link":"https:\/\/noticiasnoface.com.br\/index.php\/2023\/07\/25\/wolney-e-irani-juntos-nas-eleicoes-em-2024\/","title":{"rendered":"Wolney e Irani juntos nas elei\u00e7\u00f5es em 2024"},"content":{"rendered":"\n<figure class=\"wp-block-image size-large\"><img data-opt-id=546208052  fetchpriority=\"high\" decoding=\"async\" width=\"1024\" height=\"769\" src=\"https:\/\/mlbfrsat7ahr.i.optimole.com\/w:1024\/h:769\/q:mauto\/ig:avif\/https:\/\/noticiasnoface.com.br\/wp-content\/uploads\/2023\/07\/photo-output-48.jpg\" class=\"wp-image-17641\" srcset=\"https:\/\/mlbfrsat7ahr.i.optimole.com\/w:1024\/h:769\/q:mauto\/ig:avif\/https:\/\/noticiasnoface.com.br\/wp-content\/uploads\/2023\/07\/photo-output-48.jpg 1024w, https:\/\/mlbfrsat7ahr.i.optimole.com\/w:300\/h:225\/q:mauto\/ig:avif\/https:\/\/noticiasnoface.com.br\/wp-content\/uploads\/2023\/07\/photo-output-48.jpg 300w, https:\/\/mlbfrsat7ahr.i.optimole.com\/w:768\/h:577\/q:mauto\/ig:avif\/https:\/\/noticiasnoface.com.br\/wp-content\/uploads\/2023\/07\/photo-output-48.jpg 768w, https:\/\/mlbfrsat7ahr.i.optimole.com\/w:1437\/h:1080\/q:mauto\/ig:avif\/https:\/\/noticiasnoface.com.br\/wp-content\/uploads\/2023\/07\/photo-output-48.jpg 1536w, https:\/\/mlbfrsat7ahr.i.optimole.com\/w:1438\/h:1080\/q:mauto\/ig:avif\/https:\/\/noticiasnoface.com.br\/wp-content\/uploads\/2023\/07\/photo-output-48.jpg 2048w\" sizes=\"(max-width: 1000px) 100vw, 1000px\" \/><figcaption class=\"wp-element-caption\">Vereadores da cidade de Panamirim se reuniram no in\u00edcio da tarde (18) para analisar o plano pol\u00edtico eleitoral para 2024. Na reuni\u00e3o, os vereadores concordaram que a lista majorit\u00e1ria para a pr\u00f3xima elei\u00e7\u00e3o dever\u00e1 incluir representantes da C\u00e2mara Municipal de Panamirim, seja o atual presidente Wolney Fran\u00e7a ou o ex-presidente Irani Guedes.<br>Os legisladores argumentaram que os dois legisladores possu\u00edam os adjetivos necess\u00e1rios para dividir posi\u00e7\u00f5es e moldar diferentes correntes pol\u00edticas.<br>A reuni\u00e3o contou com a presen\u00e7a do Prefeito Wolney Fran\u00e7a e dos vereadores Binho de Ambr\u00f3sio, Dr C\u00e9sar Maia, Gustavo Neg\u00f3cios, Marquinhos da Climep, Irani Guedes, Prof \u00cdtalo Siqueira. Embora o deputado Thiago Fernandez n\u00e3o estivesse presente, ele tamb\u00e9m pertence ao grupo que forma a base governista.<br>O parlamentar iraniano Gedes disse que nosso grupo est\u00e1 trabalhando em conjunto para defender a representa\u00e7\u00e3o leg\u00edtima do que est\u00e1 acontecendo em Panamirin. Wolney tem crescido muito nas pesquisas e deve ser o candidato de Taveira.<\/figcaption><\/figure>\n","protected":false},"excerpt":{"rendered":"","protected":false},"author":1,"featured_media":0,"comment_status":"open","ping_status":"open","sticky":false,"template":"","format":"standard","meta":{"site-sidebar-layout":"default","site-content-layout":"","ast-site-content-layout":"default","site-content-style":"default","site-sidebar-style":"default","ast-global-header-display":"","ast-banner-title-visibility":"","ast-main-header-display":"","ast-hfb-above-header-display":"","ast-hfb-below-header-display":"","ast-hfb-mobile-header-display":"","site-post-title":"","ast-breadcrumbs-content":"","ast-featured-img":"","footer-sml-layout":"","ast-disable-related-posts":"","theme-transparent-header-meta":"","adv-header-id-meta":"","stick-header-meta":"","header-above-stick-meta":"","header-main-stick-meta":"","header-below-stick-meta":"","astra-migrate-meta-layouts":"default","ast-page-background-enabled":"default","ast-page-background-meta":{"desktop":{"background-color":"var(--ast-global-color-4)","background-image":"","background-repeat":"repeat","background-position":"center center","background-size":"auto","background-attachment":"scroll","background-type":"","background-media":"","overlay-type":"","overlay-color":"","overlay-opacity":"","overlay-gradient":""},"tablet":{"background-color":"","background-image":"","background-repeat":"repeat","background-position":"center center","background-size":"auto","background-attachment":"scroll","background-type":"","background-media":"","overlay-type":"","overlay-color":"","overlay-opacity":"","overlay-gradient":""},"mobile":{"background-color":"","background-image":"","background-repeat":"repeat","background-position":"center center","background-size":"auto","background-attachment":"scroll","background-type":"","background-media":"","overlay-type":"","overlay-color":"","overlay-opacity":"","overlay-gradient":""}},"ast-content-background-meta":{"desktop":{"background-color":"var(--ast-global-color-5)","background-image":"","background-repeat":"repeat","background-position":"center center","background-size":"auto","background-attachment":"scroll","background-type":"","background-media":"","overlay-type":"","overlay-color":"","overlay-opacity":"","overlay-gradient":""},"tablet":{"background-color":"var(--ast-global-color-5)","background-image":"","background-repeat":"repeat","background-position":"center center","background-size":"auto","background-attachment":"scroll","background-type":"","background-media":"","overlay-type":"","overlay-color":"","overlay-opacity":"","overlay-gradient":""},"mobile":{"background-color":"var(--ast-global-color-5)","background-image":"","background-repeat":"repeat","background-position":"center center","background-size":"auto","background-attachment":"scroll","background-type":"","background-media":"","overlay-type":"","overlay-color":"","overlay-opacity":"","overlay-gradient":""}},"footnotes":""},"categories":[517],"tags":[2883,2236,50,1644,1710,2810],"class_list":["post-17642","post","type-post","status-publish","format-standard","hentry","category-aconteceu","tag-eleicoes-2024","tag-noticas-no-face","tag-noticias-do-face","tag-parnamirim","tag-taveira","tag-wolney-franca"],"_links":{"self":[{"href":"https:\/\/noticiasnoface.com.br\/index.php\/wp-json\/wp\/v2\/posts\/17642","targetHints":{"allow":["GET"]}}],"collection":[{"href":"https:\/\/noticiasnoface.com.br\/index.php\/wp-json\/wp\/v2\/posts"}],"about":[{"href":"https:\/\/noticiasnoface.com.br\/index.php\/wp-json\/wp\/v2\/types\/post"}],"author":[{"embeddable":true,"href":"https:\/\/noticiasnoface.com.br\/index.php\/wp-json\/wp\/v2\/users\/1"}],"replies":[{"embeddable":true,"href":"https:\/\/noticiasnoface.com.br\/index.php\/wp-json\/wp\/v2\/comments?post=17642"}],"version-history":[{"count":1,"href":"https:\/\/noticiasnoface.com.br\/index.php\/wp-json\/wp\/v2\/posts\/17642\/revisions"}],"predecessor-version":[{"id":17643,"href":"https:\/\/noticiasnoface.com.br\/index.php\/wp-json\/wp\/v2\/posts\/17642\/revisions\/17643"}],"wp:attachment":[{"href":"https:\/\/noticiasnoface.com.br\/index.php\/wp-json\/wp\/v2\/media?parent=17642"}],"wp:term":[{"taxonomy":"category","embeddable":true,"href":"https:\/\/noticiasnoface.com.br\/index.php\/wp-json\/wp\/v2\/categories?post=17642"},{"taxonomy":"post_tag","embeddable":true,"href":"https:\/\/noticiasnoface.com.br\/index.php\/wp-json\/wp\/v2\/tags?post=17642"}],"curies":[{"name":"wp","href":"https:\/\/api.w.org\/{rel}","templated":true}]}}