{"id":17661,"date":"2023-07-26T12:57:04","date_gmt":"2023-07-26T15:57:04","guid":{"rendered":"https:\/\/noticiasnoface.com.br\/?p=17661"},"modified":"2023-07-26T12:59:16","modified_gmt":"2023-07-26T15:59:16","slug":"wolney-cresce-70-nas-pesquisas-para-prefeito-de-parnamirim","status":"publish","type":"post","link":"https:\/\/noticiasnoface.com.br\/index.php\/2023\/07\/26\/wolney-cresce-70-nas-pesquisas-para-prefeito-de-parnamirim\/","title":{"rendered":"Wolney cresce 70% nas pesquisas para prefeito de Parnamirim"},"content":{"rendered":"\n<figure class=\"wp-block-image size-large\"><img data-opt-id=291875386  fetchpriority=\"high\" decoding=\"async\" width=\"841\" height=\"1024\" src=\"https:\/\/mlbfrsat7ahr.i.optimole.com\/w:841\/h:1024\/q:mauto\/ig:avif\/https:\/\/noticiasnoface.com.br\/wp-content\/uploads\/2023\/07\/img_8283.jpg\" alt=\"\" class=\"wp-image-17663\" srcset=\"https:\/\/mlbfrsat7ahr.i.optimole.com\/w:841\/h:1024\/q:mauto\/ig:avif\/https:\/\/noticiasnoface.com.br\/wp-content\/uploads\/2023\/07\/img_8283.jpg 841w, https:\/\/mlbfrsat7ahr.i.optimole.com\/w:246\/h:300\/q:mauto\/ig:avif\/https:\/\/noticiasnoface.com.br\/wp-content\/uploads\/2023\/07\/img_8283.jpg 246w, https:\/\/mlbfrsat7ahr.i.optimole.com\/w:768\/h:935\/q:mauto\/ig:avif\/https:\/\/noticiasnoface.com.br\/wp-content\/uploads\/2023\/07\/img_8283.jpg 768w, https:\/\/mlbfrsat7ahr.i.optimole.com\/w:887\/h:1080\/q:mauto\/ig:avif\/https:\/\/noticiasnoface.com.br\/wp-content\/uploads\/2023\/07\/img_8283.jpg 1262w, https:\/\/mlbfrsat7ahr.i.optimole.com\/w:887\/h:1080\/q:mauto\/ig:avif\/https:\/\/noticiasnoface.com.br\/wp-content\/uploads\/2023\/07\/img_8283.jpg 1290w\" sizes=\"(max-width: 841px) 100vw, 841px\" \/><figcaption class=\"wp-element-caption\"><em>Wolney Fran\u00e7a continua crescendo nas pesquisas para prefeito de Parnamirim<\/em><br \/>Em pesquisa para prefeito de Parnamirim do instituto Br\u00e2mane, o presidente da C\u00e2mara Municipal, Wolney Fran\u00e7a confirmou o seu crescimento. Veiculado nesta ter\u00e7a-feira (26), o cen\u00e1rio estimulado trouxe a lideran\u00e7a da professora Nilda (28,2%), seguida de K\u00e1tia Pires (15,2%), Salatiel (10,3%), Wolney (7,3%), Irani Guedes (5,2%). Dentro da margem de erro, Wolney est\u00e1 tecnicamente empatado com Salatiel e pr\u00f3ximo de K\u00e1tia.<br \/>O levantamento ouviu 800 pessoas, entre os dias 20 a 22 de julho de v\u00e1rias regi\u00f5es do munic\u00edpio, com margem de confian\u00e7a de 95% e margem de erro de 3,5%.<br \/>Chama aten\u00e7\u00e3o esse crescimento de Wolney, que no in\u00edcio do m\u00eas surgiu com 5,03% na Exatus, mesmo instituto que no dia 13 de julho apontou o crescimento de 70% de Wolney em comparar com sua \u00faltima amostra em junho.<\/figcaption><\/figure>\n","protected":false},"excerpt":{"rendered":"","protected":false},"author":1,"featured_media":0,"comment_status":"open","ping_status":"open","sticky":false,"template":"","format":"standard","meta":{"site-sidebar-layout":"default","site-content-layout":"","ast-site-content-layout":"default","site-content-style":"default","site-sidebar-style":"default","ast-global-header-display":"","ast-banner-title-visibility":"","ast-main-header-display":"","ast-hfb-above-header-display":"","ast-hfb-below-header-display":"","ast-hfb-mobile-header-display":"","site-post-title":"","ast-breadcrumbs-content":"","ast-featured-img":"","footer-sml-layout":"","ast-disable-related-posts":"","theme-transparent-header-meta":"","adv-header-id-meta":"","stick-header-meta":"","header-above-stick-meta":"","header-main-stick-meta":"","header-below-stick-meta":"","astra-migrate-meta-layouts":"default","ast-page-background-enabled":"default","ast-page-background-meta":{"desktop":{"background-color":"var(--ast-global-color-4)","background-image":"","background-repeat":"repeat","background-position":"center center","background-size":"auto","background-attachment":"scroll","background-type":"","background-media":"","overlay-type":"","overlay-color":"","overlay-opacity":"","overlay-gradient":""},"tablet":{"background-color":"","background-image":"","background-repeat":"repeat","background-position":"center center","background-size":"auto","background-attachment":"scroll","background-type":"","background-media":"","overlay-type":"","overlay-color":"","overlay-opacity":"","overlay-gradient":""},"mobile":{"background-color":"","background-image":"","background-repeat":"repeat","background-position":"center center","background-size":"auto","background-attachment":"scroll","background-type":"","background-media":"","overlay-type":"","overlay-color":"","overlay-opacity":"","overlay-gradient":""}},"ast-content-background-meta":{"desktop":{"background-color":"var(--ast-global-color-5)","background-image":"","background-repeat":"repeat","background-position":"center center","background-size":"auto","background-attachment":"scroll","background-type":"","background-media":"","overlay-type":"","overlay-color":"","overlay-opacity":"","overlay-gradient":""},"tablet":{"background-color":"var(--ast-global-color-5)","background-image":"","background-repeat":"repeat","background-position":"center center","background-size":"auto","background-attachment":"scroll","background-type":"","background-media":"","overlay-type":"","overlay-color":"","overlay-opacity":"","overlay-gradient":""},"mobile":{"background-color":"var(--ast-global-color-5)","background-image":"","background-repeat":"repeat","background-position":"center center","background-size":"auto","background-attachment":"scroll","background-type":"","background-media":"","overlay-type":"","overlay-color":"","overlay-opacity":"","overlay-gradient":""}},"footnotes":""},"categories":[517],"tags":[50,22,528,2810],"class_list":["post-17661","post","type-post","status-publish","format-standard","hentry","category-aconteceu","tag-noticias-do-face","tag-noticias-no-face","tag-pesquisa","tag-wolney-franca"],"_links":{"self":[{"href":"https:\/\/noticiasnoface.com.br\/index.php\/wp-json\/wp\/v2\/posts\/17661","targetHints":{"allow":["GET"]}}],"collection":[{"href":"https:\/\/noticiasnoface.com.br\/index.php\/wp-json\/wp\/v2\/posts"}],"about":[{"href":"https:\/\/noticiasnoface.com.br\/index.php\/wp-json\/wp\/v2\/types\/post"}],"author":[{"embeddable":true,"href":"https:\/\/noticiasnoface.com.br\/index.php\/wp-json\/wp\/v2\/users\/1"}],"replies":[{"embeddable":true,"href":"https:\/\/noticiasnoface.com.br\/index.php\/wp-json\/wp\/v2\/comments?post=17661"}],"version-history":[{"count":3,"href":"https:\/\/noticiasnoface.com.br\/index.php\/wp-json\/wp\/v2\/posts\/17661\/revisions"}],"predecessor-version":[{"id":17665,"href":"https:\/\/noticiasnoface.com.br\/index.php\/wp-json\/wp\/v2\/posts\/17661\/revisions\/17665"}],"wp:attachment":[{"href":"https:\/\/noticiasnoface.com.br\/index.php\/wp-json\/wp\/v2\/media?parent=17661"}],"wp:term":[{"taxonomy":"category","embeddable":true,"href":"https:\/\/noticiasnoface.com.br\/index.php\/wp-json\/wp\/v2\/categories?post=17661"},{"taxonomy":"post_tag","embeddable":true,"href":"https:\/\/noticiasnoface.com.br\/index.php\/wp-json\/wp\/v2\/tags?post=17661"}],"curies":[{"name":"wp","href":"https:\/\/api.w.org\/{rel}","templated":true}]}}