{"id":17685,"date":"2023-07-27T22:08:54","date_gmt":"2023-07-28T01:08:54","guid":{"rendered":"https:\/\/noticiasnoface.com.br\/?p=17685"},"modified":"2023-07-27T22:08:55","modified_gmt":"2023-07-28T01:08:55","slug":"governo-lula-fecha-primeiro-semestre-com-rombo-de-r42-bilhoes-nas-contas","status":"publish","type":"post","link":"https:\/\/noticiasnoface.com.br\/index.php\/2023\/07\/27\/governo-lula-fecha-primeiro-semestre-com-rombo-de-r42-bilhoes-nas-contas\/","title":{"rendered":"Governo lula fecha primeiro semestre com rombo de R$42 bilh\u00f5es nas contas"},"content":{"rendered":"\n<figure class=\"wp-block-image size-large\"><img data-opt-id=1851865036  fetchpriority=\"high\" decoding=\"async\" width=\"754\" height=\"1024\" src=\"https:\/\/mlbfrsat7ahr.i.optimole.com\/w:754\/h:1024\/q:mauto\/ig:avif\/https:\/\/noticiasnoface.com.br\/wp-content\/uploads\/2023\/07\/photo-output-57.jpg\" class=\"wp-image-17684\" srcset=\"https:\/\/mlbfrsat7ahr.i.optimole.com\/w:754\/h:1024\/q:mauto\/ig:avif\/https:\/\/noticiasnoface.com.br\/wp-content\/uploads\/2023\/07\/photo-output-57.jpg 754w, https:\/\/mlbfrsat7ahr.i.optimole.com\/w:221\/h:300\/q:mauto\/ig:avif\/https:\/\/noticiasnoface.com.br\/wp-content\/uploads\/2023\/07\/photo-output-57.jpg 221w, https:\/\/mlbfrsat7ahr.i.optimole.com\/w:768\/h:1043\/q:mauto\/ig:avif\/https:\/\/noticiasnoface.com.br\/wp-content\/uploads\/2023\/07\/photo-output-57.jpg 768w, https:\/\/mlbfrsat7ahr.i.optimole.com\/w:795\/h:1080\/q:mauto\/ig:avif\/https:\/\/noticiasnoface.com.br\/wp-content\/uploads\/2023\/07\/photo-output-57.jpg 1131w, https:\/\/mlbfrsat7ahr.i.optimole.com\/w:795\/h:1080\/q:mauto\/ig:avif\/https:\/\/noticiasnoface.com.br\/wp-content\/uploads\/2023\/07\/photo-output-57.jpg 1508w\" sizes=\"(max-width: 754px) 100vw, 754px\" \/><figcaption class=\"wp-element-caption\">Governo fecha o 1\u00ba semestre com rombo de R$ 42,5 bi nas contas<br>Minist\u00e9rio da Fazenda quer encerrar o ano com um d\u00e9ficit pr\u00f3ximo a R$ 100 bi<br><img data-opt-id=1499124706  fetchpriority=\"high\" decoding=\"async\" src=\"https:\/\/s2.glbimg.com\/9xuSTOiRral04YsExET39Rx1RNQ=\/0x0:1500x1000\/924x0\/smart\/filters:strip_icc()\/i.s3.glbimg.com\/v1\/AUTH_da025474c0c44edd99332dddb09cabe8\/internal_photos\/bs\/2023\/L\/M\/FRXI5xQfCq4qA494MFAA\/53072330257-17c70c43d4-o.jpg\" alt=\"O ministro da Fazenda, Fernando Haddad\" srcset=\"\" class=\"extendsBeyondTextColumn\"><br>No mesmo per\u00edodo do ano passado, o governo registrou um super\u00e1vit (ou seja, receitas maiores que despesas) de R$ 54,2 bilh\u00f5es. O governo quer fechar este ano com um rombo abaixo de R$ 100 bilh\u00f5es. <br>\u2014 No mesmo per\u00edodo do ano passado houve ingresso de valores da privatiza\u00e7\u00e3o da Eletrobras e de dividendos do BNDES, que criaram uma distor\u00e7\u00e3o. No acumulado do ano temos, do ponto de vista da receita total, uma queda real. Al\u00e9m disso, um crescimento de 5% \u2014 disse o secret\u00e1rio do Tesouro, Rog\u00e9rio Ceron. <br>O resultado deste ano, at\u00e9 agora, \u00e9 decorrente de uma queda da receita do governo federal, ao mesmo tempo em que as despesas subiram. <br>A receita total caiu R$ 62,5 bilh\u00f5es, j\u00e1 descontada a infla\u00e7\u00e3o, com queda na arrecada\u00e7\u00e3o com concess\u00f5es, dividendos de estatais e dos impostos IPI e CSLL. O IPI \u00e9 o Imposto sobre Produtos Industrializados e teve al\u00edquotas reduzidas durante o governo Jair Bolsonaro. J\u00e1 a CSLL \u00e9 o imposto cobrado sobre os lucros das empresas. <br>Para Ceron, por\u00e9m, n\u00e3o h\u00e1 queda estrutural da arrecada\u00e7\u00e3o. Segundo ele, medidas j\u00e1 tomadas, como reonera\u00e7\u00e3o de combust\u00edveis, ter\u00e3o impacto no segundo semestre <br>\u2014 Queda brutal do IGP-M em 2023 afeta a base de arrecada\u00e7\u00e3o em termos nominais. Aprecia\u00e7\u00e3o do real \u00e9 saud\u00e1vel, mas tamb\u00e9m gera redu\u00e7\u00e3o na proje\u00e7\u00e3o de receita. Ainda consideramos vi\u00e1vel d\u00e9ficit pr\u00f3ximo de R$ 100 bilh\u00f5es em 2023 \u2014 disse ele. <br>Resultado das contas p\u00fablicas<br>No primeiro semestre de cada ano<br><br><br><br><br><br><br><br><br><br><br><br><br><br><br><br><br><br><br><br><br><br><br><br><br><br><br><br><br><br><br><br><br><br><br><br><br><br><br><br><br><br><br><br><br><br><br><br><br><br><br><br>R$ bilh\u00f5es<br>2013<br>2014<br>2015<br>2016<br>2017<br>2018<br>2019<br>2020<br>2021<br>2022<br>2023<br>-600<br>-400<br>-200<br>0<br>200<br>Fonte: Tesouro Nacional<br>As despesas do governo, por sua vez, cresceram R$ 47,5 bilh\u00f5es, tamb\u00e9m j\u00e1 descontada a infla\u00e7\u00e3o. O governo turbinou os gastos para este ano com a chamada \u201cPEC da Transi\u00e7\u00e3o\u201d, que permitiu uma amplia\u00e7\u00e3o de gastos da ordem de R$ 145 bilh\u00f5es neste ano. <br>Esse aumento de despesas \u00e9 puxado pela alta de R$ 44,2 bilh\u00f5es nas do Bolsa Fam\u00edlia; pelo acr\u00e9scimo de R$ 9,4 bilh\u00f5es no pagamento de senten\u00e7as judiciais e precat\u00f3rios (custeio e capital).<\/figcaption><\/figure>\n","protected":false},"excerpt":{"rendered":"","protected":false},"author":1,"featured_media":0,"comment_status":"open","ping_status":"open","sticky":false,"template":"","format":"standard","meta":{"site-sidebar-layout":"default","site-content-layout":"","ast-site-content-layout":"default","site-content-style":"default","site-sidebar-style":"default","ast-global-header-display":"","ast-banner-title-visibility":"","ast-main-header-display":"","ast-hfb-above-header-display":"","ast-hfb-below-header-display":"","ast-hfb-mobile-header-display":"","site-post-title":"","ast-breadcrumbs-content":"","ast-featured-img":"","footer-sml-layout":"","ast-disable-related-posts":"","theme-transparent-header-meta":"","adv-header-id-meta":"","stick-header-meta":"","header-above-stick-meta":"","header-main-stick-meta":"","header-below-stick-meta":"","astra-migrate-meta-layouts":"default","ast-page-background-enabled":"default","ast-page-background-meta":{"desktop":{"background-color":"var(--ast-global-color-4)","background-image":"","background-repeat":"repeat","background-position":"center center","background-size":"auto","background-attachment":"scroll","background-type":"","background-media":"","overlay-type":"","overlay-color":"","overlay-opacity":"","overlay-gradient":""},"tablet":{"background-color":"","background-image":"","background-repeat":"repeat","background-position":"center center","background-size":"auto","background-attachment":"scroll","background-type":"","background-media":"","overlay-type":"","overlay-color":"","overlay-opacity":"","overlay-gradient":""},"mobile":{"background-color":"","background-image":"","background-repeat":"repeat","background-position":"center center","background-size":"auto","background-attachment":"scroll","background-type":"","background-media":"","overlay-type":"","overlay-color":"","overlay-opacity":"","overlay-gradient":""}},"ast-content-background-meta":{"desktop":{"background-color":"var(--ast-global-color-5)","background-image":"","background-repeat":"repeat","background-position":"center center","background-size":"auto","background-attachment":"scroll","background-type":"","background-media":"","overlay-type":"","overlay-color":"","overlay-opacity":"","overlay-gradient":""},"tablet":{"background-color":"var(--ast-global-color-5)","background-image":"","background-repeat":"repeat","background-position":"center center","background-size":"auto","background-attachment":"scroll","background-type":"","background-media":"","overlay-type":"","overlay-color":"","overlay-opacity":"","overlay-gradient":""},"mobile":{"background-color":"var(--ast-global-color-5)","background-image":"","background-repeat":"repeat","background-position":"center center","background-size":"auto","background-attachment":"scroll","background-type":"","background-media":"","overlay-type":"","overlay-color":"","overlay-opacity":"","overlay-gradient":""}},"footnotes":""},"categories":[165],"tags":[3184,2281,750,22,3183],"class_list":["post-17685","post","type-post","status-publish","format-standard","hentry","category-economia","tag-deficit","tag-governo-lula","tag-haddad","tag-noticias-no-face","tag-rombo-nas-contas"],"_links":{"self":[{"href":"https:\/\/noticiasnoface.com.br\/index.php\/wp-json\/wp\/v2\/posts\/17685","targetHints":{"allow":["GET"]}}],"collection":[{"href":"https:\/\/noticiasnoface.com.br\/index.php\/wp-json\/wp\/v2\/posts"}],"about":[{"href":"https:\/\/noticiasnoface.com.br\/index.php\/wp-json\/wp\/v2\/types\/post"}],"author":[{"embeddable":true,"href":"https:\/\/noticiasnoface.com.br\/index.php\/wp-json\/wp\/v2\/users\/1"}],"replies":[{"embeddable":true,"href":"https:\/\/noticiasnoface.com.br\/index.php\/wp-json\/wp\/v2\/comments?post=17685"}],"version-history":[{"count":1,"href":"https:\/\/noticiasnoface.com.br\/index.php\/wp-json\/wp\/v2\/posts\/17685\/revisions"}],"predecessor-version":[{"id":17686,"href":"https:\/\/noticiasnoface.com.br\/index.php\/wp-json\/wp\/v2\/posts\/17685\/revisions\/17686"}],"wp:attachment":[{"href":"https:\/\/noticiasnoface.com.br\/index.php\/wp-json\/wp\/v2\/media?parent=17685"}],"wp:term":[{"taxonomy":"category","embeddable":true,"href":"https:\/\/noticiasnoface.com.br\/index.php\/wp-json\/wp\/v2\/categories?post=17685"},{"taxonomy":"post_tag","embeddable":true,"href":"https:\/\/noticiasnoface.com.br\/index.php\/wp-json\/wp\/v2\/tags?post=17685"}],"curies":[{"name":"wp","href":"https:\/\/api.w.org\/{rel}","templated":true}]}}