{"id":17723,"date":"2023-08-01T08:04:10","date_gmt":"2023-08-01T11:04:10","guid":{"rendered":"https:\/\/noticiasnoface.com.br\/?p=17723"},"modified":"2023-08-01T08:04:12","modified_gmt":"2023-08-01T11:04:12","slug":"bomba-documento-secreto-revela-que-goncalves-dias-ignorou-o-protocolo","status":"publish","type":"post","link":"https:\/\/noticiasnoface.com.br\/index.php\/2023\/08\/01\/bomba-documento-secreto-revela-que-goncalves-dias-ignorou-o-protocolo\/","title":{"rendered":"BOMBA- Documento secreto revela que Gon\u00e7alves Dias ignorou o Protocolo"},"content":{"rendered":"\n<figure class=\"wp-block-image size-large\"><img data-opt-id=132502783  fetchpriority=\"high\" decoding=\"async\" width=\"1024\" height=\"922\" src=\"https:\/\/mlbfrsat7ahr.i.optimole.com\/w:1024\/h:922\/q:mauto\/ig:avif\/https:\/\/noticiasnoface.com.br\/wp-content\/uploads\/2023\/08\/photo-output.jpg\" class=\"wp-image-17722\" srcset=\"https:\/\/mlbfrsat7ahr.i.optimole.com\/w:1024\/h:922\/q:mauto\/ig:avif\/https:\/\/noticiasnoface.com.br\/wp-content\/uploads\/2023\/08\/photo-output.jpg 1024w, https:\/\/mlbfrsat7ahr.i.optimole.com\/w:300\/h:270\/q:mauto\/ig:avif\/https:\/\/noticiasnoface.com.br\/wp-content\/uploads\/2023\/08\/photo-output.jpg 300w, https:\/\/mlbfrsat7ahr.i.optimole.com\/w:768\/h:691\/q:mauto\/ig:avif\/https:\/\/noticiasnoface.com.br\/wp-content\/uploads\/2023\/08\/photo-output.jpg 768w, https:\/\/mlbfrsat7ahr.i.optimole.com\/w:1200\/h:1080\/q:mauto\/ig:avif\/https:\/\/noticiasnoface.com.br\/wp-content\/uploads\/2023\/08\/photo-output.jpg 1536w, https:\/\/mlbfrsat7ahr.i.optimole.com\/w:1200\/h:1080\/q:mauto\/ig:avif\/https:\/\/noticiasnoface.com.br\/wp-content\/uploads\/2023\/08\/photo-output.jpg 2048w\" sizes=\"(max-width: 1000px) 100vw, 1000px\" \/><figcaption class=\"wp-element-caption\">\u201cDocumento secreto\u201d vem \u00e0 tona e revela que governo ignorou protocolo de defesa do Planalto no dia 8 de janeiro<br>Foto: Ricardo Stuckert<br>A escandalosa omiss\u00e3o vai gradativamente sendo evidenciada.<br>Documento secreto revela que o governo Lula ignorou o Plano Escudo, um protocolo de defesa do Planalto que o GSI deveria ter acionado no dia 8 de janeiro.<br>A revela\u00e7\u00e3o do jornalista Paulo Capelli diz o seguinte:<br>\u201cElevado ao grau de sigilo &#8216;secreto&#8217; ap\u00f3s as depreda\u00e7\u00f5es, com segredo de 15 anos, o Plano Escudo determina os procedimentos que o GSI deve adotar em situa\u00e7\u00f5es de risco ao Pal\u00e1cio do Planalto.<br>A coluna teve acesso ao protocolo e constatou que as diretrizes foram negligenciadas pelo governo. Para evitar invas\u00f5es, o Plano Escudo estipula, por exemplo, a atua\u00e7\u00e3o conjunta das tropas de choque do Batalh\u00e3o da Guarda Presidencial (BGP), do Batalh\u00e3o de Pol\u00edcia do Ex\u00e9rcito (BPE) e do 1\u00ba Regimento de Cavalarias de Guardas do Ex\u00e9rcito (1RCG). No dia 8, por\u00e9m, apenas o BGP estava de prontid\u00e3o quando o Pal\u00e1cio foi invadido.<br>O protocolo determina, ainda, a forma\u00e7\u00e3o de quatro barreiras de conten\u00e7\u00e3o para evitar o acesso de invasores ao Planalto. As chamadas &#8216;linha branca&#8217;, &#8216;linha verde&#8217;, &#8216;linha azul&#8217; e &#8216;linha vermelha&#8217;.<br>As linhas branca e verde s\u00e3o compostas por policiais militares do Distrito Federal, que devem ser posicionados seguindo orienta\u00e7\u00e3o da Coordena\u00e7\u00e3o-Geral de Seguran\u00e7a de Instala\u00e7\u00f5es do GSI. Ou seja: se o Plano Escudo tivesse sido acionado, o governo federal deveria ter orientado as tropas da PMDF. O que n\u00e3o ocorreu.\u201d<br>Questionado, o GSI expediu uma nota sobre o assunto:<br>\u201cO GSI informa que o Plano Escudo \u00e9 documento operacional que possui classifica\u00e7\u00e3o sigilosa e que os eventos relacionados ao dia 8 de Janeiro foram objeto de uma sindic\u00e2ncia investigativa, cujos autos foram encaminhados ao STF, no \u00e2mbito do inqu\u00e9rito conduzido por aquela Corte.\u201d<\/figcaption><\/figure>\n","protected":false},"excerpt":{"rendered":"","protected":false},"author":1,"featured_media":0,"comment_status":"open","ping_status":"open","sticky":false,"template":"","format":"standard","meta":{"site-sidebar-layout":"default","site-content-layout":"","ast-site-content-layout":"default","site-content-style":"default","site-sidebar-style":"default","ast-global-header-display":"","ast-banner-title-visibility":"","ast-main-header-display":"","ast-hfb-above-header-display":"","ast-hfb-below-header-display":"","ast-hfb-mobile-header-display":"","site-post-title":"","ast-breadcrumbs-content":"","ast-featured-img":"","footer-sml-layout":"","ast-disable-related-posts":"","theme-transparent-header-meta":"","adv-header-id-meta":"","stick-header-meta":"","header-above-stick-meta":"","header-main-stick-meta":"","header-below-stick-meta":"","astra-migrate-meta-layouts":"default","ast-page-background-enabled":"default","ast-page-background-meta":{"desktop":{"background-color":"var(--ast-global-color-4)","background-image":"","background-repeat":"repeat","background-position":"center center","background-size":"auto","background-attachment":"scroll","background-type":"","background-media":"","overlay-type":"","overlay-color":"","overlay-opacity":"","overlay-gradient":""},"tablet":{"background-color":"","background-image":"","background-repeat":"repeat","background-position":"center center","background-size":"auto","background-attachment":"scroll","background-type":"","background-media":"","overlay-type":"","overlay-color":"","overlay-opacity":"","overlay-gradient":""},"mobile":{"background-color":"","background-image":"","background-repeat":"repeat","background-position":"center center","background-size":"auto","background-attachment":"scroll","background-type":"","background-media":"","overlay-type":"","overlay-color":"","overlay-opacity":"","overlay-gradient":""}},"ast-content-background-meta":{"desktop":{"background-color":"var(--ast-global-color-5)","background-image":"","background-repeat":"repeat","background-position":"center center","background-size":"auto","background-attachment":"scroll","background-type":"","background-media":"","overlay-type":"","overlay-color":"","overlay-opacity":"","overlay-gradient":""},"tablet":{"background-color":"var(--ast-global-color-5)","background-image":"","background-repeat":"repeat","background-position":"center center","background-size":"auto","background-attachment":"scroll","background-type":"","background-media":"","overlay-type":"","overlay-color":"","overlay-opacity":"","overlay-gradient":""},"mobile":{"background-color":"var(--ast-global-color-5)","background-image":"","background-repeat":"repeat","background-position":"center center","background-size":"auto","background-attachment":"scroll","background-type":"","background-media":"","overlay-type":"","overlay-color":"","overlay-opacity":"","overlay-gradient":""}},"footnotes":""},"categories":[517],"tags":[3194,2673,3195,2229,50,2058],"class_list":["post-17723","post","type-post","status-publish","format-standard","hentry","category-aconteceu","tag-8-de-janeiro","tag-cpmi","tag-goncalves-dias","tag-noticas-do-face","tag-noticias-do-face","tag-presidente-lula"],"_links":{"self":[{"href":"https:\/\/noticiasnoface.com.br\/index.php\/wp-json\/wp\/v2\/posts\/17723","targetHints":{"allow":["GET"]}}],"collection":[{"href":"https:\/\/noticiasnoface.com.br\/index.php\/wp-json\/wp\/v2\/posts"}],"about":[{"href":"https:\/\/noticiasnoface.com.br\/index.php\/wp-json\/wp\/v2\/types\/post"}],"author":[{"embeddable":true,"href":"https:\/\/noticiasnoface.com.br\/index.php\/wp-json\/wp\/v2\/users\/1"}],"replies":[{"embeddable":true,"href":"https:\/\/noticiasnoface.com.br\/index.php\/wp-json\/wp\/v2\/comments?post=17723"}],"version-history":[{"count":1,"href":"https:\/\/noticiasnoface.com.br\/index.php\/wp-json\/wp\/v2\/posts\/17723\/revisions"}],"predecessor-version":[{"id":17724,"href":"https:\/\/noticiasnoface.com.br\/index.php\/wp-json\/wp\/v2\/posts\/17723\/revisions\/17724"}],"wp:attachment":[{"href":"https:\/\/noticiasnoface.com.br\/index.php\/wp-json\/wp\/v2\/media?parent=17723"}],"wp:term":[{"taxonomy":"category","embeddable":true,"href":"https:\/\/noticiasnoface.com.br\/index.php\/wp-json\/wp\/v2\/categories?post=17723"},{"taxonomy":"post_tag","embeddable":true,"href":"https:\/\/noticiasnoface.com.br\/index.php\/wp-json\/wp\/v2\/tags?post=17723"}],"curies":[{"name":"wp","href":"https:\/\/api.w.org\/{rel}","templated":true}]}}