{"id":17726,"date":"2023-08-01T09:13:53","date_gmt":"2023-08-01T12:13:53","guid":{"rendered":"https:\/\/noticiasnoface.com.br\/?p=17726"},"modified":"2023-08-01T09:14:22","modified_gmt":"2023-08-01T12:14:22","slug":"tiro-que-mandou-pm-partiu-de-um-bunker-do-pcc","status":"publish","type":"post","link":"https:\/\/noticiasnoface.com.br\/index.php\/2023\/08\/01\/tiro-que-mandou-pm-partiu-de-um-bunker-do-pcc\/","title":{"rendered":"Tiro que matou PM partiu de um Bunker do PCC"},"content":{"rendered":"\n<figure class=\"wp-block-image size-large\"><img data-opt-id=1793081665  fetchpriority=\"high\" decoding=\"async\" width=\"1024\" height=\"577\" src=\"https:\/\/mlbfrsat7ahr.i.optimole.com\/w:1024\/h:577\/q:mauto\/ig:avif\/https:\/\/noticiasnoface.com.br\/wp-content\/uploads\/2023\/08\/photo-output-1.jpg\" alt=\"\" class=\"wp-image-17725\" srcset=\"https:\/\/mlbfrsat7ahr.i.optimole.com\/w:1024\/h:577\/q:mauto\/ig:avif\/https:\/\/noticiasnoface.com.br\/wp-content\/uploads\/2023\/08\/photo-output-1.jpg 1024w, https:\/\/mlbfrsat7ahr.i.optimole.com\/w:300\/h:169\/q:mauto\/ig:avif\/https:\/\/noticiasnoface.com.br\/wp-content\/uploads\/2023\/08\/photo-output-1.jpg 300w, https:\/\/mlbfrsat7ahr.i.optimole.com\/w:768\/h:432\/q:mauto\/ig:avif\/https:\/\/noticiasnoface.com.br\/wp-content\/uploads\/2023\/08\/photo-output-1.jpg 768w, https:\/\/mlbfrsat7ahr.i.optimole.com\/w:1536\/h:865\/q:mauto\/ig:avif\/https:\/\/noticiasnoface.com.br\/wp-content\/uploads\/2023\/08\/photo-output-1.jpg 1536w, https:\/\/mlbfrsat7ahr.i.optimole.com\/w:800\/h:450\/q:mauto\/ig:avif\/https:\/\/noticiasnoface.com.br\/wp-content\/uploads\/2023\/08\/photo-output-1.jpg 800w, https:\/\/mlbfrsat7ahr.i.optimole.com\/w:1918\/h:1080\/q:mauto\/ig:avif\/https:\/\/noticiasnoface.com.br\/wp-content\/uploads\/2023\/08\/photo-output-1.jpg 2048w\" sizes=\"(max-width: 1000px) 100vw, 1000px\" \/><figcaption class=\"wp-element-caption\">O tiro que <a href=\"https:\/\/noticias.uol.com.br\/cotidiano\/ultimas-noticias\/2023\/07\/28\/policial-da-rota-e-morto-no-guaruja.htm\" target=\"_blank\" rel=\"noopener\">matou o soldado Patrick Bastos Reis<\/a>, 30, da Rota (Rondas Ostensivas Tobias de Aguiar), na quinta-feira (27), foi disparado de um &#8220;bunker&#8221; do PCC (Primeiro Comando da Capital) constru\u00eddo por traficantes de drogas na comunidade da Vila Zilda, Guaruj\u00e1, Baixada Santista, segundo a Pol\u00edcia Civil.<br \/>O policial militar foi atingido por um disparo no peito quando fazia patrulhamento na regi\u00e3o com outros colegas da Rota. Um cabo foi ferido na m\u00e3o esquerda. Casado e pai de um filho de dois anos, Reis foi levado para um hospital da regi\u00e3o, mas n\u00e3o resistiu ao ferimento.<br \/>Ap\u00f3s compareceram ao local de onde teriam partido os tiros, investigadores da Delegacia do Guaruj\u00e1 disseram que o lugar lembra bunkers de defesa em \u00e1reas de guerra. Ele foi preparado com alvenaria e tem paredes espessas, capazes de resistir a disparos e outros ataques.<br \/>Segundo depoimentos dos investigadores aos quais a reportagem teve acesso, o bunker tem vis\u00e3o privilegiada e possibilita verificar com precis\u00e3o os principais acessos ao local, especialmente os de ve\u00edculos, permitindo, assim, que o ataque \u00e0 viatura da Rota onde estava Reis fosse bem-sucedido.<br \/><br \/>O local, revelaram os policiais civis, era guarnecido com materiais usados para embalar e distribuir drogas, tinha mesas e \u00e1rea para dormir. Os investigadores disseram ainda ter encontrado anota\u00e7\u00f5es da contabilidade do crime com inscri\u00e7\u00f5es fazendo refer\u00eancias ao PCC.<br \/>Suspeito \u00e9 do PCC, diz pol\u00edcia<br \/>Segundo a Pol\u00edcia Civil, o tiro fatal contra o soldado Reis foi disparado por Erickson David da Silva, 28, o Deivinho, apontado como integrante do PCC. <a href=\"https:\/\/noticias.uol.com.br\/cotidiano\/ultimas-noticias\/2023\/07\/30\/suspeito-matar-pm-da-rota-guaruja-preso.htm\" target=\"_blank\" rel=\"noopener\">O suspeito se entregou \u00e0 Corregedoria da Pol\u00edcia Militar no domingo (30) e acabou preso.<\/a> Ouvido pela Pol\u00edcia Civil, ele negou ter atirado no PM.<br \/>Conte\u00fado UOL<br \/><strong>Outro lado:<\/strong> Ao advogado Wilton da Silva F\u00e9lix dos Santos, Deivinho admitiu que esteve no local do crime para comprar drogas, mas ressaltou que n\u00e3o tinha arma e, portanto, n\u00e3o atirou contra o policial militar.<br \/>Um comparsa acusa o outro<br \/><strong>Deivinho foi acusado de ter matado o PM pelo pr\u00f3prio comparsa Marco Ant\u00f4nio de Assis Silva, 25, o Mazzaropi,<\/strong> preso com outras quatro pessoas horas depois do assassinato de Reis. Mazzaropi vendia drogas na comunidade da Vila Zilda.<\/figcaption><\/figure>\n","protected":false},"excerpt":{"rendered":"","protected":false},"author":1,"featured_media":0,"comment_status":"open","ping_status":"open","sticky":false,"template":"","format":"standard","meta":{"site-sidebar-layout":"default","site-content-layout":"","ast-site-content-layout":"default","site-content-style":"default","site-sidebar-style":"default","ast-global-header-display":"","ast-banner-title-visibility":"","ast-main-header-display":"","ast-hfb-above-header-display":"","ast-hfb-below-header-display":"","ast-hfb-mobile-header-display":"","site-post-title":"","ast-breadcrumbs-content":"","ast-featured-img":"","footer-sml-layout":"","ast-disable-related-posts":"","theme-transparent-header-meta":"","adv-header-id-meta":"","stick-header-meta":"","header-above-stick-meta":"","header-main-stick-meta":"","header-below-stick-meta":"","astra-migrate-meta-layouts":"default","ast-page-background-enabled":"default","ast-page-background-meta":{"desktop":{"background-color":"var(--ast-global-color-4)","background-image":"","background-repeat":"repeat","background-position":"center center","background-size":"auto","background-attachment":"scroll","background-type":"","background-media":"","overlay-type":"","overlay-color":"","overlay-opacity":"","overlay-gradient":""},"tablet":{"background-color":"","background-image":"","background-repeat":"repeat","background-position":"center center","background-size":"auto","background-attachment":"scroll","background-type":"","background-media":"","overlay-type":"","overlay-color":"","overlay-opacity":"","overlay-gradient":""},"mobile":{"background-color":"","background-image":"","background-repeat":"repeat","background-position":"center center","background-size":"auto","background-attachment":"scroll","background-type":"","background-media":"","overlay-type":"","overlay-color":"","overlay-opacity":"","overlay-gradient":""}},"ast-content-background-meta":{"desktop":{"background-color":"var(--ast-global-color-5)","background-image":"","background-repeat":"repeat","background-position":"center center","background-size":"auto","background-attachment":"scroll","background-type":"","background-media":"","overlay-type":"","overlay-color":"","overlay-opacity":"","overlay-gradient":""},"tablet":{"background-color":"var(--ast-global-color-5)","background-image":"","background-repeat":"repeat","background-position":"center center","background-size":"auto","background-attachment":"scroll","background-type":"","background-media":"","overlay-type":"","overlay-color":"","overlay-opacity":"","overlay-gradient":""},"mobile":{"background-color":"var(--ast-global-color-5)","background-image":"","background-repeat":"repeat","background-position":"center center","background-size":"auto","background-attachment":"scroll","background-type":"","background-media":"","overlay-type":"","overlay-color":"","overlay-opacity":"","overlay-gradient":""}},"footnotes":""},"categories":[517],"tags":[],"class_list":["post-17726","post","type-post","status-publish","format-standard","hentry","category-aconteceu"],"_links":{"self":[{"href":"https:\/\/noticiasnoface.com.br\/index.php\/wp-json\/wp\/v2\/posts\/17726","targetHints":{"allow":["GET"]}}],"collection":[{"href":"https:\/\/noticiasnoface.com.br\/index.php\/wp-json\/wp\/v2\/posts"}],"about":[{"href":"https:\/\/noticiasnoface.com.br\/index.php\/wp-json\/wp\/v2\/types\/post"}],"author":[{"embeddable":true,"href":"https:\/\/noticiasnoface.com.br\/index.php\/wp-json\/wp\/v2\/users\/1"}],"replies":[{"embeddable":true,"href":"https:\/\/noticiasnoface.com.br\/index.php\/wp-json\/wp\/v2\/comments?post=17726"}],"version-history":[{"count":2,"href":"https:\/\/noticiasnoface.com.br\/index.php\/wp-json\/wp\/v2\/posts\/17726\/revisions"}],"predecessor-version":[{"id":17728,"href":"https:\/\/noticiasnoface.com.br\/index.php\/wp-json\/wp\/v2\/posts\/17726\/revisions\/17728"}],"wp:attachment":[{"href":"https:\/\/noticiasnoface.com.br\/index.php\/wp-json\/wp\/v2\/media?parent=17726"}],"wp:term":[{"taxonomy":"category","embeddable":true,"href":"https:\/\/noticiasnoface.com.br\/index.php\/wp-json\/wp\/v2\/categories?post=17726"},{"taxonomy":"post_tag","embeddable":true,"href":"https:\/\/noticiasnoface.com.br\/index.php\/wp-json\/wp\/v2\/tags?post=17726"}],"curies":[{"name":"wp","href":"https:\/\/api.w.org\/{rel}","templated":true}]}}