{"id":17762,"date":"2023-08-02T17:39:05","date_gmt":"2023-08-02T20:39:05","guid":{"rendered":"https:\/\/noticiasnoface.com.br\/?p=17762"},"modified":"2023-08-02T17:39:06","modified_gmt":"2023-08-02T20:39:06","slug":"presidente-da-camara-eriko-jacome-assina-parceria-com-tribunal-de-contas","status":"publish","type":"post","link":"https:\/\/noticiasnoface.com.br\/index.php\/2023\/08\/02\/presidente-da-camara-eriko-jacome-assina-parceria-com-tribunal-de-contas\/","title":{"rendered":"Presidente da c\u00e2mara, Eriko J\u00e1come assina parceria com tribunal de contas"},"content":{"rendered":"\n<figure class=\"wp-block-image size-large\"><img data-opt-id=160155502  fetchpriority=\"high\" decoding=\"async\" width=\"1024\" height=\"1024\" src=\"https:\/\/mlbfrsat7ahr.i.optimole.com\/w:1024\/h:1024\/q:mauto\/ig:avif\/https:\/\/noticiasnoface.com.br\/wp-content\/uploads\/2023\/08\/photo-output-2-1.jpg\" class=\"wp-image-17761\" srcset=\"https:\/\/mlbfrsat7ahr.i.optimole.com\/w:1024\/h:1024\/q:mauto\/ig:avif\/https:\/\/noticiasnoface.com.br\/wp-content\/uploads\/2023\/08\/photo-output-2-1.jpg 1024w, https:\/\/mlbfrsat7ahr.i.optimole.com\/w:300\/h:300\/q:mauto\/ig:avif\/https:\/\/noticiasnoface.com.br\/wp-content\/uploads\/2023\/08\/photo-output-2-1.jpg 300w, https:\/\/mlbfrsat7ahr.i.optimole.com\/w:150\/h:150\/q:mauto\/ig:avif\/https:\/\/noticiasnoface.com.br\/wp-content\/uploads\/2023\/08\/photo-output-2-1.jpg 150w, https:\/\/mlbfrsat7ahr.i.optimole.com\/w:768\/h:768\/q:mauto\/ig:avif\/https:\/\/noticiasnoface.com.br\/wp-content\/uploads\/2023\/08\/photo-output-2-1.jpg 768w, https:\/\/mlbfrsat7ahr.i.optimole.com\/w:1080\/h:1080\/q:mauto\/ig:avif\/https:\/\/noticiasnoface.com.br\/wp-content\/uploads\/2023\/08\/photo-output-2-1.jpg 1536w, https:\/\/mlbfrsat7ahr.i.optimole.com\/w:600\/h:600\/q:mauto\/ig:avif\/https:\/\/noticiasnoface.com.br\/wp-content\/uploads\/2023\/08\/photo-output-2-1.jpg 600w, https:\/\/mlbfrsat7ahr.i.optimole.com\/w:1080\/h:1080\/q:mauto\/ig:avif\/https:\/\/noticiasnoface.com.br\/wp-content\/uploads\/2023\/08\/photo-output-2-1.jpg 2048w\" sizes=\"(max-width: 1000px) 100vw, 1000px\" \/><figcaption class=\"wp-element-caption\"><em>Presidente da C\u00e2mara, Eriko J\u00e1come assina parceria com o Tribunal de Contas do RN<\/em><br>Foi assinado na manh\u00e3 desta quarta-feira (2), na C\u00e2mara Municipal de Natal, um conv\u00eanio entre o poder legislativo e o Tribunal de Contas do Rio Grande do Norte objetivando a veicula\u00e7\u00e3o de programa televisivo do TCE-RN na TV C\u00e2mara Natal.<br>O termo foi assinado pelos presidentes das institui\u00e7\u00f5es, o vereador Eriko J\u00e1come (MDB) e o Conselheiro Gilberto Jales. O conv\u00eanio tem por objeto a exibi\u00e7\u00e3o pela TV C\u00e2mara Natal do programa de Televis\u00e3o \u201cMinuto TCE\u201d, com grava\u00e7\u00e3o e edi\u00e7\u00e3o de exclusiva responsabilidade da Televis\u00e3o do legislativo natalense, e produ\u00e7\u00e3o do TCE-RN.<br>&#8220;A inten\u00e7\u00e3o \u00e9 divulgar o trabalho realizado pela Corte de Contas, levando informa\u00e7\u00e3o de qualidade \u00e0 sociedade sobre as a\u00e7\u00f5es de controle externo do TCE\/RN. O programa \u2018Minuto TCE\u2019 traz os temas que est\u00e3o na ordem do dia e esclarecimentos aos gestores e a popula\u00e7\u00e3o em geral e assim a sociedade possa tomar conhecimento e possa exercer o controle social&#8221;, falou o presidente do TCE Gilberto Jales.<br>&#8220;Em nome do Poder Legislativo, tive a satisfa\u00e7\u00e3o de receber hoje o presidente Gilberto Jales e o conselheiro Paulo Roberto, para firmarmos uma parceria de conte\u00fado a ser veiculada na grade da TV C\u00e2mara. Com essa iniciativa, renovamos a colabora\u00e7\u00e3o que j\u00e1 existia com o TSE por mais um bi\u00eanio. Nossa uni\u00e3o fortalecer\u00e1 a comunica\u00e7\u00e3o com os cidad\u00e3os e refor\u00e7ar\u00e1 nosso compromisso em tornar Natal um lugar melhor para todos\u201d, destacou o presidente Eriko J\u00e1come.<br>O vereador Felipe Alves (Uni\u00e3o Brasil) e o conselheiro Paulo Roberto tamb\u00e9m participaram do momento da assinatura do conv\u00eanio.<br>Texto: Phablo Galv\u00e3o<br>Fotos: Natalia Macedo<\/figcaption><\/figure>\n","protected":false},"excerpt":{"rendered":"","protected":false},"author":1,"featured_media":0,"comment_status":"open","ping_status":"open","sticky":false,"template":"","format":"standard","meta":{"site-sidebar-layout":"default","site-content-layout":"","ast-site-content-layout":"default","site-content-style":"default","site-sidebar-style":"default","ast-global-header-display":"","ast-banner-title-visibility":"","ast-main-header-display":"","ast-hfb-above-header-display":"","ast-hfb-below-header-display":"","ast-hfb-mobile-header-display":"","site-post-title":"","ast-breadcrumbs-content":"","ast-featured-img":"","footer-sml-layout":"","ast-disable-related-posts":"","theme-transparent-header-meta":"","adv-header-id-meta":"","stick-header-meta":"","header-above-stick-meta":"","header-main-stick-meta":"","header-below-stick-meta":"","astra-migrate-meta-layouts":"default","ast-page-background-enabled":"default","ast-page-background-meta":{"desktop":{"background-color":"var(--ast-global-color-4)","background-image":"","background-repeat":"repeat","background-position":"center center","background-size":"auto","background-attachment":"scroll","background-type":"","background-media":"","overlay-type":"","overlay-color":"","overlay-opacity":"","overlay-gradient":""},"tablet":{"background-color":"","background-image":"","background-repeat":"repeat","background-position":"center center","background-size":"auto","background-attachment":"scroll","background-type":"","background-media":"","overlay-type":"","overlay-color":"","overlay-opacity":"","overlay-gradient":""},"mobile":{"background-color":"","background-image":"","background-repeat":"repeat","background-position":"center center","background-size":"auto","background-attachment":"scroll","background-type":"","background-media":"","overlay-type":"","overlay-color":"","overlay-opacity":"","overlay-gradient":""}},"ast-content-background-meta":{"desktop":{"background-color":"var(--ast-global-color-5)","background-image":"","background-repeat":"repeat","background-position":"center center","background-size":"auto","background-attachment":"scroll","background-type":"","background-media":"","overlay-type":"","overlay-color":"","overlay-opacity":"","overlay-gradient":""},"tablet":{"background-color":"var(--ast-global-color-5)","background-image":"","background-repeat":"repeat","background-position":"center center","background-size":"auto","background-attachment":"scroll","background-type":"","background-media":"","overlay-type":"","overlay-color":"","overlay-opacity":"","overlay-gradient":""},"mobile":{"background-color":"var(--ast-global-color-5)","background-image":"","background-repeat":"repeat","background-position":"center center","background-size":"auto","background-attachment":"scroll","background-type":"","background-media":"","overlay-type":"","overlay-color":"","overlay-opacity":"","overlay-gradient":""}},"footnotes":""},"categories":[517],"tags":[],"class_list":["post-17762","post","type-post","status-publish","format-standard","hentry","category-aconteceu"],"_links":{"self":[{"href":"https:\/\/noticiasnoface.com.br\/index.php\/wp-json\/wp\/v2\/posts\/17762","targetHints":{"allow":["GET"]}}],"collection":[{"href":"https:\/\/noticiasnoface.com.br\/index.php\/wp-json\/wp\/v2\/posts"}],"about":[{"href":"https:\/\/noticiasnoface.com.br\/index.php\/wp-json\/wp\/v2\/types\/post"}],"author":[{"embeddable":true,"href":"https:\/\/noticiasnoface.com.br\/index.php\/wp-json\/wp\/v2\/users\/1"}],"replies":[{"embeddable":true,"href":"https:\/\/noticiasnoface.com.br\/index.php\/wp-json\/wp\/v2\/comments?post=17762"}],"version-history":[{"count":1,"href":"https:\/\/noticiasnoface.com.br\/index.php\/wp-json\/wp\/v2\/posts\/17762\/revisions"}],"predecessor-version":[{"id":17763,"href":"https:\/\/noticiasnoface.com.br\/index.php\/wp-json\/wp\/v2\/posts\/17762\/revisions\/17763"}],"wp:attachment":[{"href":"https:\/\/noticiasnoface.com.br\/index.php\/wp-json\/wp\/v2\/media?parent=17762"}],"wp:term":[{"taxonomy":"category","embeddable":true,"href":"https:\/\/noticiasnoface.com.br\/index.php\/wp-json\/wp\/v2\/categories?post=17762"},{"taxonomy":"post_tag","embeddable":true,"href":"https:\/\/noticiasnoface.com.br\/index.php\/wp-json\/wp\/v2\/tags?post=17762"}],"curies":[{"name":"wp","href":"https:\/\/api.w.org\/{rel}","templated":true}]}}