{"id":17804,"date":"2023-08-04T15:09:20","date_gmt":"2023-08-04T18:09:20","guid":{"rendered":"https:\/\/noticiasnoface.com.br\/?p=17804"},"modified":"2023-08-04T15:11:34","modified_gmt":"2023-08-04T18:11:34","slug":"morre-candidato-de-25-anos-que-passou-mal-em-prova-fisica-da-pm-veja-video","status":"publish","type":"post","link":"https:\/\/noticiasnoface.com.br\/index.php\/2023\/08\/04\/morre-candidato-de-25-anos-que-passou-mal-em-prova-fisica-da-pm-veja-video\/","title":{"rendered":"Morre candidato de 25 anos que passou mal em prova Fisica da PM, VEJA V\u00cdDEO"},"content":{"rendered":"\n<figure class=\"wp-block-image size-large\"><img data-opt-id=105507834  fetchpriority=\"high\" decoding=\"async\" width=\"1024\" height=\"1024\" src=\"https:\/\/mlbfrsat7ahr.i.optimole.com\/w:1024\/h:1024\/q:mauto\/ig:avif\/https:\/\/noticiasnoface.com.br\/wp-content\/uploads\/2023\/08\/photo-output-14.jpg\" alt=\"\" class=\"wp-image-17801\" srcset=\"https:\/\/mlbfrsat7ahr.i.optimole.com\/w:1024\/h:1024\/q:mauto\/ig:avif\/https:\/\/noticiasnoface.com.br\/wp-content\/uploads\/2023\/08\/photo-output-14.jpg 1024w, https:\/\/mlbfrsat7ahr.i.optimole.com\/w:300\/h:300\/q:mauto\/ig:avif\/https:\/\/noticiasnoface.com.br\/wp-content\/uploads\/2023\/08\/photo-output-14.jpg 300w, https:\/\/mlbfrsat7ahr.i.optimole.com\/w:150\/h:150\/q:mauto\/ig:avif\/https:\/\/noticiasnoface.com.br\/wp-content\/uploads\/2023\/08\/photo-output-14.jpg 150w, https:\/\/mlbfrsat7ahr.i.optimole.com\/w:768\/h:768\/q:mauto\/ig:avif\/https:\/\/noticiasnoface.com.br\/wp-content\/uploads\/2023\/08\/photo-output-14.jpg 768w, https:\/\/mlbfrsat7ahr.i.optimole.com\/w:1080\/h:1080\/q:mauto\/ig:avif\/https:\/\/noticiasnoface.com.br\/wp-content\/uploads\/2023\/08\/photo-output-14.jpg 1536w, https:\/\/mlbfrsat7ahr.i.optimole.com\/w:600\/h:600\/q:mauto\/ig:avif\/https:\/\/noticiasnoface.com.br\/wp-content\/uploads\/2023\/08\/photo-output-14.jpg 600w, https:\/\/mlbfrsat7ahr.i.optimole.com\/w:1080\/h:1080\/q:mauto\/ig:avif\/https:\/\/noticiasnoface.com.br\/wp-content\/uploads\/2023\/08\/photo-output-14.jpg 2048w\" sizes=\"(max-width: 1000px) 100vw, 1000px\" \/><figcaption class=\"wp-element-caption\">V\u00eddeo: morre candidato de 25 anos que passou mal em prova f\u00edsica da PM<br \/>Dois candidatos passaram mal durante a prova da Pol\u00edcia Militar, nessa quinta-feira (3\/8), em Campo Grande. Um deles morreu nesta sexta<br \/><a class=\"byline\" href=\"https:\/\/www.metropoles.com\/author\/topmidia-news\" target=\"_blank\" rel=\"noopener\">Topm\u00eddia News<\/a>04\/08\/2023 14:48<br \/><img data-opt-id=1721026327  fetchpriority=\"high\" decoding=\"async\" src=\"https:\/\/uploads.metropoles.com\/wp-content\/uploads\/2023\/08\/04143735\/prova-pm-candidatos-reporter-top-600x348.jpg\" alt=\"Fotografia colorida de candidatos durante prova da Pol\u00edcia Militar\" srcset=\"https:\/\/uploads.metropoles.com\/wp-content\/uploads\/2023\/08\/04143735\/prova-pm-candidatos-reporter-top-600x348.jpg 640w, https:\/\/uploads.metropoles.com\/wp-content\/uploads\/2023\/08\/04143735\/prova-pm-candidatos-reporter-top-600x348.jpg 750w, https:\/\/uploads.metropoles.com\/wp-content\/uploads\/2023\/08\/04143735\/prova-pm-candidatos-reporter-top-600x348.jpg 828w, https:\/\/uploads.metropoles.com\/wp-content\/uploads\/2023\/08\/04143735\/prova-pm-candidatos-reporter-top-600x348.jpg 1080w, https:\/\/uploads.metropoles.com\/wp-content\/uploads\/2023\/08\/04143735\/prova-pm-candidatos-reporter-top-600x348.jpg 1200w, https:\/\/uploads.metropoles.com\/wp-content\/uploads\/2023\/08\/04143735\/prova-pm-candidatos-reporter-top-600x348.jpg 1920w, https:\/\/uploads.metropoles.com\/wp-content\/uploads\/2023\/08\/04143735\/prova-pm-candidatos-reporter-top-600x348.jpg 2048w, https:\/\/uploads.metropoles.com\/wp-content\/uploads\/2023\/08\/04143735\/prova-pm-candidatos-reporter-top-600x348.jpg 3840w\" \/><br \/>Um candidato de 25 anos que passou mal durante prova do concurso para a <a href=\"https:\/\/www.metropoles.com\/tag\/policia-militar\" target=\"_blank\" rel=\"noreferrer noopener\">Pol\u00edcia Militar<\/a>morreu no hospital, nesta sexta-feira (4\/8). Arthur Matheus Martins Rosa participou do TAF (Teste de Aptid\u00e3o F\u00edsica), em <a href=\"https:\/\/www.metropoles.com\/tag\/campo-grande\" target=\"_blank\" rel=\"noreferrer noopener\">Campo Grande (MS).<\/a><br \/>Testemunhas apontaram para a exposi\u00e7\u00e3o ao sol quente e ao tempo seco. Conforme imagens enviadas ao TopM\u00eddiaNews, uma das provas \u00e9 uma corrida de 12 minutos, sendo que um desses testes ocorreu no Centro Ol\u00edmpico Rui Jorge da Cunha, conhecido como Centro Ol\u00edmpico Vila Nasser.<br \/>Segundo o v\u00eddeo, um dos corredores cai. Supostamente por exaust\u00e3o. Ele se levanta, tenta dar alguns passos, mas cai novamente.<\/figcaption><\/figure>\n\n\n\n<figure class=\"wp-block-video\"><video height=\"640\" style=\"aspect-ratio: 360 \/ 640;\" width=\"360\" controls src=\"https:\/\/noticiasnoface.com.br\/wp-content\/uploads\/2023\/08\/2023-08-04_150759_video.mp4\"><\/video><figcaption class=\"wp-element-caption\">Morre candidato que passou mal em prova em prova Fisica da PM<\/figcaption><\/figure>\n","protected":false},"excerpt":{"rendered":"","protected":false},"author":1,"featured_media":0,"comment_status":"open","ping_status":"open","sticky":false,"template":"","format":"standard","meta":{"site-sidebar-layout":"default","site-content-layout":"","ast-site-content-layout":"default","site-content-style":"default","site-sidebar-style":"default","ast-global-header-display":"","ast-banner-title-visibility":"","ast-main-header-display":"","ast-hfb-above-header-display":"","ast-hfb-below-header-display":"","ast-hfb-mobile-header-display":"","site-post-title":"","ast-breadcrumbs-content":"","ast-featured-img":"","footer-sml-layout":"","ast-disable-related-posts":"","theme-transparent-header-meta":"","adv-header-id-meta":"","stick-header-meta":"","header-above-stick-meta":"","header-main-stick-meta":"","header-below-stick-meta":"","astra-migrate-meta-layouts":"default","ast-page-background-enabled":"default","ast-page-background-meta":{"desktop":{"background-color":"var(--ast-global-color-4)","background-image":"","background-repeat":"repeat","background-position":"center center","background-size":"auto","background-attachment":"scroll","background-type":"","background-media":"","overlay-type":"","overlay-color":"","overlay-opacity":"","overlay-gradient":""},"tablet":{"background-color":"","background-image":"","background-repeat":"repeat","background-position":"center center","background-size":"auto","background-attachment":"scroll","background-type":"","background-media":"","overlay-type":"","overlay-color":"","overlay-opacity":"","overlay-gradient":""},"mobile":{"background-color":"","background-image":"","background-repeat":"repeat","background-position":"center center","background-size":"auto","background-attachment":"scroll","background-type":"","background-media":"","overlay-type":"","overlay-color":"","overlay-opacity":"","overlay-gradient":""}},"ast-content-background-meta":{"desktop":{"background-color":"var(--ast-global-color-5)","background-image":"","background-repeat":"repeat","background-position":"center center","background-size":"auto","background-attachment":"scroll","background-type":"","background-media":"","overlay-type":"","overlay-color":"","overlay-opacity":"","overlay-gradient":""},"tablet":{"background-color":"var(--ast-global-color-5)","background-image":"","background-repeat":"repeat","background-position":"center center","background-size":"auto","background-attachment":"scroll","background-type":"","background-media":"","overlay-type":"","overlay-color":"","overlay-opacity":"","overlay-gradient":""},"mobile":{"background-color":"var(--ast-global-color-5)","background-image":"","background-repeat":"repeat","background-position":"center center","background-size":"auto","background-attachment":"scroll","background-type":"","background-media":"","overlay-type":"","overlay-color":"","overlay-opacity":"","overlay-gradient":""}},"footnotes":""},"categories":[517],"tags":[],"class_list":["post-17804","post","type-post","status-publish","format-standard","hentry","category-aconteceu"],"_links":{"self":[{"href":"https:\/\/noticiasnoface.com.br\/index.php\/wp-json\/wp\/v2\/posts\/17804","targetHints":{"allow":["GET"]}}],"collection":[{"href":"https:\/\/noticiasnoface.com.br\/index.php\/wp-json\/wp\/v2\/posts"}],"about":[{"href":"https:\/\/noticiasnoface.com.br\/index.php\/wp-json\/wp\/v2\/types\/post"}],"author":[{"embeddable":true,"href":"https:\/\/noticiasnoface.com.br\/index.php\/wp-json\/wp\/v2\/users\/1"}],"replies":[{"embeddable":true,"href":"https:\/\/noticiasnoface.com.br\/index.php\/wp-json\/wp\/v2\/comments?post=17804"}],"version-history":[{"count":1,"href":"https:\/\/noticiasnoface.com.br\/index.php\/wp-json\/wp\/v2\/posts\/17804\/revisions"}],"predecessor-version":[{"id":17805,"href":"https:\/\/noticiasnoface.com.br\/index.php\/wp-json\/wp\/v2\/posts\/17804\/revisions\/17805"}],"wp:attachment":[{"href":"https:\/\/noticiasnoface.com.br\/index.php\/wp-json\/wp\/v2\/media?parent=17804"}],"wp:term":[{"taxonomy":"category","embeddable":true,"href":"https:\/\/noticiasnoface.com.br\/index.php\/wp-json\/wp\/v2\/categories?post=17804"},{"taxonomy":"post_tag","embeddable":true,"href":"https:\/\/noticiasnoface.com.br\/index.php\/wp-json\/wp\/v2\/tags?post=17804"}],"curies":[{"name":"wp","href":"https:\/\/api.w.org\/{rel}","templated":true}]}}