{"id":17807,"date":"2023-08-05T02:48:33","date_gmt":"2023-08-05T05:48:33","guid":{"rendered":"https:\/\/noticiasnoface.com.br\/?p=17807"},"modified":"2023-08-05T02:48:36","modified_gmt":"2023-08-05T05:48:36","slug":"morre-influencer-que-so-comia-vegetais","status":"publish","type":"post","link":"https:\/\/noticiasnoface.com.br\/index.php\/2023\/08\/05\/morre-influencer-que-so-comia-vegetais\/","title":{"rendered":"Morre Influencer Que s\u00f3 comia vegetais"},"content":{"rendered":"\n<figure class=\"wp-block-image size-large\"><img data-opt-id=1386221288  fetchpriority=\"high\" decoding=\"async\" width=\"819\" height=\"1024\" src=\"https:\/\/mlbfrsat7ahr.i.optimole.com\/w:819\/h:1024\/q:mauto\/ig:avif\/https:\/\/noticiasnoface.com.br\/wp-content\/uploads\/2023\/08\/photo-output-1-3.jpg\" class=\"wp-image-17806\" srcset=\"https:\/\/mlbfrsat7ahr.i.optimole.com\/w:819\/h:1024\/q:mauto\/ig:avif\/https:\/\/noticiasnoface.com.br\/wp-content\/uploads\/2023\/08\/photo-output-1-3.jpg 819w, https:\/\/mlbfrsat7ahr.i.optimole.com\/w:240\/h:300\/q:mauto\/ig:avif\/https:\/\/noticiasnoface.com.br\/wp-content\/uploads\/2023\/08\/photo-output-1-3.jpg 240w, https:\/\/mlbfrsat7ahr.i.optimole.com\/w:768\/h:961\/q:mauto\/ig:avif\/https:\/\/noticiasnoface.com.br\/wp-content\/uploads\/2023\/08\/photo-output-1-3.jpg 768w, https:\/\/mlbfrsat7ahr.i.optimole.com\/w:863\/h:1080\/q:mauto\/ig:avif\/https:\/\/noticiasnoface.com.br\/wp-content\/uploads\/2023\/08\/photo-output-1-3.jpg 1228w, https:\/\/mlbfrsat7ahr.i.optimole.com\/w:863\/h:1080\/q:mauto\/ig:avif\/https:\/\/noticiasnoface.com.br\/wp-content\/uploads\/2023\/08\/photo-output-1-3.jpg 1637w\" sizes=\"(max-width: 819px) 100vw, 819px\" \/><figcaption class=\"wp-element-caption\">A influenciadora Zhanna Samsonova, conhecida como Zhanna D&#8217;Art nas redes sociais, se alimentava somente de frutas e vegetais crus <a href=\"https:\/\/noticias.uol.com.br\/internacional\/ultimas-noticias\/2023\/08\/01\/influenciador-vegana-morre-de-fome-e-exaustao-apos-dieta-de-frutas-cruas.htm\" target=\"_blank\" rel=\"noopener\">antes de morrer, em julho<\/a>. Segundo o jornal russo Vechernyaya Kazan, a mulher de 39 anos, morreu ap\u00f3s contrair uma infec\u00e7\u00e3o semelhante \u00e0 colera.<br>A m\u00e3e da influenciadora, Vera Samsonova, por\u00e9m, afirma que Zhanna estava em um estado de &#8220;esgotamento&#8221;, o que teria reduzido as chances de recupera\u00e7\u00e3o. De acordo com ela, a influenciadora morreu &#8220;de fome e exaust\u00e3o&#8221;.<br><br>Como Zhanna se alimentava<br><br>Segundo o Daily Mail, Zhanna estava em uma dieta \u00e0 base de vegetais crus havia dez anos. O card\u00e1pio era composto por frutas, sementes de girassol, smoothies e sucos.<br>Continua ap\u00f3s a publicidade<br>A influenciadora n\u00e3o bebia \u00e1gua havia seis anos, de acordo com o jornal brit\u00e2nico. Para se hidratar, ela tomava apenas sucos de frutas e vegetais.<br>Al\u00e9m disso, havia per\u00edodos em que Zhanna ficava em jejum, sem comer ou beber nada por dias. Durante a pandemia, a influenciadora contraiu <a href=\"https:\/\/noticias.uol.com.br\/coronavirus\/\" target=\"_blank\" rel=\"noopener\">coronav\u00edrus<\/a> e chegou a afirmar, nas redes sociais, que se curou ap\u00f3s fazer o jejum. Especialistas indicam justamente o contr\u00e1rio: pacientes com covid devem descansar, se hidratar e se alimentar bem para enfrentar a doen\u00e7a.<br><br>Influencer n\u00e3o sa\u00eda da cama<br><br>Amigos da influenciadora acreditam que ela sofria de anorexia. Eles relatam que, em seus \u00faltimos dias de vida, Zhanna estava t\u00e3o fraca que praticamente n\u00e3o sa\u00eda da cama. Eles tentaram convenc\u00ea-la a buscar tratamento, mas ela n\u00e3o aceitou ajuda.<br>&#8220;Apesar de preparar pratos crus sofisticados, eu como de uma maneira muito simples. Minha comida n\u00e3o tem \u00f3leo, nem sal ou prote\u00edna&#8221;, escreveu a influenciadora em um de seus posts.<br>Continua ap\u00f3s a publicidade<br>Zhanna morreu em um hospital na Mal\u00e1sia. A fam\u00edlia dela tenta levar o corpo para ser enterrado em seu pa\u00eds natal, a R\u00fassia.<\/figcaption><\/figure>\n","protected":false},"excerpt":{"rendered":"","protected":false},"author":1,"featured_media":0,"comment_status":"open","ping_status":"open","sticky":false,"template":"","format":"standard","meta":{"site-sidebar-layout":"default","site-content-layout":"","ast-site-content-layout":"default","site-content-style":"default","site-sidebar-style":"default","ast-global-header-display":"","ast-banner-title-visibility":"","ast-main-header-display":"","ast-hfb-above-header-display":"","ast-hfb-below-header-display":"","ast-hfb-mobile-header-display":"","site-post-title":"","ast-breadcrumbs-content":"","ast-featured-img":"","footer-sml-layout":"","ast-disable-related-posts":"","theme-transparent-header-meta":"","adv-header-id-meta":"","stick-header-meta":"","header-above-stick-meta":"","header-main-stick-meta":"","header-below-stick-meta":"","astra-migrate-meta-layouts":"default","ast-page-background-enabled":"default","ast-page-background-meta":{"desktop":{"background-color":"var(--ast-global-color-4)","background-image":"","background-repeat":"repeat","background-position":"center center","background-size":"auto","background-attachment":"scroll","background-type":"","background-media":"","overlay-type":"","overlay-color":"","overlay-opacity":"","overlay-gradient":""},"tablet":{"background-color":"","background-image":"","background-repeat":"repeat","background-position":"center center","background-size":"auto","background-attachment":"scroll","background-type":"","background-media":"","overlay-type":"","overlay-color":"","overlay-opacity":"","overlay-gradient":""},"mobile":{"background-color":"","background-image":"","background-repeat":"repeat","background-position":"center center","background-size":"auto","background-attachment":"scroll","background-type":"","background-media":"","overlay-type":"","overlay-color":"","overlay-opacity":"","overlay-gradient":""}},"ast-content-background-meta":{"desktop":{"background-color":"var(--ast-global-color-5)","background-image":"","background-repeat":"repeat","background-position":"center center","background-size":"auto","background-attachment":"scroll","background-type":"","background-media":"","overlay-type":"","overlay-color":"","overlay-opacity":"","overlay-gradient":""},"tablet":{"background-color":"var(--ast-global-color-5)","background-image":"","background-repeat":"repeat","background-position":"center center","background-size":"auto","background-attachment":"scroll","background-type":"","background-media":"","overlay-type":"","overlay-color":"","overlay-opacity":"","overlay-gradient":""},"mobile":{"background-color":"var(--ast-global-color-5)","background-image":"","background-repeat":"repeat","background-position":"center center","background-size":"auto","background-attachment":"scroll","background-type":"","background-media":"","overlay-type":"","overlay-color":"","overlay-opacity":"","overlay-gradient":""}},"footnotes":""},"categories":[155],"tags":[],"class_list":["post-17807","post","type-post","status-publish","format-standard","hentry","category-saude"],"_links":{"self":[{"href":"https:\/\/noticiasnoface.com.br\/index.php\/wp-json\/wp\/v2\/posts\/17807","targetHints":{"allow":["GET"]}}],"collection":[{"href":"https:\/\/noticiasnoface.com.br\/index.php\/wp-json\/wp\/v2\/posts"}],"about":[{"href":"https:\/\/noticiasnoface.com.br\/index.php\/wp-json\/wp\/v2\/types\/post"}],"author":[{"embeddable":true,"href":"https:\/\/noticiasnoface.com.br\/index.php\/wp-json\/wp\/v2\/users\/1"}],"replies":[{"embeddable":true,"href":"https:\/\/noticiasnoface.com.br\/index.php\/wp-json\/wp\/v2\/comments?post=17807"}],"version-history":[{"count":1,"href":"https:\/\/noticiasnoface.com.br\/index.php\/wp-json\/wp\/v2\/posts\/17807\/revisions"}],"predecessor-version":[{"id":17808,"href":"https:\/\/noticiasnoface.com.br\/index.php\/wp-json\/wp\/v2\/posts\/17807\/revisions\/17808"}],"wp:attachment":[{"href":"https:\/\/noticiasnoface.com.br\/index.php\/wp-json\/wp\/v2\/media?parent=17807"}],"wp:term":[{"taxonomy":"category","embeddable":true,"href":"https:\/\/noticiasnoface.com.br\/index.php\/wp-json\/wp\/v2\/categories?post=17807"},{"taxonomy":"post_tag","embeddable":true,"href":"https:\/\/noticiasnoface.com.br\/index.php\/wp-json\/wp\/v2\/tags?post=17807"}],"curies":[{"name":"wp","href":"https:\/\/api.w.org\/{rel}","templated":true}]}}