{"id":17847,"date":"2023-08-07T17:06:44","date_gmt":"2023-08-07T20:06:44","guid":{"rendered":"https:\/\/noticiasnoface.com.br\/?p=17847"},"modified":"2023-08-08T14:25:08","modified_gmt":"2023-08-08T17:25:08","slug":"bomba-alexandre-de-moraes-manda-flavio-dino-enviar-imagens-para-cpmi-do-dia-8","status":"publish","type":"post","link":"https:\/\/noticiasnoface.com.br\/index.php\/2023\/08\/07\/bomba-alexandre-de-moraes-manda-flavio-dino-enviar-imagens-para-cpmi-do-dia-8\/","title":{"rendered":"BOMBA- Alexandre de Moraes manda Fl\u00e1vio Dino enviar imagens para CPMI do dia 8"},"content":{"rendered":"\n<figure class=\"wp-block-image size-large\"><img data-opt-id=2075996085  fetchpriority=\"high\" decoding=\"async\" width=\"300\" height=\"207\" src=\"https:\/\/mlbfrsat7ahr.i.optimole.com\/w:300\/h:207\/q:mauto\/ig:avif\/https:\/\/noticiasnoface.com.br\/wp-content\/uploads\/2023\/08\/img_8898.jpg\" alt=\"\" class=\"wp-image-17871\" srcset=\"https:\/\/mlbfrsat7ahr.i.optimole.com\/w:300\/h:207\/q:mauto\/ig:avif\/https:\/\/noticiasnoface.com.br\/wp-content\/uploads\/2023\/08\/img_8898.jpg 300w, https:\/\/mlbfrsat7ahr.i.optimole.com\/w:667\/h:460\/q:mauto\/ig:avif\/https:\/\/noticiasnoface.com.br\/wp-content\/uploads\/2023\/08\/img_8898.jpg 667w\" sizes=\"(max-width: 300px) 100vw, 300px\" \/><figcaption class=\"wp-element-caption\">Moraes autoriza envio de imagens de c\u00e2meras de seguran\u00e7a do Minist\u00e9rio da Justi\u00e7a \u00e0 CPMI do 8 de Janeiro<br \/>Ministro do Supremo destacou em sua decis\u00e3o n\u00e3o h\u00e1 nenhum motivo motivos que impe\u00e7a o compartilhamento dos v\u00eddeos; Fl\u00e1vio Dino j\u00e1 foi comunicado e pediu \u00e0 PF para atender ao pedido da comiss\u00e3o<br \/>TOM COSTA\/MJSP<br \/><br \/><br \/>Fl\u00e1vio Dino em reuni\u00e3o com parlamentares na sede do Minist\u00e9rio da Justi\u00e7a<br \/>Em decis\u00e3o desta segunda-feira, 7, o ministro do Supremo Tribunal Federal (STF) Alexandre de Moraes autorizou o envio de imagens de c\u00e2meras de seguran\u00e7a do Minist\u00e9rio da Justi\u00e7a e Seguran\u00e7a P\u00fablica \u00e0 Comiss\u00e3o Parlamentar Mista de Inqu\u00e9rito (CPMI) que investiga os atos do 8 de Janeiro em Bras\u00edlia. Fl\u00e1vio Dino, chefe da pasta, havia enviado of\u00edcio ao Supremo na \u00faltima semana e aguardava a an\u00e1lise do pedido para autorizar o envio das imagens. \u201cDiante do exposto, autorizo ao ministro da Justi\u00e7a e Seguran\u00e7a P\u00fablica o envio e compartilhamento das imagens do dia 08\/01\/2023, tanto do circuito interno quanto externo de seguran\u00e7a do Pal\u00e1cio da Justi\u00e7a, com a Comiss\u00e3o Parlamentar Mista de Inqu\u00e9rito, nos termos do requerimento formulado. Autorizo, ainda, o fornecimento das imagens diretamente pelo Minist\u00e9rio da Justi\u00e7a e Seguran\u00e7a P\u00fablica\u201d, diz o despacho.<br \/>Em sua an\u00e1lise, o ministro n\u00e3o encontrou motivos para negar o requerimento. \u201cNa presente hip\u00f3tese, n\u00e3o est\u00e1 caracterizada qualquer excepcionalidade que vede a cess\u00e3o e compartilhamento de imagens \u00e0 CPMI, que dever\u00e1 analisar a eventual publiciza\u00e7\u00e3o ou manuten\u00e7\u00e3o do sigilo em virtude das dilig\u00eancias em andamento\u201d, destacou. Na sess\u00e3o da \u00faltima ter\u00e7a-feira, 1\u00ba, o presidente do colegiado, Arthur Maia (Uni\u00e3o Brasil- BA), havia definido o prazo de 48 horas para que Dino entregasse \u00e0 comiss\u00e3o as imagens internas do minist\u00e9rio no dia da invas\u00e3o \u00e0s sedes dos Tr\u00eas Poderes. As imagens j\u00e1 haviam sido solicitadas, mas houve recusa por parte do governo, motivo que levou incita\u00e7\u00e3o de Maia para o cumprimento da disposi\u00e7\u00e3o das imagens que mostram a a\u00e7\u00e3o dos manifestantes. O Minist\u00e9rio da Justi\u00e7a e Seguran\u00e7a P\u00fablica informou \u00e0 Jovem Pan que j\u00e1 foi comunicado da decis\u00e3o de Moraes a respeito das imagens de 8 de Janeiro e que ir\u00e1 acionar a Pol\u00edcia Federal para enviar as imagens.<br \/><\/figcaption><\/figure>\n","protected":false},"excerpt":{"rendered":"","protected":false},"author":1,"featured_media":0,"comment_status":"open","ping_status":"open","sticky":false,"template":"","format":"standard","meta":{"site-sidebar-layout":"default","site-content-layout":"","ast-site-content-layout":"default","site-content-style":"default","site-sidebar-style":"default","ast-global-header-display":"","ast-banner-title-visibility":"","ast-main-header-display":"","ast-hfb-above-header-display":"","ast-hfb-below-header-display":"","ast-hfb-mobile-header-display":"","site-post-title":"","ast-breadcrumbs-content":"","ast-featured-img":"","footer-sml-layout":"","ast-disable-related-posts":"","theme-transparent-header-meta":"","adv-header-id-meta":"","stick-header-meta":"","header-above-stick-meta":"","header-main-stick-meta":"","header-below-stick-meta":"","astra-migrate-meta-layouts":"default","ast-page-background-enabled":"default","ast-page-background-meta":{"desktop":{"background-color":"var(--ast-global-color-4)","background-image":"","background-repeat":"repeat","background-position":"center center","background-size":"auto","background-attachment":"scroll","background-type":"","background-media":"","overlay-type":"","overlay-color":"","overlay-opacity":"","overlay-gradient":""},"tablet":{"background-color":"","background-image":"","background-repeat":"repeat","background-position":"center center","background-size":"auto","background-attachment":"scroll","background-type":"","background-media":"","overlay-type":"","overlay-color":"","overlay-opacity":"","overlay-gradient":""},"mobile":{"background-color":"","background-image":"","background-repeat":"repeat","background-position":"center center","background-size":"auto","background-attachment":"scroll","background-type":"","background-media":"","overlay-type":"","overlay-color":"","overlay-opacity":"","overlay-gradient":""}},"ast-content-background-meta":{"desktop":{"background-color":"var(--ast-global-color-5)","background-image":"","background-repeat":"repeat","background-position":"center center","background-size":"auto","background-attachment":"scroll","background-type":"","background-media":"","overlay-type":"","overlay-color":"","overlay-opacity":"","overlay-gradient":""},"tablet":{"background-color":"var(--ast-global-color-5)","background-image":"","background-repeat":"repeat","background-position":"center center","background-size":"auto","background-attachment":"scroll","background-type":"","background-media":"","overlay-type":"","overlay-color":"","overlay-opacity":"","overlay-gradient":""},"mobile":{"background-color":"var(--ast-global-color-5)","background-image":"","background-repeat":"repeat","background-position":"center center","background-size":"auto","background-attachment":"scroll","background-type":"","background-media":"","overlay-type":"","overlay-color":"","overlay-opacity":"","overlay-gradient":""}},"footnotes":""},"categories":[517],"tags":[],"class_list":["post-17847","post","type-post","status-publish","format-standard","hentry","category-aconteceu"],"_links":{"self":[{"href":"https:\/\/noticiasnoface.com.br\/index.php\/wp-json\/wp\/v2\/posts\/17847","targetHints":{"allow":["GET"]}}],"collection":[{"href":"https:\/\/noticiasnoface.com.br\/index.php\/wp-json\/wp\/v2\/posts"}],"about":[{"href":"https:\/\/noticiasnoface.com.br\/index.php\/wp-json\/wp\/v2\/types\/post"}],"author":[{"embeddable":true,"href":"https:\/\/noticiasnoface.com.br\/index.php\/wp-json\/wp\/v2\/users\/1"}],"replies":[{"embeddable":true,"href":"https:\/\/noticiasnoface.com.br\/index.php\/wp-json\/wp\/v2\/comments?post=17847"}],"version-history":[{"count":3,"href":"https:\/\/noticiasnoface.com.br\/index.php\/wp-json\/wp\/v2\/posts\/17847\/revisions"}],"predecessor-version":[{"id":17873,"href":"https:\/\/noticiasnoface.com.br\/index.php\/wp-json\/wp\/v2\/posts\/17847\/revisions\/17873"}],"wp:attachment":[{"href":"https:\/\/noticiasnoface.com.br\/index.php\/wp-json\/wp\/v2\/media?parent=17847"}],"wp:term":[{"taxonomy":"category","embeddable":true,"href":"https:\/\/noticiasnoface.com.br\/index.php\/wp-json\/wp\/v2\/categories?post=17847"},{"taxonomy":"post_tag","embeddable":true,"href":"https:\/\/noticiasnoface.com.br\/index.php\/wp-json\/wp\/v2\/tags?post=17847"}],"curies":[{"name":"wp","href":"https:\/\/api.w.org\/{rel}","templated":true}]}}