{"id":17850,"date":"2023-08-07T23:47:23","date_gmt":"2023-08-08T02:47:23","guid":{"rendered":"https:\/\/noticiasnoface.com.br\/?p=17850"},"modified":"2023-08-07T23:47:23","modified_gmt":"2023-08-08T02:47:23","slug":"comissao-de-saude-da-camara-retoma-atividades-neste-segundo-semestre","status":"publish","type":"post","link":"https:\/\/noticiasnoface.com.br\/index.php\/2023\/08\/07\/comissao-de-saude-da-camara-retoma-atividades-neste-segundo-semestre\/","title":{"rendered":"Comiss\u00e3o de Sa\u00fade da C\u00e2mara retoma atividades neste segundo semestre"},"content":{"rendered":"\n<figure class=\"wp-block-image size-large\"><img data-opt-id=796068474  fetchpriority=\"high\" decoding=\"async\" width=\"1024\" height=\"682\" src=\"https:\/\/mlbfrsat7ahr.i.optimole.com\/w:1024\/h:682\/q:mauto\/ig:avif\/https:\/\/noticiasnoface.com.br\/wp-content\/uploads\/2023\/08\/img_8930.jpg\" class=\"wp-image-17849\" srcset=\"https:\/\/mlbfrsat7ahr.i.optimole.com\/w:1024\/h:682\/q:mauto\/ig:avif\/https:\/\/noticiasnoface.com.br\/wp-content\/uploads\/2023\/08\/img_8930.jpg 1024w, https:\/\/mlbfrsat7ahr.i.optimole.com\/w:300\/h:200\/q:mauto\/ig:avif\/https:\/\/noticiasnoface.com.br\/wp-content\/uploads\/2023\/08\/img_8930.jpg 300w, https:\/\/mlbfrsat7ahr.i.optimole.com\/w:768\/h:512\/q:mauto\/ig:avif\/https:\/\/noticiasnoface.com.br\/wp-content\/uploads\/2023\/08\/img_8930.jpg 768w, https:\/\/mlbfrsat7ahr.i.optimole.com\/w:1536\/h:1023\/q:mauto\/ig:avif\/https:\/\/noticiasnoface.com.br\/wp-content\/uploads\/2023\/08\/img_8930.jpg 1536w, https:\/\/mlbfrsat7ahr.i.optimole.com\/w:1600\/h:1066\/q:mauto\/ig:avif\/https:\/\/noticiasnoface.com.br\/wp-content\/uploads\/2023\/08\/img_8930.jpg 1600w\" sizes=\"(max-width: 1000px) 100vw, 1000px\" \/><figcaption class=\"wp-element-caption\">A Comiss\u00e3o de Sa\u00fade, Previd\u00eancia e de Assist\u00eancia Social da C\u00e2mara Municipal de Natal deu in\u00edcio \u00e0s atividades do segundo semestre na tarde desta segunda-feira (07) com uma reuni\u00e3o para apreciar e votar projetos de lei. Participaram do encontro os vereadores Herberth Sena (PSDB), Peixoto (PTB), Aroldo Alves (PSDB) e Preto Aquino (PSD). <br>Destaque para a aprova\u00e7\u00e3o do Projeto de Lei n\u00b0 158\/2023, apresentado pela vereadora Nina Souza (PDT), que disp\u00f5e sobre a institui\u00e7\u00e3o do &#8220;Programa Quero Aprender&#8221; a fim de apoiar empreendedores cadastrados no MEI no Munic\u00edpio de Natal, tendo tal programa como base: aprender a gerir; aprender a executar; aprender a investir; aprender a divulgar. Para ser benefici\u00e1rio do programa se faz necess\u00e1rio ser portador de registro como MEI e ser empreendedor h\u00e1 pelo menos 06 (seis) meses.<br>Outro destaque foi o parecer favor\u00e1vel ao PL 600\/2022 sobre a utiliza\u00e7\u00e3o de capilares de uso \u00fanico utilizados em hemodi\u00e1lise, no \u00e2mbito do Munic\u00edpio. Segundo o vereador Aroldo Alves, autor da mat\u00e9ria, os efeitos da reutiliza\u00e7\u00e3o do dialisador sobre os resultados dos pacientes t\u00eam sido objeto de pesquisas e estudos cl\u00ednicos com o objetivo de avaliar os impactos dessa pr\u00e1tica na efic\u00e1cia do tratamento e na qualidade de vida dos indiv\u00edduos em di\u00e1lise. &#8220;A aboli\u00e7\u00e3o do reuso de filtros dialisadores se acompanham de melhor sobrevida dos pacientes&#8221;, completou.<br>Mais duas proposi\u00e7\u00f5es foram aprovadas pelo colegiado: PL 500\/2022, do vereador Chagas Catarino (PSDB), sobre a cria\u00e7\u00e3o da Semana Municipal de Preven\u00e7\u00e3o e Prote\u00e7\u00e3o da Sa\u00fade do Caminhoneiro, o PL 626\/2022, do vereador Rob\u00e9rio Paulino (PSOL), que autoriza o Poder P\u00fablico Municipal a instituir a A\u00e7\u00e3o Social de Combate e Conscientiza\u00e7\u00e3o da Aporofobia (discrimina\u00e7\u00e3o de pessoas pela sua condi\u00e7\u00e3o de pobreza ou vulnerabilidade social). <br>O presidente da Comiss\u00e3o, vereador Herberth Sena, elencou os objetivos para a segunda metade de 2023. &#8220;Vamos continuar a fiscaliza\u00e7\u00e3o das unidades de sa\u00fade da cidade, haja vista que a Prefeitura investe 35% do or\u00e7amento municipal na sa\u00fade e mesmo assim alguns servi\u00e7os n\u00e3o atendem a popula\u00e7\u00e3o com qualidade, al\u00e9m de encaminhar novos projetos e debater assuntos de interesse p\u00fablico neste plen\u00e1rio&#8221;, concluiu.<br><strong><em>Texto: Junior Martins<br>Fotos: Elp\u00eddio J\u00fanior<\/em><\/strong><\/figcaption><\/figure>\n","protected":false},"excerpt":{"rendered":"","protected":false},"author":1,"featured_media":0,"comment_status":"open","ping_status":"open","sticky":false,"template":"","format":"standard","meta":{"site-sidebar-layout":"default","site-content-layout":"","ast-site-content-layout":"default","site-content-style":"default","site-sidebar-style":"default","ast-global-header-display":"","ast-banner-title-visibility":"","ast-main-header-display":"","ast-hfb-above-header-display":"","ast-hfb-below-header-display":"","ast-hfb-mobile-header-display":"","site-post-title":"","ast-breadcrumbs-content":"","ast-featured-img":"","footer-sml-layout":"","ast-disable-related-posts":"","theme-transparent-header-meta":"","adv-header-id-meta":"","stick-header-meta":"","header-above-stick-meta":"","header-main-stick-meta":"","header-below-stick-meta":"","astra-migrate-meta-layouts":"default","ast-page-background-enabled":"default","ast-page-background-meta":{"desktop":{"background-color":"var(--ast-global-color-4)","background-image":"","background-repeat":"repeat","background-position":"center center","background-size":"auto","background-attachment":"scroll","background-type":"","background-media":"","overlay-type":"","overlay-color":"","overlay-opacity":"","overlay-gradient":""},"tablet":{"background-color":"","background-image":"","background-repeat":"repeat","background-position":"center center","background-size":"auto","background-attachment":"scroll","background-type":"","background-media":"","overlay-type":"","overlay-color":"","overlay-opacity":"","overlay-gradient":""},"mobile":{"background-color":"","background-image":"","background-repeat":"repeat","background-position":"center center","background-size":"auto","background-attachment":"scroll","background-type":"","background-media":"","overlay-type":"","overlay-color":"","overlay-opacity":"","overlay-gradient":""}},"ast-content-background-meta":{"desktop":{"background-color":"var(--ast-global-color-5)","background-image":"","background-repeat":"repeat","background-position":"center center","background-size":"auto","background-attachment":"scroll","background-type":"","background-media":"","overlay-type":"","overlay-color":"","overlay-opacity":"","overlay-gradient":""},"tablet":{"background-color":"var(--ast-global-color-5)","background-image":"","background-repeat":"repeat","background-position":"center center","background-size":"auto","background-attachment":"scroll","background-type":"","background-media":"","overlay-type":"","overlay-color":"","overlay-opacity":"","overlay-gradient":""},"mobile":{"background-color":"var(--ast-global-color-5)","background-image":"","background-repeat":"repeat","background-position":"center center","background-size":"auto","background-attachment":"scroll","background-type":"","background-media":"","overlay-type":"","overlay-color":"","overlay-opacity":"","overlay-gradient":""}},"footnotes":""},"categories":[517],"tags":[],"class_list":["post-17850","post","type-post","status-publish","format-standard","hentry","category-aconteceu"],"_links":{"self":[{"href":"https:\/\/noticiasnoface.com.br\/index.php\/wp-json\/wp\/v2\/posts\/17850","targetHints":{"allow":["GET"]}}],"collection":[{"href":"https:\/\/noticiasnoface.com.br\/index.php\/wp-json\/wp\/v2\/posts"}],"about":[{"href":"https:\/\/noticiasnoface.com.br\/index.php\/wp-json\/wp\/v2\/types\/post"}],"author":[{"embeddable":true,"href":"https:\/\/noticiasnoface.com.br\/index.php\/wp-json\/wp\/v2\/users\/1"}],"replies":[{"embeddable":true,"href":"https:\/\/noticiasnoface.com.br\/index.php\/wp-json\/wp\/v2\/comments?post=17850"}],"version-history":[{"count":1,"href":"https:\/\/noticiasnoface.com.br\/index.php\/wp-json\/wp\/v2\/posts\/17850\/revisions"}],"predecessor-version":[{"id":17851,"href":"https:\/\/noticiasnoface.com.br\/index.php\/wp-json\/wp\/v2\/posts\/17850\/revisions\/17851"}],"wp:attachment":[{"href":"https:\/\/noticiasnoface.com.br\/index.php\/wp-json\/wp\/v2\/media?parent=17850"}],"wp:term":[{"taxonomy":"category","embeddable":true,"href":"https:\/\/noticiasnoface.com.br\/index.php\/wp-json\/wp\/v2\/categories?post=17850"},{"taxonomy":"post_tag","embeddable":true,"href":"https:\/\/noticiasnoface.com.br\/index.php\/wp-json\/wp\/v2\/tags?post=17850"}],"curies":[{"name":"wp","href":"https:\/\/api.w.org\/{rel}","templated":true}]}}