{"id":17899,"date":"2023-08-10T07:18:42","date_gmt":"2023-08-10T10:18:42","guid":{"rendered":"https:\/\/noticiasnoface.com.br\/?p=17899"},"modified":"2023-08-10T07:18:43","modified_gmt":"2023-08-10T10:18:43","slug":"candidato-de-direita-a-presidencia-no-equador-e-assassinado-veja-video","status":"publish","type":"post","link":"https:\/\/noticiasnoface.com.br\/index.php\/2023\/08\/10\/candidato-de-direita-a-presidencia-no-equador-e-assassinado-veja-video\/","title":{"rendered":"Candidato de direita \u00e0 presid\u00eancia no equador \u00e9 assassinado, VEJA V\u00cdDEO"},"content":{"rendered":"\n<figure class=\"wp-block-video\"><video height=\"848\" style=\"aspect-ratio: 480 \/ 848;\" width=\"480\" controls src=\"https:\/\/noticiasnoface.com.br\/wp-content\/uploads\/2023\/08\/e7fbcda6-9713-419f-9bb8-54e86e0da5d1.mp4\"><\/video><figcaption class=\"wp-element-caption\">Ap\u00f3s assassinato de Villavicencio, Equador decreta estado de exce\u00e7\u00e3o, mas mant\u00e9m elei\u00e7\u00f5es<br>Decis\u00e3o foi tomada pelo gabinete de seguran\u00e7a do presidente Guilhermo Lasso, ap\u00f3s morte do candidato Fernando Villavicencio<br><a class=\"byline\" href=\"https:\/\/www.metropoles.com\/author\/leticia-cotta\" target=\"_blank\" rel=\"noopener\">Let\u00edcia Cotta<\/a>10\/08\/2023 07:12<br><img data-opt-id=265281458  fetchpriority=\"high\" decoding=\"async\" src=\"https:\/\/uploads.metropoles.com\/wp-content\/uploads\/2023\/08\/10065752\/Fernando-Villavicencio-3-600x400.jpg\" alt=\"Imagem colorida mostra hospital onde o candidato \u00e0 Presid\u00eancia do Equador Fernando Villavicencio chegou a ser atendido ap\u00f3s atentado - Metr\u00f3poles\" srcset=\"https:\/\/uploads.metropoles.com\/wp-content\/uploads\/2023\/08\/10065752\/Fernando-Villavicencio-3-600x400.jpg 640w, https:\/\/uploads.metropoles.com\/wp-content\/uploads\/2023\/08\/10065752\/Fernando-Villavicencio-3-600x400.jpg 750w, https:\/\/uploads.metropoles.com\/wp-content\/uploads\/2023\/08\/10065752\/Fernando-Villavicencio-3-600x400.jpg 828w, https:\/\/uploads.metropoles.com\/wp-content\/uploads\/2023\/08\/10065752\/Fernando-Villavicencio-3-600x400.jpg 1080w, https:\/\/uploads.metropoles.com\/wp-content\/uploads\/2023\/08\/10065752\/Fernando-Villavicencio-3-600x400.jpg 1200w, https:\/\/uploads.metropoles.com\/wp-content\/uploads\/2023\/08\/10065752\/Fernando-Villavicencio-3-600x400.jpg 1920w, https:\/\/uploads.metropoles.com\/wp-content\/uploads\/2023\/08\/10065752\/Fernando-Villavicencio-3-600x400.jpg 2048w, https:\/\/uploads.metropoles.com\/wp-content\/uploads\/2023\/08\/10065752\/Fernando-Villavicencio-3-600x400.jpg 3840w\"><br>Ap\u00f3s o assassinato do candidato \u00e0 Presid\u00eancia do Equador <a href=\"https:\/\/www.metropoles.com\/mundo\/quem-era-fernando-villavicencio-candidato-assassinado-a-tiros-no-equador\" target=\"_blank\" rel=\"noreferrer noopener\">Fernando Villavicencio<\/a>, na noite de quarta-feira (9\/8), o governo decretou estado de exce\u00e7\u00e3o por 60 dias, mas manteve as elei\u00e7\u00f5es, previstas para ocorrer daqui a 10 dias, no domingo (20\/8). O an\u00fancio foi feito em pronunciamento do presidente <a href=\"https:\/\/www.metropoles.com\/mundo\/quem-e-guillermo-lasso-presidente-do-equador-que-dissolveu-parlamento\" target=\"_blank\" rel=\"noreferrer noopener\">Guillermo Lasso<\/a>, durante a madrugada desta quinta-feira (10\/8).<br>No pronunciamento, Lasso afirmou que as For\u00e7as Armadas equatorianas foram acionadas para garantir a seguran\u00e7a das elei\u00e7\u00f5es. Isso far\u00e1 com que as for\u00e7as equatorianas sejam deslocadas para todo o territ\u00f3rio nacional pelo prazo de 60 dias. \u201cAplicaremos todo o rigor da lei para que os respons\u00e1veis materiais e intelectuais paguem com a pena m\u00e1xima\u201d, afirmou.<br>Lasso tamb\u00e9m advertiu que o governo n\u00e3o descarta que a a\u00e7\u00e3o tivesse o intuito de sabotar a realiza\u00e7\u00e3o das elei\u00e7\u00f5es. Deixou, tamb\u00e9m, um recado ao crime organizado:<br>\u201cAqueles que buscam amedrontar o Estado, [saibam que] n\u00e3o vamos retroceder. O Estado est\u00e1 firme e a democracia n\u00e3o estremece diante da brutalidade deste assassinato. N\u00e3o vamos entregar o poder e as institui\u00e7\u00f5es democr\u00e1ticas ao crime organizado, ainda que esteja disfar\u00e7ado de organiza\u00e7\u00f5es pol\u00edticas\u201d, assegurou.<br>Horas antes do discurso em rede nacional, ele havia anunciado, por meio das redes sociais, que o gabinete de seguran\u00e7a iria se reunir para dar uma resposta ao crime.<br>\u201cO crime organizado chegou muito longe, mas o peso da lei vai cair neles\u201d, escreveu. O governo tamb\u00e9m decretou luto de tr\u00eas dias pela morte de Villavicencio.<br><strong>O assassinato de Fernando Villavicencio<\/strong><br>A declara\u00e7\u00e3o foi feita algumas horas depois do candidato \u00e0 Presid\u00eancia <a href=\"https:\/\/www.metropoles.com\/mundo\/fernando-villacencio-e-morto-no-equador\" target=\"_blank\" rel=\"noopener\">Fernando Villavicencio ser assassinado a tiros em Quito<\/a>. O candidato fazia um<a href=\"https:\/\/www.metropoles.com\/tag\/campanha-eleitoral\" target=\"_blank\" rel=\"noreferrer noopener\"> com\u00edcio pol\u00edtico<\/a> em uma escola na capital equatoriana, quando foi atingido pelos disparos.<\/figcaption><\/figure>\n\n\n\n<figure class=\"wp-block-image size-large\"><img data-opt-id=616893946  fetchpriority=\"high\" decoding=\"async\" width=\"1024\" height=\"507\" src=\"https:\/\/mlbfrsat7ahr.i.optimole.com\/w:1024\/h:507\/q:mauto\/ig:avif\/https:\/\/noticiasnoface.com.br\/wp-content\/uploads\/2023\/08\/photo-output-31.jpg\" class=\"wp-image-17898\" srcset=\"https:\/\/mlbfrsat7ahr.i.optimole.com\/w:1024\/h:507\/q:mauto\/ig:avif\/https:\/\/noticiasnoface.com.br\/wp-content\/uploads\/2023\/08\/photo-output-31.jpg 1024w, https:\/\/mlbfrsat7ahr.i.optimole.com\/w:300\/h:149\/q:mauto\/ig:avif\/https:\/\/noticiasnoface.com.br\/wp-content\/uploads\/2023\/08\/photo-output-31.jpg 300w, https:\/\/mlbfrsat7ahr.i.optimole.com\/w:768\/h:380\/q:mauto\/ig:avif\/https:\/\/noticiasnoface.com.br\/wp-content\/uploads\/2023\/08\/photo-output-31.jpg 768w, https:\/\/mlbfrsat7ahr.i.optimole.com\/w:1536\/h:761\/q:mauto\/ig:avif\/https:\/\/noticiasnoface.com.br\/wp-content\/uploads\/2023\/08\/photo-output-31.jpg 1536w, https:\/\/mlbfrsat7ahr.i.optimole.com\/w:1920\/h:950\/q:mauto\/ig:avif\/https:\/\/noticiasnoface.com.br\/wp-content\/uploads\/2023\/08\/photo-output-31.jpg 2048w\" sizes=\"(max-width: 1000px) 100vw, 1000px\" \/><figcaption class=\"wp-element-caption\">Candidato a presidente do equador de direita \u00e9 assassinado <\/figcaption><\/figure>\n","protected":false},"excerpt":{"rendered":"","protected":false},"author":1,"featured_media":0,"comment_status":"open","ping_status":"open","sticky":false,"template":"","format":"standard","meta":{"site-sidebar-layout":"default","site-content-layout":"","ast-site-content-layout":"default","site-content-style":"default","site-sidebar-style":"default","ast-global-header-display":"","ast-banner-title-visibility":"","ast-main-header-display":"","ast-hfb-above-header-display":"","ast-hfb-below-header-display":"","ast-hfb-mobile-header-display":"","site-post-title":"","ast-breadcrumbs-content":"","ast-featured-img":"","footer-sml-layout":"","ast-disable-related-posts":"","theme-transparent-header-meta":"","adv-header-id-meta":"","stick-header-meta":"","header-above-stick-meta":"","header-main-stick-meta":"","header-below-stick-meta":"","astra-migrate-meta-layouts":"default","ast-page-background-enabled":"default","ast-page-background-meta":{"desktop":{"background-color":"var(--ast-global-color-4)","background-image":"","background-repeat":"repeat","background-position":"center center","background-size":"auto","background-attachment":"scroll","background-type":"","background-media":"","overlay-type":"","overlay-color":"","overlay-opacity":"","overlay-gradient":""},"tablet":{"background-color":"","background-image":"","background-repeat":"repeat","background-position":"center center","background-size":"auto","background-attachment":"scroll","background-type":"","background-media":"","overlay-type":"","overlay-color":"","overlay-opacity":"","overlay-gradient":""},"mobile":{"background-color":"","background-image":"","background-repeat":"repeat","background-position":"center center","background-size":"auto","background-attachment":"scroll","background-type":"","background-media":"","overlay-type":"","overlay-color":"","overlay-opacity":"","overlay-gradient":""}},"ast-content-background-meta":{"desktop":{"background-color":"var(--ast-global-color-5)","background-image":"","background-repeat":"repeat","background-position":"center center","background-size":"auto","background-attachment":"scroll","background-type":"","background-media":"","overlay-type":"","overlay-color":"","overlay-opacity":"","overlay-gradient":""},"tablet":{"background-color":"var(--ast-global-color-5)","background-image":"","background-repeat":"repeat","background-position":"center center","background-size":"auto","background-attachment":"scroll","background-type":"","background-media":"","overlay-type":"","overlay-color":"","overlay-opacity":"","overlay-gradient":""},"mobile":{"background-color":"var(--ast-global-color-5)","background-image":"","background-repeat":"repeat","background-position":"center center","background-size":"auto","background-attachment":"scroll","background-type":"","background-media":"","overlay-type":"","overlay-color":"","overlay-opacity":"","overlay-gradient":""}},"footnotes":""},"categories":[517],"tags":[],"class_list":["post-17899","post","type-post","status-publish","format-standard","hentry","category-aconteceu"],"_links":{"self":[{"href":"https:\/\/noticiasnoface.com.br\/index.php\/wp-json\/wp\/v2\/posts\/17899","targetHints":{"allow":["GET"]}}],"collection":[{"href":"https:\/\/noticiasnoface.com.br\/index.php\/wp-json\/wp\/v2\/posts"}],"about":[{"href":"https:\/\/noticiasnoface.com.br\/index.php\/wp-json\/wp\/v2\/types\/post"}],"author":[{"embeddable":true,"href":"https:\/\/noticiasnoface.com.br\/index.php\/wp-json\/wp\/v2\/users\/1"}],"replies":[{"embeddable":true,"href":"https:\/\/noticiasnoface.com.br\/index.php\/wp-json\/wp\/v2\/comments?post=17899"}],"version-history":[{"count":1,"href":"https:\/\/noticiasnoface.com.br\/index.php\/wp-json\/wp\/v2\/posts\/17899\/revisions"}],"predecessor-version":[{"id":17900,"href":"https:\/\/noticiasnoface.com.br\/index.php\/wp-json\/wp\/v2\/posts\/17899\/revisions\/17900"}],"wp:attachment":[{"href":"https:\/\/noticiasnoface.com.br\/index.php\/wp-json\/wp\/v2\/media?parent=17899"}],"wp:term":[{"taxonomy":"category","embeddable":true,"href":"https:\/\/noticiasnoface.com.br\/index.php\/wp-json\/wp\/v2\/categories?post=17899"},{"taxonomy":"post_tag","embeddable":true,"href":"https:\/\/noticiasnoface.com.br\/index.php\/wp-json\/wp\/v2\/tags?post=17899"}],"curies":[{"name":"wp","href":"https:\/\/api.w.org\/{rel}","templated":true}]}}