{"id":17908,"date":"2023-08-10T15:20:41","date_gmt":"2023-08-10T18:20:41","guid":{"rendered":"https:\/\/noticiasnoface.com.br\/?p=17908"},"modified":"2023-08-10T15:20:43","modified_gmt":"2023-08-10T18:20:43","slug":"ex-namorada-de-cantor-baiano-diz-que-foi-trocada-pela-pablo-vittar-ele-adora-uma-chapeleta","status":"publish","type":"post","link":"https:\/\/noticiasnoface.com.br\/index.php\/2023\/08\/10\/ex-namorada-de-cantor-baiano-diz-que-foi-trocada-pela-pablo-vittar-ele-adora-uma-chapeleta\/","title":{"rendered":"Ex-namorada de cantor baiano diz que foi trocada pela Pablo Vittar, \u201cele adora uma chapeleta\u201d"},"content":{"rendered":"\n<figure class=\"wp-block-image size-large\"><img data-opt-id=2102042730  fetchpriority=\"high\" decoding=\"async\" width=\"864\" height=\"1024\" src=\"https:\/\/mlbfrsat7ahr.i.optimole.com\/w:864\/h:1024\/q:mauto\/ig:avif\/https:\/\/noticiasnoface.com.br\/wp-content\/uploads\/2023\/08\/photo-output-34.jpg\" class=\"wp-image-17907\" srcset=\"https:\/\/mlbfrsat7ahr.i.optimole.com\/w:864\/h:1024\/q:mauto\/ig:avif\/https:\/\/noticiasnoface.com.br\/wp-content\/uploads\/2023\/08\/photo-output-34.jpg 864w, https:\/\/mlbfrsat7ahr.i.optimole.com\/w:253\/h:300\/q:mauto\/ig:avif\/https:\/\/noticiasnoface.com.br\/wp-content\/uploads\/2023\/08\/photo-output-34.jpg 253w, https:\/\/mlbfrsat7ahr.i.optimole.com\/w:768\/h:911\/q:mauto\/ig:avif\/https:\/\/noticiasnoface.com.br\/wp-content\/uploads\/2023\/08\/photo-output-34.jpg 768w, https:\/\/mlbfrsat7ahr.i.optimole.com\/w:910\/h:1080\/q:mauto\/ig:avif\/https:\/\/noticiasnoface.com.br\/wp-content\/uploads\/2023\/08\/photo-output-34.jpg 1295w, https:\/\/mlbfrsat7ahr.i.optimole.com\/w:910\/h:1080\/q:mauto\/ig:avif\/https:\/\/noticiasnoface.com.br\/wp-content\/uploads\/2023\/08\/photo-output-34.jpg 1727w\" sizes=\"(max-width: 864px) 100vw, 864px\" \/><figcaption class=\"wp-element-caption\"><a href=\"https:\/\/www.bnews.com.br\/noticias\/entretenimento\/fisioterapeuta-anuncia-fim-do-relacionamento-com-o-kannalha-confira.html\" target=\"_blank\" rel=\"noreferrer noopener\">A ex-namorada do pagodeiro O Kannalha,<\/a> Quele de Souza, provocou um alvoro\u00e7o nas redes sociais depois de fazer um desabafo. No Instagram, a influenciadora se revoltou e exp\u00f4s detalhes sobre seu relacionamento com o cantor.<br>Em um coment\u00e1rio, ela come\u00e7a: &#8220;Me culpou por dar fama de gay a ele. N\u00e3o tenho nada contra, mas eu j\u00e1 sabia. E ele ainda queria que eu aceitasse isso&#8221;, come\u00e7ou ela. Era a maior falta de respeito&#8230; Ele ainda teve a cara de pau de me dizer que precisava, que Pabllo Vittar tinha que achar que ele estava apaixonada por ele para ajud\u00e1-lo&#8221;, continuou.<br><a href=\"https:\/\/www.bnews.com.br\/noticias\/policia\/homem-baleado-em-frente-restaurante-de-luxo-na-tancredo-neves-invade-hospital-com-carro.html\" target=\"_blank\" rel=\"noopener\"><strong>TIROTEIO<\/strong>Mulher invade hospital com carro, ap\u00f3s homem ser baleado em frente ao Barbacoa<\/a><br><a href=\"https:\/\/www.bnews.com.br\/noticias\/policia\/homem-dispara-tiros-contra-motorista-em-frente-ao-barbacoa-assista.html\" target=\"_blank\" rel=\"noopener\"><strong>POL\u00cdCIA<\/strong>Tiroteio \u00e9 registrado em frente \u00e0 restaurante de luxo na Avenida Tancredo Neves; assista<\/a><br>Quele ainda contou que o artista dizia que ela n\u00e3o ajudava ele em nada em sua carreira. &#8220;[Dizia] que eu n\u00e3o somava em nada na vida dele porque eu n\u00e3o era famosa, agora na vida pessoal dele que eu tanto ajudei&#8230;&#8221;, relembrou.<br>&#8220;Ainda me senti culpada e pedi perd\u00e3o a ele at\u00e9 pedi pra voltar, mas ele n\u00e3o quis, j\u00e1 que estava apaixonado por Pablo, e ainda me culpou de ter ficado com fama de gay. Tira tanta onda de humilde, mas de humilde n\u00e3o tem nada&#8221;, disparou ela. <br>Em seu perfil do Instagram, Quele continuou seu pronunciamento. Confira:<br>&#8220;Eu estou aqui morrendo de nervoso e passando mal [&#8230;] S\u00f3 eu sei o quanto ele me culpou e me humilhou. Eu igual a uma ot\u00e1ria fazia de tudo&#8221;, come\u00e7a ela. &#8220;Esse homem \u00e9 interesseiro. Ficou umano me adulando para eu dar uma chance a ele, a\u00ed quando eu dou, que fa\u00e7o tudo por ele, ele vai l\u00e1 e me troca por algu\u00e9m que ajudaria ele a ter fama nacional&#8221; <br>Acontece que vazou na internet que o cantor baiano tinha terminado seu relacionamento com sua namorada, ap\u00f3s se apaixonar pela cantora e drag queen, Pabllo Vittar. Na web, internautas apontaram que se tratava do cantor O Kannalha. &#8220;Pablo Bittar ficou fraquinhaaaaaaa com a senha do brabo kkkkkk&#8221;, escreveu uma. &#8220;Certeza que \u00e9 o Kannalha&#8221;, disse outra.<\/figcaption><\/figure>\n","protected":false},"excerpt":{"rendered":"","protected":false},"author":1,"featured_media":0,"comment_status":"open","ping_status":"open","sticky":false,"template":"","format":"standard","meta":{"site-sidebar-layout":"default","site-content-layout":"","ast-site-content-layout":"default","site-content-style":"default","site-sidebar-style":"default","ast-global-header-display":"","ast-banner-title-visibility":"","ast-main-header-display":"","ast-hfb-above-header-display":"","ast-hfb-below-header-display":"","ast-hfb-mobile-header-display":"","site-post-title":"","ast-breadcrumbs-content":"","ast-featured-img":"","footer-sml-layout":"","ast-disable-related-posts":"","theme-transparent-header-meta":"","adv-header-id-meta":"","stick-header-meta":"","header-above-stick-meta":"","header-main-stick-meta":"","header-below-stick-meta":"","astra-migrate-meta-layouts":"default","ast-page-background-enabled":"default","ast-page-background-meta":{"desktop":{"background-color":"var(--ast-global-color-4)","background-image":"","background-repeat":"repeat","background-position":"center center","background-size":"auto","background-attachment":"scroll","background-type":"","background-media":"","overlay-type":"","overlay-color":"","overlay-opacity":"","overlay-gradient":""},"tablet":{"background-color":"","background-image":"","background-repeat":"repeat","background-position":"center center","background-size":"auto","background-attachment":"scroll","background-type":"","background-media":"","overlay-type":"","overlay-color":"","overlay-opacity":"","overlay-gradient":""},"mobile":{"background-color":"","background-image":"","background-repeat":"repeat","background-position":"center center","background-size":"auto","background-attachment":"scroll","background-type":"","background-media":"","overlay-type":"","overlay-color":"","overlay-opacity":"","overlay-gradient":""}},"ast-content-background-meta":{"desktop":{"background-color":"var(--ast-global-color-5)","background-image":"","background-repeat":"repeat","background-position":"center center","background-size":"auto","background-attachment":"scroll","background-type":"","background-media":"","overlay-type":"","overlay-color":"","overlay-opacity":"","overlay-gradient":""},"tablet":{"background-color":"var(--ast-global-color-5)","background-image":"","background-repeat":"repeat","background-position":"center center","background-size":"auto","background-attachment":"scroll","background-type":"","background-media":"","overlay-type":"","overlay-color":"","overlay-opacity":"","overlay-gradient":""},"mobile":{"background-color":"var(--ast-global-color-5)","background-image":"","background-repeat":"repeat","background-position":"center center","background-size":"auto","background-attachment":"scroll","background-type":"","background-media":"","overlay-type":"","overlay-color":"","overlay-opacity":"","overlay-gradient":""}},"footnotes":""},"categories":[517],"tags":[],"class_list":["post-17908","post","type-post","status-publish","format-standard","hentry","category-aconteceu"],"_links":{"self":[{"href":"https:\/\/noticiasnoface.com.br\/index.php\/wp-json\/wp\/v2\/posts\/17908","targetHints":{"allow":["GET"]}}],"collection":[{"href":"https:\/\/noticiasnoface.com.br\/index.php\/wp-json\/wp\/v2\/posts"}],"about":[{"href":"https:\/\/noticiasnoface.com.br\/index.php\/wp-json\/wp\/v2\/types\/post"}],"author":[{"embeddable":true,"href":"https:\/\/noticiasnoface.com.br\/index.php\/wp-json\/wp\/v2\/users\/1"}],"replies":[{"embeddable":true,"href":"https:\/\/noticiasnoface.com.br\/index.php\/wp-json\/wp\/v2\/comments?post=17908"}],"version-history":[{"count":1,"href":"https:\/\/noticiasnoface.com.br\/index.php\/wp-json\/wp\/v2\/posts\/17908\/revisions"}],"predecessor-version":[{"id":17909,"href":"https:\/\/noticiasnoface.com.br\/index.php\/wp-json\/wp\/v2\/posts\/17908\/revisions\/17909"}],"wp:attachment":[{"href":"https:\/\/noticiasnoface.com.br\/index.php\/wp-json\/wp\/v2\/media?parent=17908"}],"wp:term":[{"taxonomy":"category","embeddable":true,"href":"https:\/\/noticiasnoface.com.br\/index.php\/wp-json\/wp\/v2\/categories?post=17908"},{"taxonomy":"post_tag","embeddable":true,"href":"https:\/\/noticiasnoface.com.br\/index.php\/wp-json\/wp\/v2\/tags?post=17908"}],"curies":[{"name":"wp","href":"https:\/\/api.w.org\/{rel}","templated":true}]}}