{"id":17920,"date":"2023-08-10T21:55:39","date_gmt":"2023-08-11T00:55:39","guid":{"rendered":"https:\/\/noticiasnoface.com.br\/?p=17920"},"modified":"2023-08-10T21:55:39","modified_gmt":"2023-08-11T00:55:39","slug":"aprovado-projeto-que-aprimora-educacao-especial-com-rodas-de-conversas-integrada","status":"publish","type":"post","link":"https:\/\/noticiasnoface.com.br\/index.php\/2023\/08\/10\/aprovado-projeto-que-aprimora-educacao-especial-com-rodas-de-conversas-integrada\/","title":{"rendered":"Aprovado projeto que aprimora Educa\u00e7\u00e3o Especial com rodas de conversas integrada"},"content":{"rendered":"\n<figure class=\"wp-block-image size-large\"><img data-opt-id=1093254917  fetchpriority=\"high\" decoding=\"async\" width=\"1024\" height=\"646\" src=\"https:\/\/mlbfrsat7ahr.i.optimole.com\/w:1024\/h:646\/q:mauto\/ig:avif\/https:\/\/noticiasnoface.com.br\/wp-content\/uploads\/2023\/08\/img_9174.jpg\" class=\"wp-image-17919\" srcset=\"https:\/\/mlbfrsat7ahr.i.optimole.com\/w:1024\/h:646\/q:mauto\/ig:avif\/https:\/\/noticiasnoface.com.br\/wp-content\/uploads\/2023\/08\/img_9174.jpg 1024w, https:\/\/mlbfrsat7ahr.i.optimole.com\/w:300\/h:189\/q:mauto\/ig:avif\/https:\/\/noticiasnoface.com.br\/wp-content\/uploads\/2023\/08\/img_9174.jpg 300w, https:\/\/mlbfrsat7ahr.i.optimole.com\/w:768\/h:485\/q:mauto\/ig:avif\/https:\/\/noticiasnoface.com.br\/wp-content\/uploads\/2023\/08\/img_9174.jpg 768w, https:\/\/mlbfrsat7ahr.i.optimole.com\/w:1536\/h:970\/q:mauto\/ig:avif\/https:\/\/noticiasnoface.com.br\/wp-content\/uploads\/2023\/08\/img_9174.jpg 1536w, https:\/\/mlbfrsat7ahr.i.optimole.com\/w:1600\/h:1010\/q:mauto\/ig:avif\/https:\/\/noticiasnoface.com.br\/wp-content\/uploads\/2023\/08\/img_9174.jpg 1600w\" sizes=\"(max-width: 1000px) 100vw, 1000px\" \/><figcaption class=\"wp-element-caption\">Durante a sess\u00e3o ordin\u00e1ria desta quarta-feira (09), a C\u00e2mara Municipal de Natal aprovou, em segunda discuss\u00e3o, o Projeto de Lei n\u00b0 188\/2021 de autoria do vereador Raniere Barbosa (Avante) que estabelece diretrizes para o aprimoramento da Educa\u00e7\u00e3o Especial, por meio das \u201crodas de conversas integradas\u201d, que ser\u00e3o realizadas com a finalidade de apoiar os estudantes com defici\u00eancia e seus familiares na inclus\u00e3o escolar, no \u00e2mbito do sistema p\u00fablico de Ensino da Educa\u00e7\u00e3o B\u00e1sica da capital potiguar.<br>Pelo texto, ser\u00e1 admitida durante a realiza\u00e7\u00e3o das rodas de conversas integradas a participa\u00e7\u00e3o de fam\u00edlias e profissionais vinculados ao estabelecimento de ensino, sejam estes pais, familiares, professores, funcion\u00e1rios ou membros do Conselho Escolar, bem como profissionais que agreguem conhecimentos e esclarecimentos aos temas debatidos e entidades sociais que se fizerem participar voluntariamente. Elas t\u00eam a finalidade de: abordar a problem\u00e1tica da aprendizagem inclusiva e da acessibilidade assegurada no cotidiano escolar; ouvir e encaminhar as preocupa\u00e7\u00f5es e sugest\u00f5es dos pais e familiares, pertinentes ao desenvolvimento dos atendimentos educacionais especializados, entre outros pontos.<br>&#8220;A proposi\u00e7\u00e3o aprimora o Estatuto da Pessoa com Defici\u00eancia, que assegura que a educa\u00e7\u00e3o constitui direito da pessoa com defici\u00eancia, assegurado sistema educacional inclusivo em todos os n\u00edveis e aprendizado ao longo de toda a vida, de forma a alcan\u00e7ar o m\u00e1ximo desenvolvimento poss\u00edvel de seus talentos e habilidades f\u00edsicas, sensoriais, intelectuais e sociais, segundo suas caracter\u00edsticas, interesses e necessidades de aprendizagem&#8221;, afirmou Raniere Barbosa.<br>Em seguida, recebeu parecer favor\u00e1vel, tamb\u00e9m em segunda discuss\u00e3o, o PL 666\/2021 que disp\u00f5e sobre log\u00edstica reversa de descartes de copos, pratos e talheres de pl\u00e1stico. Apresentada pelo vereador Rob\u00e9rio Paulino (PSOL), a mat\u00e9ria pretende ser um instrumento de desenvolvimento econ\u00f4mico e social caracterizado pelo conjunto de a\u00e7\u00f5es, procedimentos e meios destinados a viabilizar a coleta destes materiais, assim como outros recipientes confeccionados em material pl\u00e1stico ao setor empresarial, para reaproveitamento, em seu ciclo ou em outros ciclos produtivos, ou outra destina\u00e7\u00e3o final ambientalmente adequada.<br>&#8220;A proposta que encaminhamos est\u00e1 alicer\u00e7ada na Constitui\u00e7\u00e3o Federal, em especial no artigo 225, que garante aos cidad\u00e3os o direito ao meio ambiente ecologicamente equilibrado, impondo-se ao Poder P\u00fablico e \u00e0 coletividade o dever de defend\u00ea-lo e preserv\u00e1-lo para as presentes e futuras gera\u00e7\u00f5es. Embora j\u00e1 exista a Lei Municipal n\u00b0 6693 que trata do descarte de res\u00edduos s\u00f3lidos, a lei que acabamos de aprovar vem complementar e aperfei\u00e7oar a legisla\u00e7\u00e3o j\u00e1 existente que trata de forma generalizada sobre o fim dado ao lixo local&#8221;, justificou Rob\u00e9rio Paulino.<br>Outros dois textos em segunda discuss\u00e3o foram acatados pelo plen\u00e1rio: PL 425\/2023, da vereadora Brisa Bracchi (PT), disp\u00f5e sobre o reconhecimento da Utilidade P\u00fablica Municipal da Associa\u00e7\u00e3o Meu Sonho de Bal\u00e9 e o PL 774\/2021, do ex-vereador Pedro Gorki, que cria o Conselho de Desenvolvimento e Participa\u00e7\u00e3o da Comunidade Negra do munic\u00edpio.<br>Texto: Junior Martins<br>Fotos: Elp\u00eddio J\u00fanior<\/figcaption><\/figure>\n","protected":false},"excerpt":{"rendered":"","protected":false},"author":1,"featured_media":0,"comment_status":"open","ping_status":"open","sticky":false,"template":"","format":"standard","meta":{"site-sidebar-layout":"default","site-content-layout":"","ast-site-content-layout":"default","site-content-style":"default","site-sidebar-style":"default","ast-global-header-display":"","ast-banner-title-visibility":"","ast-main-header-display":"","ast-hfb-above-header-display":"","ast-hfb-below-header-display":"","ast-hfb-mobile-header-display":"","site-post-title":"","ast-breadcrumbs-content":"","ast-featured-img":"","footer-sml-layout":"","ast-disable-related-posts":"","theme-transparent-header-meta":"","adv-header-id-meta":"","stick-header-meta":"","header-above-stick-meta":"","header-main-stick-meta":"","header-below-stick-meta":"","astra-migrate-meta-layouts":"default","ast-page-background-enabled":"default","ast-page-background-meta":{"desktop":{"background-color":"var(--ast-global-color-4)","background-image":"","background-repeat":"repeat","background-position":"center center","background-size":"auto","background-attachment":"scroll","background-type":"","background-media":"","overlay-type":"","overlay-color":"","overlay-opacity":"","overlay-gradient":""},"tablet":{"background-color":"","background-image":"","background-repeat":"repeat","background-position":"center center","background-size":"auto","background-attachment":"scroll","background-type":"","background-media":"","overlay-type":"","overlay-color":"","overlay-opacity":"","overlay-gradient":""},"mobile":{"background-color":"","background-image":"","background-repeat":"repeat","background-position":"center center","background-size":"auto","background-attachment":"scroll","background-type":"","background-media":"","overlay-type":"","overlay-color":"","overlay-opacity":"","overlay-gradient":""}},"ast-content-background-meta":{"desktop":{"background-color":"var(--ast-global-color-5)","background-image":"","background-repeat":"repeat","background-position":"center center","background-size":"auto","background-attachment":"scroll","background-type":"","background-media":"","overlay-type":"","overlay-color":"","overlay-opacity":"","overlay-gradient":""},"tablet":{"background-color":"var(--ast-global-color-5)","background-image":"","background-repeat":"repeat","background-position":"center center","background-size":"auto","background-attachment":"scroll","background-type":"","background-media":"","overlay-type":"","overlay-color":"","overlay-opacity":"","overlay-gradient":""},"mobile":{"background-color":"var(--ast-global-color-5)","background-image":"","background-repeat":"repeat","background-position":"center center","background-size":"auto","background-attachment":"scroll","background-type":"","background-media":"","overlay-type":"","overlay-color":"","overlay-opacity":"","overlay-gradient":""}},"footnotes":""},"categories":[517],"tags":[],"class_list":["post-17920","post","type-post","status-publish","format-standard","hentry","category-aconteceu"],"_links":{"self":[{"href":"https:\/\/noticiasnoface.com.br\/index.php\/wp-json\/wp\/v2\/posts\/17920","targetHints":{"allow":["GET"]}}],"collection":[{"href":"https:\/\/noticiasnoface.com.br\/index.php\/wp-json\/wp\/v2\/posts"}],"about":[{"href":"https:\/\/noticiasnoface.com.br\/index.php\/wp-json\/wp\/v2\/types\/post"}],"author":[{"embeddable":true,"href":"https:\/\/noticiasnoface.com.br\/index.php\/wp-json\/wp\/v2\/users\/1"}],"replies":[{"embeddable":true,"href":"https:\/\/noticiasnoface.com.br\/index.php\/wp-json\/wp\/v2\/comments?post=17920"}],"version-history":[{"count":1,"href":"https:\/\/noticiasnoface.com.br\/index.php\/wp-json\/wp\/v2\/posts\/17920\/revisions"}],"predecessor-version":[{"id":17921,"href":"https:\/\/noticiasnoface.com.br\/index.php\/wp-json\/wp\/v2\/posts\/17920\/revisions\/17921"}],"wp:attachment":[{"href":"https:\/\/noticiasnoface.com.br\/index.php\/wp-json\/wp\/v2\/media?parent=17920"}],"wp:term":[{"taxonomy":"category","embeddable":true,"href":"https:\/\/noticiasnoface.com.br\/index.php\/wp-json\/wp\/v2\/categories?post=17920"},{"taxonomy":"post_tag","embeddable":true,"href":"https:\/\/noticiasnoface.com.br\/index.php\/wp-json\/wp\/v2\/tags?post=17920"}],"curies":[{"name":"wp","href":"https:\/\/api.w.org\/{rel}","templated":true}]}}