{"id":17966,"date":"2023-08-12T23:19:11","date_gmt":"2023-08-13T02:19:11","guid":{"rendered":"https:\/\/noticiasnoface.com.br\/?p=17966"},"modified":"2023-08-12T23:19:12","modified_gmt":"2023-08-13T02:19:12","slug":"cmn-entrega-titulo-de-cidadao-a-diretor-da-confederacao-nacional-do-comercio","status":"publish","type":"post","link":"https:\/\/noticiasnoface.com.br\/index.php\/2023\/08\/12\/cmn-entrega-titulo-de-cidadao-a-diretor-da-confederacao-nacional-do-comercio\/","title":{"rendered":"CMN entrega T\u00edtulo de Cidad\u00e3o a diretor da Confedera\u00e7\u00e3o Nacional do Com\u00e9rcio"},"content":{"rendered":"\n<figure class=\"wp-block-image size-large\"><img data-opt-id=203159142  fetchpriority=\"high\" decoding=\"async\" width=\"1024\" height=\"815\" src=\"https:\/\/mlbfrsat7ahr.i.optimole.com\/w:1024\/h:815\/q:mauto\/ig:avif\/https:\/\/noticiasnoface.com.br\/wp-content\/uploads\/2023\/08\/img_9299.jpg\" class=\"wp-image-17965\" srcset=\"https:\/\/mlbfrsat7ahr.i.optimole.com\/w:1024\/h:815\/q:mauto\/ig:avif\/https:\/\/noticiasnoface.com.br\/wp-content\/uploads\/2023\/08\/img_9299.jpg 1024w, https:\/\/mlbfrsat7ahr.i.optimole.com\/w:300\/h:239\/q:mauto\/ig:avif\/https:\/\/noticiasnoface.com.br\/wp-content\/uploads\/2023\/08\/img_9299.jpg 300w, https:\/\/mlbfrsat7ahr.i.optimole.com\/w:768\/h:611\/q:mauto\/ig:avif\/https:\/\/noticiasnoface.com.br\/wp-content\/uploads\/2023\/08\/img_9299.jpg 768w, https:\/\/mlbfrsat7ahr.i.optimole.com\/w:1144\/h:910\/q:mauto\/ig:avif\/https:\/\/noticiasnoface.com.br\/wp-content\/uploads\/2023\/08\/img_9299.jpg 1144w\" sizes=\"(max-width: 1000px) 100vw, 1000px\" \/><figcaption class=\"wp-element-caption\">Na noite dessa quinta-feira (10), a C\u00e2mara Municipal de Natal entregou t\u00edtulo de cidadania ao presidente do Sistema Fecom\u00e9rcio do Estado do Amap\u00e1 e diretor financeiro da Confedera\u00e7\u00e3o Nacional do Com\u00e9rcio, Ladislao Monte. A entrega foi durante jantar oferecido pela Fecomercio RN, no Espa\u00e7o Guinza, por ocasi\u00e3o do 38\u00b0 Congresso Nacional de Sindicatos Empresariais, que re\u00fane representantes de todas as Federa\u00e7\u00f5es e da Confedera\u00e7\u00e3o do Com\u00e9rcio na capital potiguar. <br>O T\u00edtulo de Cidad\u00e3o Natalense do empres\u00e1rio Ladislao Pedroso Monte foi proposto pelo vereador Anderson Lopes (Solidariedade), atrav\u00e9s do Projeto de Decreto Legislativo 43\/2023, aprovado no \u00faltimo dia 27 de junho. O propositor justificou que o homenageado \u201cdesempenhou fun\u00e7\u00e3o essencial para o Munic\u00edpio, bem como possui rela\u00e7\u00e3o de longa data com Natal\u201d. \u201cA partir dos fortes la\u00e7os familiares que possui com a cidade, ele intitula-se um \u201cnatalense de cora\u00e7\u00e3o\u201d\u201d, afirmou o vereador na justificativa do PDL.<br>Anderson Lopes ressaltou  que, al\u00e9m de possui resid\u00eancia e investimentos imobili\u00e1rios em Natal, na condi\u00e7\u00e3o de diretor financeiro da CNC, Ladislao Monte teve papel de fundamental import\u00e2ncia na aprova\u00e7\u00e3o de investimentos pelo Sistema Fecom\u00e9rcio, Sesc e Senac para o Rio Grande do Norte, contribuindo sobremaneira para viabilizar o aporte de recursos, destinados \u00e0 reforma, moderniza\u00e7\u00e3o e amplia\u00e7\u00e3o de unidades, especialmente em Natal, para o atendimento a comerci\u00e1rios, empreendedores e popula\u00e7\u00e3o em geral.<br>O vereador Kleber Fernandes (PSDB) representou a presid\u00eancia da casa no dispositivo de autoridades, composto tamb\u00e9m pelo propositor da homenagem, pelo presidente da Fecom\u00e9rcio RN, Marcelo Queiroz, pelo presidente da Confedera\u00e7\u00e3o Nacional do Com\u00e9rcio de Bens, Servi\u00e7os e Turismo (CNC), Jos\u00e9 Roberto Tadros, pela vereadora Camila Ara\u00fajo (Uni\u00e3o Brasil) e pelos vereadores Felipe Alves (Uni\u00e3o Brasil) e Hermes C\u00e2mara (PTB). <br>\u201cPara mim \u00e9 uma Alegria imensa poder estar recebendo o T\u00edtulo de Cidad\u00e3o Natalense. Sou casado com uma potiguar h\u00e1 15 anos e tenho resid\u00eancia pr\u00f3pria aqui, onde fiz muitas amizades. Natal \u00e9 uma cidade tur\u00edstica de grande import\u00e2ncia para o turismo do Nordeste e eu fico muito feliz e lisonjeado em hoje estar me tornando cidad\u00e3o natalense\u201d, agradeceu o homenageado. <br>Durante o evento, a Academia Norte-riograndense de Letras entregou t\u00edtulo de s\u00f3cio de honra da entidade ao presidente da (CNC), Jos\u00e9 Roberto Tadros, que \u00e9 imortal na Academia Amazonense de Letras.<br>Texto: Albuquerque <br>Fotos: Ver\u00f4nica Mac\u00eado<\/figcaption><\/figure>\n\n\n\n<p><\/p>\n","protected":false},"excerpt":{"rendered":"","protected":false},"author":1,"featured_media":0,"comment_status":"open","ping_status":"open","sticky":false,"template":"","format":"standard","meta":{"site-sidebar-layout":"default","site-content-layout":"","ast-site-content-layout":"default","site-content-style":"default","site-sidebar-style":"default","ast-global-header-display":"","ast-banner-title-visibility":"","ast-main-header-display":"","ast-hfb-above-header-display":"","ast-hfb-below-header-display":"","ast-hfb-mobile-header-display":"","site-post-title":"","ast-breadcrumbs-content":"","ast-featured-img":"","footer-sml-layout":"","ast-disable-related-posts":"","theme-transparent-header-meta":"","adv-header-id-meta":"","stick-header-meta":"","header-above-stick-meta":"","header-main-stick-meta":"","header-below-stick-meta":"","astra-migrate-meta-layouts":"default","ast-page-background-enabled":"default","ast-page-background-meta":{"desktop":{"background-color":"var(--ast-global-color-4)","background-image":"","background-repeat":"repeat","background-position":"center center","background-size":"auto","background-attachment":"scroll","background-type":"","background-media":"","overlay-type":"","overlay-color":"","overlay-opacity":"","overlay-gradient":""},"tablet":{"background-color":"","background-image":"","background-repeat":"repeat","background-position":"center center","background-size":"auto","background-attachment":"scroll","background-type":"","background-media":"","overlay-type":"","overlay-color":"","overlay-opacity":"","overlay-gradient":""},"mobile":{"background-color":"","background-image":"","background-repeat":"repeat","background-position":"center center","background-size":"auto","background-attachment":"scroll","background-type":"","background-media":"","overlay-type":"","overlay-color":"","overlay-opacity":"","overlay-gradient":""}},"ast-content-background-meta":{"desktop":{"background-color":"var(--ast-global-color-5)","background-image":"","background-repeat":"repeat","background-position":"center center","background-size":"auto","background-attachment":"scroll","background-type":"","background-media":"","overlay-type":"","overlay-color":"","overlay-opacity":"","overlay-gradient":""},"tablet":{"background-color":"var(--ast-global-color-5)","background-image":"","background-repeat":"repeat","background-position":"center center","background-size":"auto","background-attachment":"scroll","background-type":"","background-media":"","overlay-type":"","overlay-color":"","overlay-opacity":"","overlay-gradient":""},"mobile":{"background-color":"var(--ast-global-color-5)","background-image":"","background-repeat":"repeat","background-position":"center center","background-size":"auto","background-attachment":"scroll","background-type":"","background-media":"","overlay-type":"","overlay-color":"","overlay-opacity":"","overlay-gradient":""}},"footnotes":""},"categories":[517],"tags":[],"class_list":["post-17966","post","type-post","status-publish","format-standard","hentry","category-aconteceu"],"_links":{"self":[{"href":"https:\/\/noticiasnoface.com.br\/index.php\/wp-json\/wp\/v2\/posts\/17966","targetHints":{"allow":["GET"]}}],"collection":[{"href":"https:\/\/noticiasnoface.com.br\/index.php\/wp-json\/wp\/v2\/posts"}],"about":[{"href":"https:\/\/noticiasnoface.com.br\/index.php\/wp-json\/wp\/v2\/types\/post"}],"author":[{"embeddable":true,"href":"https:\/\/noticiasnoface.com.br\/index.php\/wp-json\/wp\/v2\/users\/1"}],"replies":[{"embeddable":true,"href":"https:\/\/noticiasnoface.com.br\/index.php\/wp-json\/wp\/v2\/comments?post=17966"}],"version-history":[{"count":1,"href":"https:\/\/noticiasnoface.com.br\/index.php\/wp-json\/wp\/v2\/posts\/17966\/revisions"}],"predecessor-version":[{"id":17967,"href":"https:\/\/noticiasnoface.com.br\/index.php\/wp-json\/wp\/v2\/posts\/17966\/revisions\/17967"}],"wp:attachment":[{"href":"https:\/\/noticiasnoface.com.br\/index.php\/wp-json\/wp\/v2\/media?parent=17966"}],"wp:term":[{"taxonomy":"category","embeddable":true,"href":"https:\/\/noticiasnoface.com.br\/index.php\/wp-json\/wp\/v2\/categories?post=17966"},{"taxonomy":"post_tag","embeddable":true,"href":"https:\/\/noticiasnoface.com.br\/index.php\/wp-json\/wp\/v2\/tags?post=17966"}],"curies":[{"name":"wp","href":"https:\/\/api.w.org\/{rel}","templated":true}]}}