{"id":18426,"date":"2023-08-30T12:58:38","date_gmt":"2023-08-30T15:58:38","guid":{"rendered":"https:\/\/noticiasnoface.com.br\/?p=18426"},"modified":"2023-08-30T12:58:38","modified_gmt":"2023-08-30T15:58:38","slug":"deputado-coronel-azevedo-anuncia-candidatura-a-prefeito-de-parnamirim","status":"publish","type":"post","link":"https:\/\/noticiasnoface.com.br\/index.php\/2023\/08\/30\/deputado-coronel-azevedo-anuncia-candidatura-a-prefeito-de-parnamirim\/","title":{"rendered":"DEPUTADO CORONEL AZEVEDO ANUNCIA CANDIDATURA A PREFEITO DE PARNAMIRIM"},"content":{"rendered":"\n<figure class=\"wp-block-image size-large\"><img data-opt-id=484967595  fetchpriority=\"high\" decoding=\"async\" width=\"1024\" height=\"1024\" src=\"https:\/\/mlbfrsat7ahr.i.optimole.com\/w:1024\/h:1024\/q:mauto\/ig:avif\/https:\/\/noticiasnoface.com.br\/wp-content\/uploads\/2023\/08\/photo-output-127.jpg\" class=\"wp-image-18425\" srcset=\"https:\/\/mlbfrsat7ahr.i.optimole.com\/w:1024\/h:1024\/q:mauto\/ig:avif\/https:\/\/noticiasnoface.com.br\/wp-content\/uploads\/2023\/08\/photo-output-127.jpg 1024w, https:\/\/mlbfrsat7ahr.i.optimole.com\/w:300\/h:300\/q:mauto\/ig:avif\/https:\/\/noticiasnoface.com.br\/wp-content\/uploads\/2023\/08\/photo-output-127.jpg 300w, https:\/\/mlbfrsat7ahr.i.optimole.com\/w:150\/h:150\/q:mauto\/ig:avif\/https:\/\/noticiasnoface.com.br\/wp-content\/uploads\/2023\/08\/photo-output-127.jpg 150w, https:\/\/mlbfrsat7ahr.i.optimole.com\/w:768\/h:768\/q:mauto\/ig:avif\/https:\/\/noticiasnoface.com.br\/wp-content\/uploads\/2023\/08\/photo-output-127.jpg 768w, https:\/\/mlbfrsat7ahr.i.optimole.com\/w:1080\/h:1080\/q:mauto\/ig:avif\/https:\/\/noticiasnoface.com.br\/wp-content\/uploads\/2023\/08\/photo-output-127.jpg 1536w, https:\/\/mlbfrsat7ahr.i.optimole.com\/w:600\/h:600\/q:mauto\/ig:avif\/https:\/\/noticiasnoface.com.br\/wp-content\/uploads\/2023\/08\/photo-output-127.jpg 600w, https:\/\/mlbfrsat7ahr.i.optimole.com\/w:1080\/h:1080\/q:mauto\/ig:avif\/https:\/\/noticiasnoface.com.br\/wp-content\/uploads\/2023\/08\/photo-output-127.jpg 2048w\" sizes=\"(max-width: 1000px) 100vw, 1000px\" \/><figcaption class=\"wp-element-caption\">Ex-comandante da PM e atual deputado entra na disputa eleitoral, prometendo novas abordagens para os desafios da cidade.<br>Em um movimento que promete agitar o cen\u00e1rio pol\u00edtico local, o Deputado Coronel Azevedo, ex-comandante da Pol\u00edcia Militar do Rio Grande do Norte, comunicou ao senador Rog\u00e9rio Marinho sua decis\u00e3o de candidatar-se ao cargo de prefeito de Parnamirim. A not\u00edcia abre espa\u00e7o para um novo cap\u00edtulo na pol\u00edtica da cidade e levanta quest\u00f5es sobre as estrat\u00e9gias que Azevedo trar\u00e1 para a campanha eleitoral.<br>Azevedo, que atualmente exerce o cargo de deputado, traz consigo a experi\u00eancia de sua carreira militar e as perspectivas que obteve como legislador. Sua entrada na corrida eleitoral introduz uma abordagem diferenciada aos desafios enfrentados pela cidade, combinando sua familiaridade com quest\u00f5es de seguran\u00e7a p\u00fablica e suas contribui\u00e7\u00f5es para o cen\u00e1rio legislativo.<br>O senador Rog\u00e9rio Marinho, uma figura de destaque no cen\u00e1rio pol\u00edtico potiguar atual Presidente Estadual do PL, recebeu a comunica\u00e7\u00e3o da candidatura de Azevedo. A intera\u00e7\u00e3o entre os dois pol\u00edticos pode desempenhar um papel determinante na trajet\u00f3ria eleitoral do Deputado, uma vez que Marinho possui uma rede influente de conex\u00f5es pol\u00edticas e um hist\u00f3rico de apoio a candidatos locais.<br>Parnamirim, munic\u00edpio que faz parte da regi\u00e3o metropolitana de Natal, enfrenta desafios multifacetados que v\u00e3o desde o desenvolvimento urbano at\u00e9 a qualidade dos servi\u00e7os p\u00fablicos. A candidatura do Deputado Coronel Azevedo adiciona uma nova dimens\u00e3o \u00e0 corrida eleitoral, j\u00e1 que sua plataforma promete solu\u00e7\u00f5es frescas e uma abordagem din\u00e2mica para enfrentar esses desafios.<br>Com o an\u00fancio oficial da candidatura, os olhos da popula\u00e7\u00e3o de Parnamirim agora est\u00e3o voltados para as propostas detalhadas que o Deputado trar\u00e1 para a cidade. \u00c0 medida que a campanha se desenrola, \u00e9 esperado que outros candidatos tamb\u00e9m revelem suas plataformas, criando um panorama competitivo e variado na busca pelo posto de prefeito.<br>\u00c0 medida que o processo eleitoral avan\u00e7a, ser\u00e1 interessante observar como o Deputado Coronel Azevedo mobiliza seus apoiadores, articula suas estrat\u00e9gias e responde aos desafios que naturalmente surgem em uma disputa eleitoral. A cena pol\u00edtica local se prepara para uma campanha eleitoral empolgante e cheia de reviravoltas.<\/figcaption><\/figure>\n","protected":false},"excerpt":{"rendered":"","protected":false},"author":1,"featured_media":0,"comment_status":"open","ping_status":"open","sticky":false,"template":"","format":"standard","meta":{"site-sidebar-layout":"default","site-content-layout":"","ast-site-content-layout":"default","site-content-style":"default","site-sidebar-style":"default","ast-global-header-display":"","ast-banner-title-visibility":"","ast-main-header-display":"","ast-hfb-above-header-display":"","ast-hfb-below-header-display":"","ast-hfb-mobile-header-display":"","site-post-title":"","ast-breadcrumbs-content":"","ast-featured-img":"","footer-sml-layout":"","ast-disable-related-posts":"","theme-transparent-header-meta":"","adv-header-id-meta":"","stick-header-meta":"","header-above-stick-meta":"","header-main-stick-meta":"","header-below-stick-meta":"","astra-migrate-meta-layouts":"default","ast-page-background-enabled":"default","ast-page-background-meta":{"desktop":{"background-color":"var(--ast-global-color-4)","background-image":"","background-repeat":"repeat","background-position":"center center","background-size":"auto","background-attachment":"scroll","background-type":"","background-media":"","overlay-type":"","overlay-color":"","overlay-opacity":"","overlay-gradient":""},"tablet":{"background-color":"","background-image":"","background-repeat":"repeat","background-position":"center center","background-size":"auto","background-attachment":"scroll","background-type":"","background-media":"","overlay-type":"","overlay-color":"","overlay-opacity":"","overlay-gradient":""},"mobile":{"background-color":"","background-image":"","background-repeat":"repeat","background-position":"center center","background-size":"auto","background-attachment":"scroll","background-type":"","background-media":"","overlay-type":"","overlay-color":"","overlay-opacity":"","overlay-gradient":""}},"ast-content-background-meta":{"desktop":{"background-color":"var(--ast-global-color-5)","background-image":"","background-repeat":"repeat","background-position":"center center","background-size":"auto","background-attachment":"scroll","background-type":"","background-media":"","overlay-type":"","overlay-color":"","overlay-opacity":"","overlay-gradient":""},"tablet":{"background-color":"var(--ast-global-color-5)","background-image":"","background-repeat":"repeat","background-position":"center center","background-size":"auto","background-attachment":"scroll","background-type":"","background-media":"","overlay-type":"","overlay-color":"","overlay-opacity":"","overlay-gradient":""},"mobile":{"background-color":"var(--ast-global-color-5)","background-image":"","background-repeat":"repeat","background-position":"center center","background-size":"auto","background-attachment":"scroll","background-type":"","background-media":"","overlay-type":"","overlay-color":"","overlay-opacity":"","overlay-gradient":""}},"footnotes":""},"categories":[517],"tags":[],"class_list":["post-18426","post","type-post","status-publish","format-standard","hentry","category-aconteceu"],"_links":{"self":[{"href":"https:\/\/noticiasnoface.com.br\/index.php\/wp-json\/wp\/v2\/posts\/18426","targetHints":{"allow":["GET"]}}],"collection":[{"href":"https:\/\/noticiasnoface.com.br\/index.php\/wp-json\/wp\/v2\/posts"}],"about":[{"href":"https:\/\/noticiasnoface.com.br\/index.php\/wp-json\/wp\/v2\/types\/post"}],"author":[{"embeddable":true,"href":"https:\/\/noticiasnoface.com.br\/index.php\/wp-json\/wp\/v2\/users\/1"}],"replies":[{"embeddable":true,"href":"https:\/\/noticiasnoface.com.br\/index.php\/wp-json\/wp\/v2\/comments?post=18426"}],"version-history":[{"count":1,"href":"https:\/\/noticiasnoface.com.br\/index.php\/wp-json\/wp\/v2\/posts\/18426\/revisions"}],"predecessor-version":[{"id":18427,"href":"https:\/\/noticiasnoface.com.br\/index.php\/wp-json\/wp\/v2\/posts\/18426\/revisions\/18427"}],"wp:attachment":[{"href":"https:\/\/noticiasnoface.com.br\/index.php\/wp-json\/wp\/v2\/media?parent=18426"}],"wp:term":[{"taxonomy":"category","embeddable":true,"href":"https:\/\/noticiasnoface.com.br\/index.php\/wp-json\/wp\/v2\/categories?post=18426"},{"taxonomy":"post_tag","embeddable":true,"href":"https:\/\/noticiasnoface.com.br\/index.php\/wp-json\/wp\/v2\/tags?post=18426"}],"curies":[{"name":"wp","href":"https:\/\/api.w.org\/{rel}","templated":true}]}}