{"id":18517,"date":"2023-09-03T19:36:28","date_gmt":"2023-09-03T22:36:28","guid":{"rendered":"https:\/\/noticiasnoface.com.br\/?p=18517"},"modified":"2023-09-03T19:36:29","modified_gmt":"2023-09-03T22:36:29","slug":"joao-gomes-fala-apos-ser-acusado-de-agredir-primo-de-13-anos","status":"publish","type":"post","link":"https:\/\/noticiasnoface.com.br\/index.php\/2023\/09\/03\/joao-gomes-fala-apos-ser-acusado-de-agredir-primo-de-13-anos\/","title":{"rendered":"Jo\u00e3o Gomes fala ap\u00f3s ser acusado de agredir primo de 13 anos"},"content":{"rendered":"\n<figure class=\"wp-block-image size-large\"><img data-opt-id=1693762800  fetchpriority=\"high\" decoding=\"async\" width=\"1024\" height=\"574\" src=\"https:\/\/mlbfrsat7ahr.i.optimole.com\/w:1024\/h:574\/q:mauto\/ig:avif\/https:\/\/noticiasnoface.com.br\/wp-content\/uploads\/2023\/09\/photo-output-7.jpg\" class=\"wp-image-18516\" srcset=\"https:\/\/mlbfrsat7ahr.i.optimole.com\/w:1024\/h:574\/q:mauto\/ig:avif\/https:\/\/noticiasnoface.com.br\/wp-content\/uploads\/2023\/09\/photo-output-7.jpg 1024w, https:\/\/mlbfrsat7ahr.i.optimole.com\/w:300\/h:168\/q:mauto\/ig:avif\/https:\/\/noticiasnoface.com.br\/wp-content\/uploads\/2023\/09\/photo-output-7.jpg 300w, https:\/\/mlbfrsat7ahr.i.optimole.com\/w:768\/h:431\/q:mauto\/ig:avif\/https:\/\/noticiasnoface.com.br\/wp-content\/uploads\/2023\/09\/photo-output-7.jpg 768w, https:\/\/mlbfrsat7ahr.i.optimole.com\/w:1536\/h:861\/q:mauto\/ig:avif\/https:\/\/noticiasnoface.com.br\/wp-content\/uploads\/2023\/09\/photo-output-7.jpg 1536w, https:\/\/mlbfrsat7ahr.i.optimole.com\/w:1920\/h:1076\/q:mauto\/ig:avif\/https:\/\/noticiasnoface.com.br\/wp-content\/uploads\/2023\/09\/photo-output-7.jpg 2048w\" sizes=\"(max-width: 1000px) 100vw, 1000px\" \/><figcaption class=\"wp-element-caption\"><a href=\"https:\/\/hugogloss.uol.com.br\/tag\/joao-gomes\" target=\"_blank\" rel=\"noopener\">Jo\u00e3o Gomes<\/a> se pronunciou sobre as acusa\u00e7\u00f5es de que teria <a href=\"https:\/\/hugogloss.uol.com.br\/tag\/agressao\" target=\"_blank\" rel=\"noopener\">agredido<\/a> um primo de 13 anos. Na manh\u00e3 deste s\u00e1bado (02), o perfil Subcelebrities divulgou o boletim de ocorr\u00eancia feito pela prima dele, m\u00e3e do garoto, alegando maus-tratos.<br>De acordo com o documento, a mo\u00e7a afirma que o adolescente foi agredido por Gomes e um amigo enquanto ainda morava com o artista. Ela tamb\u00e9m argumentou que o menino teria sido submetido a condi\u00e7\u00f5es humilhantes. <em>\u201cMeu filho estava sendo deixado na companhia de outra pessoa, que o tratava de forma desumana, privando-o de alimenta\u00e7\u00e3o adequada e obrigando-o a acordar nas condi\u00e7\u00f5es mais adversas para lev\u00e1-lo \u00e0 escola. Jo\u00e3o tinha conhecimento disso e nada foi feito\u201d<\/em>, relatou.<br>Continua depois da Publicidade<br>A mulher acrescenta que deixou o filho sob os cuidados de Jo\u00e3o para que pudesse ter uma vida mais confort\u00e1vel. Entretanto, segundo ela, os casos de viol\u00eancia teriam acontecido outras vezes. <em>\u201cFiquei ciente de outra ocasi\u00e3o anterior, na qual n\u00e3o houve evid\u00eancias vis\u00edveis\u201d<\/em>, disse. Em um \u00e1udio divulgado pela m\u00e3e, o menino pede para que o artista n\u00e3o o deixe sob os cuidados de uma pessoa identificada como Matusa.<br>Leia tamb\u00e9m<br><a href=\"https:\/\/hugogloss.uol.com.br\/famosos\/kayky-brito-policia-relata-como-se-deu-acidente-de-carro-amigo-atualiza-quadro-do-ator\/\" target=\"_blank\" rel=\"noreferrer noopener\">Kayky Brito: Pol\u00edcia relata como se deu acidente de carro; amigo atualiza quadro do ator<\/a><br><a href=\"https:\/\/hugogloss.uol.com.br\/famosos\/prima-de-rihanna-morre-aos-28-anos-numa-sequencia-de-perdas\/\" target=\"_blank\" rel=\"noreferrer noopener\">Prima de Rihanna morre aos 28 anos numa sequ\u00eancia de perdas<\/a><br><em>\u201cEstou indo bem na escola, pode perguntar. S\u00f3 n\u00e3o quero que ele cuide de mim, pode ser qualquer outra pessoa, menos Matusa. Eu prefiro Leleo, confio mais nele\u201d<\/em>, diz o primo de 13 anos. Contudo, a voz de \u201c<a href=\"https:\/\/hugogloss.uol.com.br\/tag\/dengo\" target=\"_blank\" rel=\"noopener\">Dengo<\/a>\u201d teria enfatizado sua confian\u00e7a nas pessoas citadas pelo menino.<br>Ainda de acordo com o perfil, a m\u00e3e do jovem pontuou que o cantor tentou contato v\u00e1rias vezes ao saber que ela tinha a inten\u00e7\u00e3o de denunci\u00e1-lo. Ela alegou que, por motivos emocionais, optou por n\u00e3o estabelecer comunica\u00e7\u00e3o direta com o parente. A mo\u00e7a ainda recordou uma outra ocasi\u00e3o, alegando que Jo\u00e3o Gomes agrediu o adolescente na presen\u00e7a da av\u00f3, que suplicou pelo fim do ato. <em>\u201cSe n\u00e3o estava dando certo, era s\u00f3 devolver meu filho, e n\u00e3o fazer essa covardia\u201d<\/em>, concluiu. <br><strong>Cantor se pronuncia<\/strong><br>Em nota divulgada pela sua assessoria de imprensa, Jo\u00e3o Gomes se posicionou sobre o caso. O artista se disse surpreso e apontou uma \u201c<em>completa distor\u00e7\u00e3o da situa\u00e7\u00e3o com a realidade\u201d. <\/em>De acordo com o comunicado, o menino j\u00e1 vinha apresentando um comportamento agressivo, que extrapolava o admiss\u00edvel, e que por conta disso, Jo\u00e3o teria tomado a decis\u00e3o de que o primo voltasse a viver com os familiares dele.<br><em>\u201cConturba\u00e7\u00f5es na conviv\u00eancia e educa\u00e7\u00e3o do menor vinham ocorrendo, tanto no seio familiar, como na escola. O comportamento inapropriado e a agressividade do menor j\u00e1 extrapolava o admiss\u00edvel e a consequ\u00eancia do retorno do mesmo aos familiares era decis\u00e3o tomada\u201d, <\/em>relatou a equipe do artista.<br>Ainda de acordo com a nota, Jo\u00e3o Gomes aguardar\u00e1 as formalidades legais para prestar \u201c<em>todos os esclarecimentos porventura necess\u00e1rios\u201d. <\/em><strong>Leia a \u00edntegra:<\/strong><br><em>\u201cA equipe do artista Jo\u00e3o Gomes, toma conhecimento oficioso do fato veiculado em alguns perfis de redes sociais e vem a p\u00fablico pronunciar-se no \u00fanico objetivo de registrar surpresa, pois supostamente decorrente de familiares direto do menor, e destacar a completa distor\u00e7\u00e3o da situa\u00e7\u00e3o com a realidade.<\/em><br><em>Por respeito \u00e0 intimidade das partes e, principalmente, do menor, conturba\u00e7\u00f5es na conviv\u00eancia e educa\u00e7\u00e3o do menor vinham ocorrendo, tanto no seio familiar, como na escola.<\/em><br><em>O comportamento inapropriado e a agressividade do menor j\u00e1 extrapolava o admiss\u00edvel e a consequ\u00eancia do retorno do mesmo aos familiares era decis\u00e3o tomada.<\/em><br><em>Nesse contexto, a equipe de Jo\u00e3o Gomes registra que o artista e seus familiares aguardar\u00e3o as formalidades legais e o momento correto para prestar todos os esclarecimentos porventura necess\u00e1rios\u201d. <\/em><\/figcaption><\/figure>\n","protected":false},"excerpt":{"rendered":"","protected":false},"author":1,"featured_media":0,"comment_status":"open","ping_status":"open","sticky":false,"template":"","format":"standard","meta":{"site-sidebar-layout":"default","site-content-layout":"","ast-site-content-layout":"default","site-content-style":"default","site-sidebar-style":"default","ast-global-header-display":"","ast-banner-title-visibility":"","ast-main-header-display":"","ast-hfb-above-header-display":"","ast-hfb-below-header-display":"","ast-hfb-mobile-header-display":"","site-post-title":"","ast-breadcrumbs-content":"","ast-featured-img":"","footer-sml-layout":"","ast-disable-related-posts":"","theme-transparent-header-meta":"","adv-header-id-meta":"","stick-header-meta":"","header-above-stick-meta":"","header-main-stick-meta":"","header-below-stick-meta":"","astra-migrate-meta-layouts":"default","ast-page-background-enabled":"default","ast-page-background-meta":{"desktop":{"background-color":"var(--ast-global-color-4)","background-image":"","background-repeat":"repeat","background-position":"center center","background-size":"auto","background-attachment":"scroll","background-type":"","background-media":"","overlay-type":"","overlay-color":"","overlay-opacity":"","overlay-gradient":""},"tablet":{"background-color":"","background-image":"","background-repeat":"repeat","background-position":"center center","background-size":"auto","background-attachment":"scroll","background-type":"","background-media":"","overlay-type":"","overlay-color":"","overlay-opacity":"","overlay-gradient":""},"mobile":{"background-color":"","background-image":"","background-repeat":"repeat","background-position":"center center","background-size":"auto","background-attachment":"scroll","background-type":"","background-media":"","overlay-type":"","overlay-color":"","overlay-opacity":"","overlay-gradient":""}},"ast-content-background-meta":{"desktop":{"background-color":"var(--ast-global-color-5)","background-image":"","background-repeat":"repeat","background-position":"center center","background-size":"auto","background-attachment":"scroll","background-type":"","background-media":"","overlay-type":"","overlay-color":"","overlay-opacity":"","overlay-gradient":""},"tablet":{"background-color":"var(--ast-global-color-5)","background-image":"","background-repeat":"repeat","background-position":"center center","background-size":"auto","background-attachment":"scroll","background-type":"","background-media":"","overlay-type":"","overlay-color":"","overlay-opacity":"","overlay-gradient":""},"mobile":{"background-color":"var(--ast-global-color-5)","background-image":"","background-repeat":"repeat","background-position":"center center","background-size":"auto","background-attachment":"scroll","background-type":"","background-media":"","overlay-type":"","overlay-color":"","overlay-opacity":"","overlay-gradient":""}},"footnotes":""},"categories":[517],"tags":[],"class_list":["post-18517","post","type-post","status-publish","format-standard","hentry","category-aconteceu"],"_links":{"self":[{"href":"https:\/\/noticiasnoface.com.br\/index.php\/wp-json\/wp\/v2\/posts\/18517","targetHints":{"allow":["GET"]}}],"collection":[{"href":"https:\/\/noticiasnoface.com.br\/index.php\/wp-json\/wp\/v2\/posts"}],"about":[{"href":"https:\/\/noticiasnoface.com.br\/index.php\/wp-json\/wp\/v2\/types\/post"}],"author":[{"embeddable":true,"href":"https:\/\/noticiasnoface.com.br\/index.php\/wp-json\/wp\/v2\/users\/1"}],"replies":[{"embeddable":true,"href":"https:\/\/noticiasnoface.com.br\/index.php\/wp-json\/wp\/v2\/comments?post=18517"}],"version-history":[{"count":1,"href":"https:\/\/noticiasnoface.com.br\/index.php\/wp-json\/wp\/v2\/posts\/18517\/revisions"}],"predecessor-version":[{"id":18518,"href":"https:\/\/noticiasnoface.com.br\/index.php\/wp-json\/wp\/v2\/posts\/18517\/revisions\/18518"}],"wp:attachment":[{"href":"https:\/\/noticiasnoface.com.br\/index.php\/wp-json\/wp\/v2\/media?parent=18517"}],"wp:term":[{"taxonomy":"category","embeddable":true,"href":"https:\/\/noticiasnoface.com.br\/index.php\/wp-json\/wp\/v2\/categories?post=18517"},{"taxonomy":"post_tag","embeddable":true,"href":"https:\/\/noticiasnoface.com.br\/index.php\/wp-json\/wp\/v2\/tags?post=18517"}],"curies":[{"name":"wp","href":"https:\/\/api.w.org\/{rel}","templated":true}]}}