{"id":18520,"date":"2023-09-03T19:46:07","date_gmt":"2023-09-03T22:46:07","guid":{"rendered":"https:\/\/noticiasnoface.com.br\/?p=18520"},"modified":"2023-09-03T19:46:07","modified_gmt":"2023-09-03T22:46:07","slug":"coronel-naime-e-transferido-para-papuda","status":"publish","type":"post","link":"https:\/\/noticiasnoface.com.br\/index.php\/2023\/09\/03\/coronel-naime-e-transferido-para-papuda\/","title":{"rendered":"Coronel Naime \u00e9 transferido para PAPUDA"},"content":{"rendered":"\n<figure class=\"wp-block-image size-large\"><img data-opt-id=1627479609  fetchpriority=\"high\" decoding=\"async\" width=\"300\" height=\"200\" src=\"https:\/\/mlbfrsat7ahr.i.optimole.com\/w:300\/h:200\/q:mauto\/ig:avif\/https:\/\/noticiasnoface.com.br\/wp-content\/uploads\/2023\/09\/img_0787.jpg\" class=\"wp-image-18519\" srcset=\"https:\/\/mlbfrsat7ahr.i.optimole.com\/w:300\/h:200\/q:mauto\/ig:avif\/https:\/\/noticiasnoface.com.br\/wp-content\/uploads\/2023\/09\/img_0787.jpg 300w, https:\/\/mlbfrsat7ahr.i.optimole.com\/w:768\/h:512\/q:mauto\/ig:avif\/https:\/\/noticiasnoface.com.br\/wp-content\/uploads\/2023\/09\/img_0787.jpg 768w, https:\/\/mlbfrsat7ahr.i.optimole.com\/w:960\/h:640\/q:mauto\/ig:avif\/https:\/\/noticiasnoface.com.br\/wp-content\/uploads\/2023\/09\/img_0787.jpg 960w\" sizes=\"(max-width: 300px) 100vw, 300px\" \/><figcaption class=\"wp-element-caption\">A defesa do ex-comandante de opera\u00e7\u00f5es da PMDF, coronel Naime, informou que o militar acaba de ser transferido da Academia de Pol\u00edcia Militar para o 19\u00ba Batalh\u00e3o, que de acordo com as informa\u00e7\u00f5es obtidas, \u00e9 um bloco reservado \u00e0s autoridades, dentro do complexo penitenci\u00e1rio da Papuda. De acordo com o advogado, Iuri Cavalcante, n\u00e3o houve comunica\u00e7\u00e3o pr\u00e9via sobre a mudan\u00e7a.<br>Segundo a apura\u00e7\u00e3o, uma das advogadas do coronel estaria em visita, na tarde dessa sexta-feira (1), quando um policial teria se dirigido \u00e0 sala da audi\u00eancia para informar a transfer\u00eancia do investigado. A banca de advogados tentou acompanhar a mudan\u00e7a, mas n\u00e3o obteve autoriza\u00e7\u00e3o.<br>Ao passo em que Naime seguiu para a deten\u00e7\u00e3o na Papuda, os demais militares investigados por a\u00e7\u00f5es e omiss\u00f5es: coronel Paulo Jos\u00e9, coronel Klepter Rosa, coronel F\u00e1bio Augusto estariam designados a seguir para o 3\u00ba Batalh\u00e3o de Pol\u00edcia Militar, o 10\u00ba Batalh\u00e3o de Pol\u00edcia Militar, Choque e Regimento de Pol\u00edcia Montada.<br>As mudan\u00e7as dos demais envolvidos para unidades diferentes atendariam \u00e0 solicita\u00e7\u00e3o do STF para evitar comunica\u00e7\u00e3o entre os investigados. J\u00e1 a transfer\u00eancia de Naime atenderia ao comando da Academia de Pol\u00edcia, que alega inadequa\u00e7\u00e3o da estrutura para manter a cust\u00f3dia do coronel.<\/figcaption><\/figure>\n","protected":false},"excerpt":{"rendered":"","protected":false},"author":1,"featured_media":0,"comment_status":"open","ping_status":"open","sticky":false,"template":"","format":"standard","meta":{"site-sidebar-layout":"default","site-content-layout":"","ast-site-content-layout":"default","site-content-style":"default","site-sidebar-style":"default","ast-global-header-display":"","ast-banner-title-visibility":"","ast-main-header-display":"","ast-hfb-above-header-display":"","ast-hfb-below-header-display":"","ast-hfb-mobile-header-display":"","site-post-title":"","ast-breadcrumbs-content":"","ast-featured-img":"","footer-sml-layout":"","ast-disable-related-posts":"","theme-transparent-header-meta":"","adv-header-id-meta":"","stick-header-meta":"","header-above-stick-meta":"","header-main-stick-meta":"","header-below-stick-meta":"","astra-migrate-meta-layouts":"default","ast-page-background-enabled":"default","ast-page-background-meta":{"desktop":{"background-color":"var(--ast-global-color-4)","background-image":"","background-repeat":"repeat","background-position":"center center","background-size":"auto","background-attachment":"scroll","background-type":"","background-media":"","overlay-type":"","overlay-color":"","overlay-opacity":"","overlay-gradient":""},"tablet":{"background-color":"","background-image":"","background-repeat":"repeat","background-position":"center center","background-size":"auto","background-attachment":"scroll","background-type":"","background-media":"","overlay-type":"","overlay-color":"","overlay-opacity":"","overlay-gradient":""},"mobile":{"background-color":"","background-image":"","background-repeat":"repeat","background-position":"center center","background-size":"auto","background-attachment":"scroll","background-type":"","background-media":"","overlay-type":"","overlay-color":"","overlay-opacity":"","overlay-gradient":""}},"ast-content-background-meta":{"desktop":{"background-color":"var(--ast-global-color-5)","background-image":"","background-repeat":"repeat","background-position":"center center","background-size":"auto","background-attachment":"scroll","background-type":"","background-media":"","overlay-type":"","overlay-color":"","overlay-opacity":"","overlay-gradient":""},"tablet":{"background-color":"var(--ast-global-color-5)","background-image":"","background-repeat":"repeat","background-position":"center center","background-size":"auto","background-attachment":"scroll","background-type":"","background-media":"","overlay-type":"","overlay-color":"","overlay-opacity":"","overlay-gradient":""},"mobile":{"background-color":"var(--ast-global-color-5)","background-image":"","background-repeat":"repeat","background-position":"center center","background-size":"auto","background-attachment":"scroll","background-type":"","background-media":"","overlay-type":"","overlay-color":"","overlay-opacity":"","overlay-gradient":""}},"footnotes":""},"categories":[517],"tags":[],"class_list":["post-18520","post","type-post","status-publish","format-standard","hentry","category-aconteceu"],"_links":{"self":[{"href":"https:\/\/noticiasnoface.com.br\/index.php\/wp-json\/wp\/v2\/posts\/18520","targetHints":{"allow":["GET"]}}],"collection":[{"href":"https:\/\/noticiasnoface.com.br\/index.php\/wp-json\/wp\/v2\/posts"}],"about":[{"href":"https:\/\/noticiasnoface.com.br\/index.php\/wp-json\/wp\/v2\/types\/post"}],"author":[{"embeddable":true,"href":"https:\/\/noticiasnoface.com.br\/index.php\/wp-json\/wp\/v2\/users\/1"}],"replies":[{"embeddable":true,"href":"https:\/\/noticiasnoface.com.br\/index.php\/wp-json\/wp\/v2\/comments?post=18520"}],"version-history":[{"count":1,"href":"https:\/\/noticiasnoface.com.br\/index.php\/wp-json\/wp\/v2\/posts\/18520\/revisions"}],"predecessor-version":[{"id":18521,"href":"https:\/\/noticiasnoface.com.br\/index.php\/wp-json\/wp\/v2\/posts\/18520\/revisions\/18521"}],"wp:attachment":[{"href":"https:\/\/noticiasnoface.com.br\/index.php\/wp-json\/wp\/v2\/media?parent=18520"}],"wp:term":[{"taxonomy":"category","embeddable":true,"href":"https:\/\/noticiasnoface.com.br\/index.php\/wp-json\/wp\/v2\/categories?post=18520"},{"taxonomy":"post_tag","embeddable":true,"href":"https:\/\/noticiasnoface.com.br\/index.php\/wp-json\/wp\/v2\/tags?post=18520"}],"curies":[{"name":"wp","href":"https:\/\/api.w.org\/{rel}","templated":true}]}}