{"id":18525,"date":"2023-09-03T22:11:41","date_gmt":"2023-09-04T01:11:41","guid":{"rendered":"https:\/\/noticiasnoface.com.br\/?p=18525"},"modified":"2023-09-03T22:11:41","modified_gmt":"2023-09-04T01:11:41","slug":"audiencia-discute-crescimento-da-violencia-contra-agentes-de-seguranca","status":"publish","type":"post","link":"https:\/\/noticiasnoface.com.br\/index.php\/2023\/09\/03\/audiencia-discute-crescimento-da-violencia-contra-agentes-de-seguranca\/","title":{"rendered":"Audi\u00eancia discute crescimento da viol\u00eancia contra agentes de seguran\u00e7a"},"content":{"rendered":"\n<figure class=\"wp-block-image size-large\"><img data-opt-id=967378016  fetchpriority=\"high\" decoding=\"async\" width=\"1024\" height=\"690\" src=\"https:\/\/mlbfrsat7ahr.i.optimole.com\/w:1024\/h:690\/q:mauto\/ig:avif\/https:\/\/noticiasnoface.com.br\/wp-content\/uploads\/2023\/09\/img_0792.jpg\" class=\"wp-image-18524\" srcset=\"https:\/\/mlbfrsat7ahr.i.optimole.com\/w:1024\/h:690\/q:mauto\/ig:avif\/https:\/\/noticiasnoface.com.br\/wp-content\/uploads\/2023\/09\/img_0792.jpg 1024w, https:\/\/mlbfrsat7ahr.i.optimole.com\/w:300\/h:202\/q:mauto\/ig:avif\/https:\/\/noticiasnoface.com.br\/wp-content\/uploads\/2023\/09\/img_0792.jpg 300w, https:\/\/mlbfrsat7ahr.i.optimole.com\/w:768\/h:517\/q:mauto\/ig:avif\/https:\/\/noticiasnoface.com.br\/wp-content\/uploads\/2023\/09\/img_0792.jpg 768w, https:\/\/mlbfrsat7ahr.i.optimole.com\/w:1280\/h:862\/q:mauto\/ig:avif\/https:\/\/noticiasnoface.com.br\/wp-content\/uploads\/2023\/09\/img_0792.jpg 1280w\" sizes=\"(max-width: 1000px) 100vw, 1000px\" \/><figcaption class=\"wp-element-caption\">A C\u00e2mara Municipal de Natal realizou nesta sexta-feira (1) uma audi\u00eancia p\u00fablica para discutir a viol\u00eancia contra os agentes de seguran\u00e7a p\u00fablica do estado. Proposto pela vereadora Camila Ara\u00fajo (Uni\u00e3o Brasil), o encontro reuniu entidades representativas de diferentes categorias da \u00e1rea que apontaram as dificuldades que enfrentam na execu\u00e7\u00e3o das fun\u00e7\u00f5es.<br>&#8220;Realizamos essa audi\u00eancia para discutir poss\u00edveis causas e solu\u00e7\u00f5es para esse problema, que n\u00e3o \u00e9 de hoje. As estat\u00edsticas s\u00e3o crescentes no nosso estado, especialmente na regi\u00e3o metropolitana. Somente neste ano foram quatro policiais militares mortos na zona Oeste de Natal&#8221;, disse a vereadora.<br>De acordo com o Tenente coronel Eudes Val\u00e9rio, comandante do 9\u00b0 batalh\u00e3o da Pol\u00edcia Militar, na regi\u00e3o Oeste de Natal s\u00e3o apreendidas cerca de 150 armas por ano e efetivadas mais de 400 pris\u00f5es. Para ele, o fato das pris\u00f5es serem facilmente convertidas em liberdade pela justi\u00e7a tamb\u00e9m agrava a viol\u00eancia contra os policiais. &#8220;Apesar de todo o trabalho que temos na \u00e1rea, com as pris\u00f5es em flagrante, sabemos que muitas vezes eles retornam \u00e0s ruas. O que precisamos \u00e9 chamar a aten\u00e7\u00e3o para que as leis sejam cumpridas e que se for contra os agentes de seguran\u00e7a, a execu\u00e7\u00e3o penal seja de fato conclu\u00edda&#8221;, destacou o militar.<br>Dentro do sistema prisional os agentes tamb\u00e9m reclamam. &#8220;Os agentes penais tamb\u00e9m s\u00e3o pessoas arriscando suas vidas em um ambiente de periculosidade. Estamos perdendo nossa autonomia por decis\u00f5es que n\u00e3o v\u00eaem nosso trabalho de uma forma t\u00e9cnica e que s\u00f3 fortalecem a criminalidade que mant\u00e9m ref\u00e9m a popula\u00e7\u00e3o carcer\u00e1ria e amea\u00e7a os profissionais que est\u00e3o na linha de frente&#8221;, pontuou a presidente do Sindicato dos Policiais Penais do estado, Vilma Batista.<br>Da audi\u00eancia, participaram ainda entidades como as associa\u00e7\u00f5es de Cabos e Soldados da Pol\u00edcia Militar, de Subtenentes e Sargentos Policiais e Bombeiros do RN e de Pra\u00e7as de Mossor\u00f3. Foram levantadas outras quest\u00f5es, como casos de suic\u00eddio entre os agentes de seguran\u00e7a e transtornos psicol\u00f3gicos que adquirem no exerc\u00edcio da fun\u00e7\u00e3o.<br>Para a presidente do Sindicato dos Policiais Civis (Simpol\/RN), Edilza Faustino, a sociedade precisa reconhecer que esses servidores tamb\u00e9m s\u00e3o cidad\u00e3os. &#8220;S\u00e3o pessoas que tamb\u00e9m t\u00eam fam\u00edlias e vida e que se dedicam a proteger e cuidar da seguran\u00e7a da popula\u00e7\u00e3o. A sociedade precisa entender que o policial n\u00e3o \u00e9 inimigo, mas aquele que d\u00e1 seu corpo como escudo para que a paz social aconte\u00e7a&#8221;, pontuou.<br>Texto: Cl\u00e1udio Oliveira<br>Fotos: Francisco de Assis<\/figcaption><\/figure>\n","protected":false},"excerpt":{"rendered":"","protected":false},"author":1,"featured_media":0,"comment_status":"open","ping_status":"open","sticky":false,"template":"","format":"standard","meta":{"site-sidebar-layout":"default","site-content-layout":"","ast-site-content-layout":"default","site-content-style":"default","site-sidebar-style":"default","ast-global-header-display":"","ast-banner-title-visibility":"","ast-main-header-display":"","ast-hfb-above-header-display":"","ast-hfb-below-header-display":"","ast-hfb-mobile-header-display":"","site-post-title":"","ast-breadcrumbs-content":"","ast-featured-img":"","footer-sml-layout":"","ast-disable-related-posts":"","theme-transparent-header-meta":"","adv-header-id-meta":"","stick-header-meta":"","header-above-stick-meta":"","header-main-stick-meta":"","header-below-stick-meta":"","astra-migrate-meta-layouts":"default","ast-page-background-enabled":"default","ast-page-background-meta":{"desktop":{"background-color":"var(--ast-global-color-4)","background-image":"","background-repeat":"repeat","background-position":"center center","background-size":"auto","background-attachment":"scroll","background-type":"","background-media":"","overlay-type":"","overlay-color":"","overlay-opacity":"","overlay-gradient":""},"tablet":{"background-color":"","background-image":"","background-repeat":"repeat","background-position":"center center","background-size":"auto","background-attachment":"scroll","background-type":"","background-media":"","overlay-type":"","overlay-color":"","overlay-opacity":"","overlay-gradient":""},"mobile":{"background-color":"","background-image":"","background-repeat":"repeat","background-position":"center center","background-size":"auto","background-attachment":"scroll","background-type":"","background-media":"","overlay-type":"","overlay-color":"","overlay-opacity":"","overlay-gradient":""}},"ast-content-background-meta":{"desktop":{"background-color":"var(--ast-global-color-5)","background-image":"","background-repeat":"repeat","background-position":"center center","background-size":"auto","background-attachment":"scroll","background-type":"","background-media":"","overlay-type":"","overlay-color":"","overlay-opacity":"","overlay-gradient":""},"tablet":{"background-color":"var(--ast-global-color-5)","background-image":"","background-repeat":"repeat","background-position":"center center","background-size":"auto","background-attachment":"scroll","background-type":"","background-media":"","overlay-type":"","overlay-color":"","overlay-opacity":"","overlay-gradient":""},"mobile":{"background-color":"var(--ast-global-color-5)","background-image":"","background-repeat":"repeat","background-position":"center center","background-size":"auto","background-attachment":"scroll","background-type":"","background-media":"","overlay-type":"","overlay-color":"","overlay-opacity":"","overlay-gradient":""}},"footnotes":""},"categories":[517],"tags":[],"class_list":["post-18525","post","type-post","status-publish","format-standard","hentry","category-aconteceu"],"_links":{"self":[{"href":"https:\/\/noticiasnoface.com.br\/index.php\/wp-json\/wp\/v2\/posts\/18525","targetHints":{"allow":["GET"]}}],"collection":[{"href":"https:\/\/noticiasnoface.com.br\/index.php\/wp-json\/wp\/v2\/posts"}],"about":[{"href":"https:\/\/noticiasnoface.com.br\/index.php\/wp-json\/wp\/v2\/types\/post"}],"author":[{"embeddable":true,"href":"https:\/\/noticiasnoface.com.br\/index.php\/wp-json\/wp\/v2\/users\/1"}],"replies":[{"embeddable":true,"href":"https:\/\/noticiasnoface.com.br\/index.php\/wp-json\/wp\/v2\/comments?post=18525"}],"version-history":[{"count":1,"href":"https:\/\/noticiasnoface.com.br\/index.php\/wp-json\/wp\/v2\/posts\/18525\/revisions"}],"predecessor-version":[{"id":18526,"href":"https:\/\/noticiasnoface.com.br\/index.php\/wp-json\/wp\/v2\/posts\/18525\/revisions\/18526"}],"wp:attachment":[{"href":"https:\/\/noticiasnoface.com.br\/index.php\/wp-json\/wp\/v2\/media?parent=18525"}],"wp:term":[{"taxonomy":"category","embeddable":true,"href":"https:\/\/noticiasnoface.com.br\/index.php\/wp-json\/wp\/v2\/categories?post=18525"},{"taxonomy":"post_tag","embeddable":true,"href":"https:\/\/noticiasnoface.com.br\/index.php\/wp-json\/wp\/v2\/tags?post=18525"}],"curies":[{"name":"wp","href":"https:\/\/api.w.org\/{rel}","templated":true}]}}