{"id":18528,"date":"2023-09-03T22:16:31","date_gmt":"2023-09-04T01:16:31","guid":{"rendered":"https:\/\/noticiasnoface.com.br\/?p=18528"},"modified":"2023-09-03T22:16:31","modified_gmt":"2023-09-04T01:16:31","slug":"natal-ganhara-nova-fm-radio-el-dourado-vem-ai","status":"publish","type":"post","link":"https:\/\/noticiasnoface.com.br\/index.php\/2023\/09\/03\/natal-ganhara-nova-fm-radio-el-dourado-vem-ai\/","title":{"rendered":"Natal ganhar\u00e1 nova FM, R\u00e1dio El Dourado vem a\u00ed"},"content":{"rendered":"\n<figure class=\"wp-block-image size-large\"><img data-opt-id=674510646  fetchpriority=\"high\" decoding=\"async\" width=\"1024\" height=\"826\" src=\"https:\/\/mlbfrsat7ahr.i.optimole.com\/w:1024\/h:826\/q:mauto\/ig:avif\/https:\/\/noticiasnoface.com.br\/wp-content\/uploads\/2023\/09\/img_0795.jpg\" class=\"wp-image-18527\" srcset=\"https:\/\/mlbfrsat7ahr.i.optimole.com\/w:1024\/h:826\/q:mauto\/ig:avif\/https:\/\/noticiasnoface.com.br\/wp-content\/uploads\/2023\/09\/img_0795.jpg 1024w, https:\/\/mlbfrsat7ahr.i.optimole.com\/w:300\/h:242\/q:mauto\/ig:avif\/https:\/\/noticiasnoface.com.br\/wp-content\/uploads\/2023\/09\/img_0795.jpg 300w, https:\/\/mlbfrsat7ahr.i.optimole.com\/w:768\/h:619\/q:mauto\/ig:avif\/https:\/\/noticiasnoface.com.br\/wp-content\/uploads\/2023\/09\/img_0795.jpg 768w, https:\/\/mlbfrsat7ahr.i.optimole.com\/w:1080\/h:871\/q:mauto\/ig:avif\/https:\/\/noticiasnoface.com.br\/wp-content\/uploads\/2023\/09\/img_0795.jpg 1080w\" sizes=\"(max-width: 1000px) 100vw, 1000px\" \/><figcaption class=\"wp-element-caption\">Em breve, Natal ter\u00e1 mais uma FM. A conquista \u00e9 dos jornalistas Amaury J\u00fanior e Herberth de Souza que tiveram a concess\u00e3o da nova r\u00e1dio publicada na \u00faltima sexta (1) no Di\u00e1rio Oficial da Uni\u00e3o. No estilo de r\u00e1dio hits populares, a nova FM ser\u00e1 filiada a uma rede nacional. Amaury J\u00fanior, um dos s\u00f3cios, disse ao blog que est\u00e1 em negocia\u00e7\u00e3o com tr\u00eas redes e dever\u00e1 anunciar oficialmente a escolhida at\u00e9 o final deste m\u00eas.<br>\u201cFinalmente foi publicado no Di\u00e1rio Oficial da Uni\u00e3o o Termo Aditivo de Outorga de AM para FM da concess\u00e3o da minha primeira r\u00e1dio. Agora sim, a R\u00c1DIO ELDORADO DE NATAL LTDA \u00e9 uma realidade. Se Deus quiser estaremos no ar at\u00e9 o final de novembro na frequ\u00eancia 106,3fm. Aos amigos mais pr\u00f3ximos que acompanharam e torceram, minha gratid\u00e3o. Um novo tempo vem a\u00ed. Toda honra e toda gl\u00f3ria \u00e0 Deus! Grandes coisas est\u00e3o por vir\u201d, disse Amaury J\u00fanior.<br>NOTA DO BLOG: Conhecendo o empres\u00e1rio Amaury J\u00fanior, CEO da Idearte Produ\u00e7\u00f5es, da Livraria Nobel, do Natal Comedy Club e de outras cocitas mais, j\u00e1 temos a certeza de que ser\u00e1 sucesso como tudo que ele faz. Ganha n\u00e3o s\u00f3 Natal, mas, principalmente, o mercado da comunica\u00e7\u00e3o no RN. De nossa parte, a torcida \u00e9 grande.<\/figcaption><\/figure>\n","protected":false},"excerpt":{"rendered":"","protected":false},"author":1,"featured_media":0,"comment_status":"open","ping_status":"open","sticky":false,"template":"","format":"standard","meta":{"site-sidebar-layout":"default","site-content-layout":"","ast-site-content-layout":"default","site-content-style":"default","site-sidebar-style":"default","ast-global-header-display":"","ast-banner-title-visibility":"","ast-main-header-display":"","ast-hfb-above-header-display":"","ast-hfb-below-header-display":"","ast-hfb-mobile-header-display":"","site-post-title":"","ast-breadcrumbs-content":"","ast-featured-img":"","footer-sml-layout":"","ast-disable-related-posts":"","theme-transparent-header-meta":"","adv-header-id-meta":"","stick-header-meta":"","header-above-stick-meta":"","header-main-stick-meta":"","header-below-stick-meta":"","astra-migrate-meta-layouts":"default","ast-page-background-enabled":"default","ast-page-background-meta":{"desktop":{"background-color":"var(--ast-global-color-4)","background-image":"","background-repeat":"repeat","background-position":"center center","background-size":"auto","background-attachment":"scroll","background-type":"","background-media":"","overlay-type":"","overlay-color":"","overlay-opacity":"","overlay-gradient":""},"tablet":{"background-color":"","background-image":"","background-repeat":"repeat","background-position":"center center","background-size":"auto","background-attachment":"scroll","background-type":"","background-media":"","overlay-type":"","overlay-color":"","overlay-opacity":"","overlay-gradient":""},"mobile":{"background-color":"","background-image":"","background-repeat":"repeat","background-position":"center center","background-size":"auto","background-attachment":"scroll","background-type":"","background-media":"","overlay-type":"","overlay-color":"","overlay-opacity":"","overlay-gradient":""}},"ast-content-background-meta":{"desktop":{"background-color":"var(--ast-global-color-5)","background-image":"","background-repeat":"repeat","background-position":"center center","background-size":"auto","background-attachment":"scroll","background-type":"","background-media":"","overlay-type":"","overlay-color":"","overlay-opacity":"","overlay-gradient":""},"tablet":{"background-color":"var(--ast-global-color-5)","background-image":"","background-repeat":"repeat","background-position":"center center","background-size":"auto","background-attachment":"scroll","background-type":"","background-media":"","overlay-type":"","overlay-color":"","overlay-opacity":"","overlay-gradient":""},"mobile":{"background-color":"var(--ast-global-color-5)","background-image":"","background-repeat":"repeat","background-position":"center center","background-size":"auto","background-attachment":"scroll","background-type":"","background-media":"","overlay-type":"","overlay-color":"","overlay-opacity":"","overlay-gradient":""}},"footnotes":""},"categories":[517],"tags":[],"class_list":["post-18528","post","type-post","status-publish","format-standard","hentry","category-aconteceu"],"_links":{"self":[{"href":"https:\/\/noticiasnoface.com.br\/index.php\/wp-json\/wp\/v2\/posts\/18528","targetHints":{"allow":["GET"]}}],"collection":[{"href":"https:\/\/noticiasnoface.com.br\/index.php\/wp-json\/wp\/v2\/posts"}],"about":[{"href":"https:\/\/noticiasnoface.com.br\/index.php\/wp-json\/wp\/v2\/types\/post"}],"author":[{"embeddable":true,"href":"https:\/\/noticiasnoface.com.br\/index.php\/wp-json\/wp\/v2\/users\/1"}],"replies":[{"embeddable":true,"href":"https:\/\/noticiasnoface.com.br\/index.php\/wp-json\/wp\/v2\/comments?post=18528"}],"version-history":[{"count":1,"href":"https:\/\/noticiasnoface.com.br\/index.php\/wp-json\/wp\/v2\/posts\/18528\/revisions"}],"predecessor-version":[{"id":18529,"href":"https:\/\/noticiasnoface.com.br\/index.php\/wp-json\/wp\/v2\/posts\/18528\/revisions\/18529"}],"wp:attachment":[{"href":"https:\/\/noticiasnoface.com.br\/index.php\/wp-json\/wp\/v2\/media?parent=18528"}],"wp:term":[{"taxonomy":"category","embeddable":true,"href":"https:\/\/noticiasnoface.com.br\/index.php\/wp-json\/wp\/v2\/categories?post=18528"},{"taxonomy":"post_tag","embeddable":true,"href":"https:\/\/noticiasnoface.com.br\/index.php\/wp-json\/wp\/v2\/tags?post=18528"}],"curies":[{"name":"wp","href":"https:\/\/api.w.org\/{rel}","templated":true}]}}